{"id":992,"date":"2012-09-21T18:03:00","date_gmt":"2012-09-21T18:03:00","guid":{"rendered":"http:\/\/www.faq-arquitectura.com\/index.php\/2012\/09\/21\/casa-miranda-septiembre-2012\/"},"modified":"2016-09-21T17:47:25","modified_gmt":"2016-09-21T17:47:25","slug":"casa-miranda-septiembre-2012","status":"publish","type":"post","link":"https:\/\/www.faq-arquitectura.com\/index.php\/2012\/09\/21\/casa-miranda-septiembre-2012\/","title":{"rendered":"Casa Miranda. Septiembre 2012."},"content":{"rendered":"<p>Casa Miranda. El volumen est\u00e1 casi terminado.<\/p>\n<div>\nArquitecto: V\u00edctor Garc\u00eda Trejo.<\/div>\n<div>\nArquitecto T\u00e9cnico: Enrique Lacave Villadiego.<\/div>\n<div class=\"separator\" style=\"clear: both; text-align: center;\">\n<a href=\"http:\/\/4.bp.blogspot.com\/-lLzabD7uY9M\/UFyrtxuPuUI\/AAAAAAAADcM\/6sAJJVaaBvU\/s1600\/CASA+MIRANDA+OBRA4.JPG\" imageanchor=\"1\" style=\"margin-left: 1em; margin-right: 1em;\"><img loading=\"lazy\" decoding=\"async\" border=\"0\" height=\"297\" src=\"https:\/\/www.faq-arquitectura.com\/wp-content\/uploads\/2012\/09\/CASA-MIRANDA-OBRA4.jpg\" width=\"400\" \/><\/a><\/div>\n<div style=\"text-align: center;\">\n<\/p>\n<div class=\"separator\" style=\"background-color: white; clear: both; color: #444444; font-family: Arial, Tahoma, Helvetica, FreeSans, sans-serif; font-size: 13px; line-height: 18px; text-align: justify;\">\nEnlaces relacionados:<\/div>\n<div class=\"separator\" style=\"background-color: white; clear: both; color: #444444; line-height: 18px; text-align: justify;\">\n<a href=\"https:\/\/www.faq-arquitectura.com\/index.php\/2012\/08\/17\/casa-miranda-avance-de-obra-agosto-2012\/\" style=\"line-height: normal; text-align: -webkit-auto;\">FAQ arquitectura: Casa Miranda. Avance de obra. Agosto 2012.<\/a>\n<\/div>\n<div class=\"separator\" style=\"background-color: white; clear: both; color: #444444; font-family: Arial, Tahoma, Helvetica, FreeSans, sans-serif; font-size: 13px; line-height: 18px; text-align: justify;\">\n<a href=\"http:\/\/www.faq-arquitectura.blogspot.com\/2011\/06\/casa-miranda-vivienda-unifamiliar-en.html#links\" style=\"color: #4d469c; text-align: left; text-decoration: none;\">FAQ arquitectura: Casa Miranda. Proyecto de Vivienda Unifamiliar en Alcal\u00e1 de Guada\u00edra. Sevilla.<\/a><\/div>\n<\/div>\n<div>\n<\/div>\n","protected":false},"excerpt":{"rendered":"<p>Casa Miranda. El volumen est\u00e1 casi terminado. Arquitecto: V\u00edctor Garc\u00eda Trejo. Arquitecto T\u00e9cnico: Enrique Lacave Villadiego. Enlaces relacionados: FAQ arquitectura: Casa Miranda. Avance de obra. Agosto 2012. FAQ arquitectura: Casa Miranda. Proyecto de Vivienda Unifamiliar en Alcal\u00e1 de Guada\u00edra. Sevilla.<\/p>\n","protected":false},"author":1,"featured_media":1401,"comment_status":"closed","ping_status":"closed","sticky":false,"template":"","format":"standard","meta":{"footnotes":""},"categories":[1],"tags":[6,9,10,12],"class_list":["post-992","post","type-post","status-publish","format-standard","has-post-thumbnail","hentry","category-sin-categoria","tag-arquitecto","tag-obra","tag-proyecto","tag-vivienda"],"yoast_head":"<!-- This site is optimized with the Yoast SEO plugin v23.5 - https:\/\/yoast.com\/wordpress\/plugins\/seo\/ -->\n<title>Casa Miranda. Septiembre 2012. - FAQ arquitectura<\/title>\n<meta name=\"robots\" content=\"index, follow, max-snippet:-1, max-image-preview:large, max-video-preview:-1\" \/>\n<link rel=\"canonical\" href=\"https:\/\/www.faq-arquitectura.com\/index.php\/2012\/09\/21\/casa-miranda-septiembre-2012\/\" \/>\n<meta property=\"og:locale\" content=\"es_ES\" \/>\n<meta property=\"og:type\" content=\"article\" \/>\n<meta property=\"og:title\" content=\"Casa Miranda. Septiembre 2012. - FAQ arquitectura\" \/>\n<meta property=\"og:description\" content=\"Casa Miranda. El volumen est\u00e1 casi terminado. Arquitecto: V\u00edctor Garc\u00eda Trejo. Arquitecto T\u00e9cnico: Enrique Lacave Villadiego. Enlaces relacionados: FAQ arquitectura: Casa Miranda. Avance de obra. Agosto 2012. FAQ arquitectura: Casa Miranda. Proyecto de Vivienda Unifamiliar en Alcal\u00e1 de Guada\u00edra. Sevilla.\" \/>\n<meta property=\"og:url\" content=\"https:\/\/www.faq-arquitectura.com\/index.php\/2012\/09\/21\/casa-miranda-septiembre-2012\/\" \/>\n<meta property=\"og:site_name\" content=\"FAQ arquitectura\" \/>\n<meta property=\"article:publisher\" content=\"https:\/\/www.facebook.com\/FAQarquitectura\/\" \/>\n<meta property=\"article:published_time\" content=\"2012-09-21T18:03:00+00:00\" \/>\n<meta property=\"article:modified_time\" content=\"2016-09-21T17:47:25+00:00\" \/>\n<meta property=\"og:image\" content=\"https:\/\/www.faq-arquitectura.com\/wp-content\/uploads\/2012\/09\/CASA-MIRANDA-OBRA4.jpg\" \/>\n\t<meta property=\"og:image:width\" content=\"400\" \/>\n\t<meta property=\"og:image:height\" content=\"298\" \/>\n\t<meta property=\"og:image:type\" content=\"image\/jpeg\" \/>\n<meta name=\"author\" content=\"FAQarquitectura\" \/>\n<meta name=\"twitter:card\" content=\"summary_large_image\" \/>\n<meta name=\"twitter:creator\" content=\"@FAQarquitectura\" \/>\n<meta name=\"twitter:site\" content=\"@FAQarquitectura\" \/>\n<meta name=\"twitter:label1\" content=\"Escrito por\" \/>\n\t<meta name=\"twitter:data1\" content=\"FAQarquitectura\" \/>\n<script type=\"application\/ld+json\" class=\"yoast-schema-graph\">{\"@context\":\"https:\/\/schema.org\",\"@graph\":[{\"@type\":\"Article\",\"@id\":\"https:\/\/www.faq-arquitectura.com\/index.php\/2012\/09\/21\/casa-miranda-septiembre-2012\/#article\",\"isPartOf\":{\"@id\":\"https:\/\/www.faq-arquitectura.com\/index.php\/2012\/09\/21\/casa-miranda-septiembre-2012\/\"},\"author\":{\"name\":\"FAQarquitectura\",\"@id\":\"https:\/\/www.faq-arquitectura.com\/#\/schema\/person\/cd6aa407b3379cabf347d5d886448860\"},\"headline\":\"Casa Miranda. Septiembre 2012.\",\"datePublished\":\"2012-09-21T18:03:00+00:00\",\"dateModified\":\"2016-09-21T17:47:25+00:00\",\"mainEntityOfPage\":{\"@id\":\"https:\/\/www.faq-arquitectura.com\/index.php\/2012\/09\/21\/casa-miranda-septiembre-2012\/\"},\"wordCount\":46,\"publisher\":{\"@id\":\"https:\/\/www.faq-arquitectura.com\/#organization\"},\"image\":{\"@id\":\"https:\/\/www.faq-arquitectura.com\/index.php\/2012\/09\/21\/casa-miranda-septiembre-2012\/#primaryimage\"},\"thumbnailUrl\":\"https:\/\/www.faq-arquitectura.com\/wp-content\/uploads\/2012\/09\/CASA-MIRANDA-OBRA4.jpg\",\"keywords\":[\"Arquitecto\",\"Obra\",\"Proyecto\",\"Vivienda\"],\"inLanguage\":\"es\"},{\"@type\":\"WebPage\",\"@id\":\"https:\/\/www.faq-arquitectura.com\/index.php\/2012\/09\/21\/casa-miranda-septiembre-2012\/\",\"url\":\"https:\/\/www.faq-arquitectura.com\/index.php\/2012\/09\/21\/casa-miranda-septiembre-2012\/\",\"name\":\"Casa Miranda. Septiembre 2012. - FAQ arquitectura\",\"isPartOf\":{\"@id\":\"https:\/\/www.faq-arquitectura.com\/#website\"},\"primaryImageOfPage\":{\"@id\":\"https:\/\/www.faq-arquitectura.com\/index.php\/2012\/09\/21\/casa-miranda-septiembre-2012\/#primaryimage\"},\"image\":{\"@id\":\"https:\/\/www.faq-arquitectura.com\/index.php\/2012\/09\/21\/casa-miranda-septiembre-2012\/#primaryimage\"},\"thumbnailUrl\":\"https:\/\/www.faq-arquitectura.com\/wp-content\/uploads\/2012\/09\/CASA-MIRANDA-OBRA4.jpg\",\"datePublished\":\"2012-09-21T18:03:00+00:00\",\"dateModified\":\"2016-09-21T17:47:25+00:00\",\"breadcrumb\":{\"@id\":\"https:\/\/www.faq-arquitectura.com\/index.php\/2012\/09\/21\/casa-miranda-septiembre-2012\/#breadcrumb\"},\"inLanguage\":\"es\",\"potentialAction\":[{\"@type\":\"ReadAction\",\"target\":[\"https:\/\/www.faq-arquitectura.com\/index.php\/2012\/09\/21\/casa-miranda-septiembre-2012\/\"]}]},{\"@type\":\"ImageObject\",\"inLanguage\":\"es\",\"@id\":\"https:\/\/www.faq-arquitectura.com\/index.php\/2012\/09\/21\/casa-miranda-septiembre-2012\/#primaryimage\",\"url\":\"https:\/\/www.faq-arquitectura.com\/wp-content\/uploads\/2012\/09\/CASA-MIRANDA-OBRA4.jpg\",\"contentUrl\":\"https:\/\/www.faq-arquitectura.com\/wp-content\/uploads\/2012\/09\/CASA-MIRANDA-OBRA4.jpg\",\"width\":400,\"height\":298},{\"@type\":\"BreadcrumbList\",\"@id\":\"https:\/\/www.faq-arquitectura.com\/index.php\/2012\/09\/21\/casa-miranda-septiembre-2012\/#breadcrumb\",\"itemListElement\":[{\"@type\":\"ListItem\",\"position\":1,\"name\":\"Portada\",\"item\":\"https:\/\/www.faq-arquitectura.com\/\"},{\"@type\":\"ListItem\",\"position\":2,\"name\":\"Casa Miranda. Septiembre 2012.\"}]},{\"@type\":\"WebSite\",\"@id\":\"https:\/\/www.faq-arquitectura.com\/#website\",\"url\":\"https:\/\/www.faq-arquitectura.com\/\",\"name\":\"FAQ arquitectura\",\"description\":\"Estudio de arquitectura\",\"publisher\":{\"@id\":\"https:\/\/www.faq-arquitectura.com\/#organization\"},\"potentialAction\":[{\"@type\":\"SearchAction\",\"target\":{\"@type\":\"EntryPoint\",\"urlTemplate\":\"https:\/\/www.faq-arquitectura.com\/?s={search_term_string}\"},\"query-input\":{\"@type\":\"PropertyValueSpecification\",\"valueRequired\":true,\"valueName\":\"search_term_string\"}}],\"inLanguage\":\"es\"},{\"@type\":\"Organization\",\"@id\":\"https:\/\/www.faq-arquitectura.com\/#organization\",\"name\":\"FAQ arquitectura\",\"url\":\"https:\/\/www.faq-arquitectura.com\/\",\"logo\":{\"@type\":\"ImageObject\",\"inLanguage\":\"es\",\"@id\":\"https:\/\/www.faq-arquitectura.com\/#\/schema\/logo\/image\/\",\"url\":\"http:\/\/www.faq-arquitectura.com\/wp-content\/uploads\/2017\/02\/LOGO-FAQ-2017.png\",\"contentUrl\":\"http:\/\/www.faq-arquitectura.com\/wp-content\/uploads\/2017\/02\/LOGO-FAQ-2017.png\",\"width\":875,\"height\":246,\"caption\":\"FAQ arquitectura\"},\"image\":{\"@id\":\"https:\/\/www.faq-arquitectura.com\/#\/schema\/logo\/image\/\"},\"sameAs\":[\"https:\/\/www.facebook.com\/FAQarquitectura\/\",\"https:\/\/x.com\/FAQarquitectura\",\"https:\/\/www.instagram.com\/faqarquitectura\/\",\"https:\/\/www.linkedin.com\/company\/faq-arquitectura\",\"https:\/\/es.pinterest.com\/faqarquitectura\/\"]},{\"@type\":\"Person\",\"@id\":\"https:\/\/www.faq-arquitectura.com\/#\/schema\/person\/cd6aa407b3379cabf347d5d886448860\",\"name\":\"FAQarquitectura\",\"image\":{\"@type\":\"ImageObject\",\"inLanguage\":\"es\",\"@id\":\"https:\/\/www.faq-arquitectura.com\/#\/schema\/person\/image\/\",\"url\":\"https:\/\/secure.gravatar.com\/avatar\/71517ce7f24f89166314c7a1ebcbc2c0?s=96&d=mm&r=g\",\"contentUrl\":\"https:\/\/secure.gravatar.com\/avatar\/71517ce7f24f89166314c7a1ebcbc2c0?s=96&d=mm&r=g\",\"caption\":\"FAQarquitectura\"},\"url\":\"https:\/\/www.faq-arquitectura.com\/index.php\/author\/faq2016\/\"}]}<\/script>\n<!-- \/ Yoast SEO plugin. -->","yoast_head_json":{"title":"Casa Miranda. Septiembre 2012. - FAQ arquitectura","robots":{"index":"index","follow":"follow","max-snippet":"max-snippet:-1","max-image-preview":"max-image-preview:large","max-video-preview":"max-video-preview:-1"},"canonical":"https:\/\/www.faq-arquitectura.com\/index.php\/2012\/09\/21\/casa-miranda-septiembre-2012\/","og_locale":"es_ES","og_type":"article","og_title":"Casa Miranda. Septiembre 2012. - FAQ arquitectura","og_description":"Casa Miranda. El volumen est\u00e1 casi terminado. Arquitecto: V\u00edctor Garc\u00eda Trejo. Arquitecto T\u00e9cnico: Enrique Lacave Villadiego. Enlaces relacionados: FAQ arquitectura: Casa Miranda. Avance de obra. Agosto 2012. FAQ arquitectura: Casa Miranda. Proyecto de Vivienda Unifamiliar en Alcal\u00e1 de Guada\u00edra. Sevilla.","og_url":"https:\/\/www.faq-arquitectura.com\/index.php\/2012\/09\/21\/casa-miranda-septiembre-2012\/","og_site_name":"FAQ arquitectura","article_publisher":"https:\/\/www.facebook.com\/FAQarquitectura\/","article_published_time":"2012-09-21T18:03:00+00:00","article_modified_time":"2016-09-21T17:47:25+00:00","og_image":[{"width":400,"height":298,"url":"https:\/\/www.faq-arquitectura.com\/wp-content\/uploads\/2012\/09\/CASA-MIRANDA-OBRA4.jpg","type":"image\/jpeg"}],"author":"FAQarquitectura","twitter_card":"summary_large_image","twitter_creator":"@FAQarquitectura","twitter_site":"@FAQarquitectura","twitter_misc":{"Escrito por":"FAQarquitectura"},"schema":{"@context":"https:\/\/schema.org","@graph":[{"@type":"Article","@id":"https:\/\/www.faq-arquitectura.com\/index.php\/2012\/09\/21\/casa-miranda-septiembre-2012\/#article","isPartOf":{"@id":"https:\/\/www.faq-arquitectura.com\/index.php\/2012\/09\/21\/casa-miranda-septiembre-2012\/"},"author":{"name":"FAQarquitectura","@id":"https:\/\/www.faq-arquitectura.com\/#\/schema\/person\/cd6aa407b3379cabf347d5d886448860"},"headline":"Casa Miranda. Septiembre 2012.","datePublished":"2012-09-21T18:03:00+00:00","dateModified":"2016-09-21T17:47:25+00:00","mainEntityOfPage":{"@id":"https:\/\/www.faq-arquitectura.com\/index.php\/2012\/09\/21\/casa-miranda-septiembre-2012\/"},"wordCount":46,"publisher":{"@id":"https:\/\/www.faq-arquitectura.com\/#organization"},"image":{"@id":"https:\/\/www.faq-arquitectura.com\/index.php\/2012\/09\/21\/casa-miranda-septiembre-2012\/#primaryimage"},"thumbnailUrl":"https:\/\/www.faq-arquitectura.com\/wp-content\/uploads\/2012\/09\/CASA-MIRANDA-OBRA4.jpg","keywords":["Arquitecto","Obra","Proyecto","Vivienda"],"inLanguage":"es"},{"@type":"WebPage","@id":"https:\/\/www.faq-arquitectura.com\/index.php\/2012\/09\/21\/casa-miranda-septiembre-2012\/","url":"https:\/\/www.faq-arquitectura.com\/index.php\/2012\/09\/21\/casa-miranda-septiembre-2012\/","name":"Casa Miranda. Septiembre 2012. - FAQ arquitectura","isPartOf":{"@id":"https:\/\/www.faq-arquitectura.com\/#website"},"primaryImageOfPage":{"@id":"https:\/\/www.faq-arquitectura.com\/index.php\/2012\/09\/21\/casa-miranda-septiembre-2012\/#primaryimage"},"image":{"@id":"https:\/\/www.faq-arquitectura.com\/index.php\/2012\/09\/21\/casa-miranda-septiembre-2012\/#primaryimage"},"thumbnailUrl":"https:\/\/www.faq-arquitectura.com\/wp-content\/uploads\/2012\/09\/CASA-MIRANDA-OBRA4.jpg","datePublished":"2012-09-21T18:03:00+00:00","dateModified":"2016-09-21T17:47:25+00:00","breadcrumb":{"@id":"https:\/\/www.faq-arquitectura.com\/index.php\/2012\/09\/21\/casa-miranda-septiembre-2012\/#breadcrumb"},"inLanguage":"es","potentialAction":[{"@type":"ReadAction","target":["https:\/\/www.faq-arquitectura.com\/index.php\/2012\/09\/21\/casa-miranda-septiembre-2012\/"]}]},{"@type":"ImageObject","inLanguage":"es","@id":"https:\/\/www.faq-arquitectura.com\/index.php\/2012\/09\/21\/casa-miranda-septiembre-2012\/#primaryimage","url":"https:\/\/www.faq-arquitectura.com\/wp-content\/uploads\/2012\/09\/CASA-MIRANDA-OBRA4.jpg","contentUrl":"https:\/\/www.faq-arquitectura.com\/wp-content\/uploads\/2012\/09\/CASA-MIRANDA-OBRA4.jpg","width":400,"height":298},{"@type":"BreadcrumbList","@id":"https:\/\/www.faq-arquitectura.com\/index.php\/2012\/09\/21\/casa-miranda-septiembre-2012\/#breadcrumb","itemListElement":[{"@type":"ListItem","position":1,"name":"Portada","item":"https:\/\/www.faq-arquitectura.com\/"},{"@type":"ListItem","position":2,"name":"Casa Miranda. Septiembre 2012."}]},{"@type":"WebSite","@id":"https:\/\/www.faq-arquitectura.com\/#website","url":"https:\/\/www.faq-arquitectura.com\/","name":"FAQ arquitectura","description":"Estudio de arquitectura","publisher":{"@id":"https:\/\/www.faq-arquitectura.com\/#organization"},"potentialAction":[{"@type":"SearchAction","target":{"@type":"EntryPoint","urlTemplate":"https:\/\/www.faq-arquitectura.com\/?s={search_term_string}"},"query-input":{"@type":"PropertyValueSpecification","valueRequired":true,"valueName":"search_term_string"}}],"inLanguage":"es"},{"@type":"Organization","@id":"https:\/\/www.faq-arquitectura.com\/#organization","name":"FAQ arquitectura","url":"https:\/\/www.faq-arquitectura.com\/","logo":{"@type":"ImageObject","inLanguage":"es","@id":"https:\/\/www.faq-arquitectura.com\/#\/schema\/logo\/image\/","url":"http:\/\/www.faq-arquitectura.com\/wp-content\/uploads\/2017\/02\/LOGO-FAQ-2017.png","contentUrl":"http:\/\/www.faq-arquitectura.com\/wp-content\/uploads\/2017\/02\/LOGO-FAQ-2017.png","width":875,"height":246,"caption":"FAQ arquitectura"},"image":{"@id":"https:\/\/www.faq-arquitectura.com\/#\/schema\/logo\/image\/"},"sameAs":["https:\/\/www.facebook.com\/FAQarquitectura\/","https:\/\/x.com\/FAQarquitectura","https:\/\/www.instagram.com\/faqarquitectura\/","https:\/\/www.linkedin.com\/company\/faq-arquitectura","https:\/\/es.pinterest.com\/faqarquitectura\/"]},{"@type":"Person","@id":"https:\/\/www.faq-arquitectura.com\/#\/schema\/person\/cd6aa407b3379cabf347d5d886448860","name":"FAQarquitectura","image":{"@type":"ImageObject","inLanguage":"es","@id":"https:\/\/www.faq-arquitectura.com\/#\/schema\/person\/image\/","url":"https:\/\/secure.gravatar.com\/avatar\/71517ce7f24f89166314c7a1ebcbc2c0?s=96&d=mm&r=g","contentUrl":"https:\/\/secure.gravatar.com\/avatar\/71517ce7f24f89166314c7a1ebcbc2c0?s=96&d=mm&r=g","caption":"FAQarquitectura"},"url":"https:\/\/www.faq-arquitectura.com\/index.php\/author\/faq2016\/"}]}},"_links":{"self":[{"href":"https:\/\/www.faq-arquitectura.com\/index.php\/wp-json\/wp\/v2\/posts\/992"}],"collection":[{"href":"https:\/\/www.faq-arquitectura.com\/index.php\/wp-json\/wp\/v2\/posts"}],"about":[{"href":"https:\/\/www.faq-arquitectura.com\/index.php\/wp-json\/wp\/v2\/types\/post"}],"author":[{"embeddable":true,"href":"https:\/\/www.faq-arquitectura.com\/index.php\/wp-json\/wp\/v2\/users\/1"}],"replies":[{"embeddable":true,"href":"https:\/\/www.faq-arquitectura.com\/index.php\/wp-json\/wp\/v2\/comments?post=992"}],"version-history":[{"count":2,"href":"https:\/\/www.faq-arquitectura.com\/index.php\/wp-json\/wp\/v2\/posts\/992\/revisions"}],"predecessor-version":[{"id":1639,"href":"https:\/\/www.faq-arquitectura.com\/index.php\/wp-json\/wp\/v2\/posts\/992\/revisions\/1639"}],"wp:featuredmedia":[{"embeddable":true,"href":"https:\/\/www.faq-arquitectura.com\/index.php\/wp-json\/wp\/v2\/media\/1401"}],"wp:attachment":[{"href":"https:\/\/www.faq-arquitectura.com\/index.php\/wp-json\/wp\/v2\/media?parent=992"}],"wp:term":[{"taxonomy":"category","embeddable":true,"href":"https:\/\/www.faq-arquitectura.com\/index.php\/wp-json\/wp\/v2\/categories?post=992"},{"taxonomy":"post_tag","embeddable":true,"href":"https:\/\/www.faq-arquitectura.com\/index.php\/wp-json\/wp\/v2\/tags?post=992"}],"curies":[{"name":"wp","href":"https:\/\/api.w.org\/{rel}","templated":true}]}}