{"id":973,"date":"2013-03-21T18:49:00","date_gmt":"2013-03-21T18:49:00","guid":{"rendered":"http:\/\/www.faq-arquitectura.com\/index.php\/2013\/03\/21\/reportaje-de-jesus-granada\/"},"modified":"2016-09-21T17:47:23","modified_gmt":"2016-09-21T17:47:23","slug":"reportaje-de-jesus-granada","status":"publish","type":"post","link":"https:\/\/www.faq-arquitectura.com\/index.php\/2013\/03\/21\/reportaje-de-jesus-granada\/","title":{"rendered":"Reportaje de Jes\u00fas Granada"},"content":{"rendered":"<p>Ya tenemos el reportaje de Jes\u00fas Granada de la Casa V\u00e1zquez. En breve publicaremos algunas de las fotos.<\/p>\n<div class=\"separator\" style=\"clear: both; text-align: center;\">\n<a href=\"http:\/\/www.jesusgranada.com\/\" target=\"_blank\"><img loading=\"lazy\" decoding=\"async\" border=\"0\" height=\"267\" src=\"https:\/\/www.faq-arquitectura.com\/wp-content\/uploads\/2013\/03\/JGBOX.jpg\" width=\"400\" \/><\/a><\/div>\n<div style=\"text-align: justify;\">\n<\/div>\n<div style=\"text-align: left;\">\nEnlaces relacionados:<br \/>\n<a href=\"https:\/\/www.faq-arquitectura.com\/index.php\/2013\/02\/27\/jesusgranada-en-la-casa-vazquez\/\">FAQ arquitectura: @jesusgranada en la Casa V\u00e1zquez<\/a><\/div>\n<div style=\"text-align: left;\">\n<a href=\"http:\/\/faq-arquitectura.blogspot.com.es\/2013\/01\/casa-vazquez-final-de-obra.html#links\">FAQ arquitectura: CASA VAZQUEZ. Final de Obra<\/a><\/div>\n<div style=\"text-align: center;\">\n<\/div>\n<div style=\"text-align: start;\">\n<a href=\"https:\/\/www.faq-arquitectura.com\/index.php\/2012\/11\/28\/casa-vazquez-barandillas\/\">FAQ arquitectura: CASA VAZQUEZ: Barandillas<\/a><br \/>\n<a href=\"https:\/\/www.faq-arquitectura.com\/index.php\/2012\/11\/06\/casa-vazquez-recta-fina\/\">FAQ arquitectura: CASA VAZQUEZ. Recta final.<\/a><\/div>\n<div style=\"text-align: start;\">\n<a href=\"http:\/\/faq-arquitectura.blogspot.com.es\/2012\/10\/casa-vazquez-detalles-finales.html#links\">FAQ arquitectura: CASA VAZQUEZ. Detalles finales.<\/a><\/div>\n<div style=\"text-align: start;\">\n<a href=\"https:\/\/www.faq-arquitectura.com\/index.php\/2012\/08\/13\/casa-vazquez-fachada-avance-obra-agosto\/\" style=\"background-color: white;\">FAQ arquitectura: Casa V\u00e1zquez: Fachada. Avance obra. Agosto 2012.<\/a><\/div>\n<div style=\"background-color: white; color: #444444; line-height: 18px; text-align: start;\">\n<a href=\"https:\/\/www.faq-arquitectura.com\/index.php\/2012\/07\/20\/casa-vazquez-fachada-cerrajeria-colocada\/\" style=\"text-align: -webkit-auto;\">FAQ arquitectura: Casa V\u00e1zquez: Fachada. Cerrajer\u00eda colocada.<\/a><\/div>\n<div style=\"background-color: white; color: #444444; line-height: 18px; text-align: start;\">\n<a href=\"http:\/\/www.faq-arquitectura.blogspot.com.es\/2012\/07\/casa-vazquez-fachada-finalizada.html#links\" style=\"color: #4d469c; text-decoration: initial;\">FAQ arquitectura: Casa V\u00e1zquez: Fachada finalizada.<\/a><\/div>\n<div class=\"separator\" style=\"background-color: white; clear: both; color: #444444; line-height: 18px; text-align: start;\">\n<a href=\"https:\/\/www.faq-arquitectura.com\/index.php\/2012\/06\/05\/casa-vazquez-avance-de-la-obra-junio\/\" style=\"color: #4d469c; line-height: normal; text-decoration: initial;\">FAQ arquitectura: Casa V\u00e1zquez. Avance de la obra (Junio 2012)<\/a><\/div>\n<div class=\"separator\" style=\"background-color: white; clear: both; color: #444444; line-height: 18px; text-align: start;\">\n<a href=\"http:\/\/faq-arquitectura.blogspot.com.es\/2012\/05\/casa-vazquez-avance-de-la-obra-2012.html#links\" style=\"color: #4d469c; text-decoration: initial;\">FAQ arquitectura: Casa V\u00e1zquez. Avance de la obra ( Mayo 2012)<\/a><\/div>\n<div class=\"separator\" style=\"background-color: white; clear: both; color: #444444; line-height: 18px; text-align: start;\">\n<a href=\"http:\/\/www.faq-arquitectura.blogspot.com.es\/2012\/03\/casa-vazquez-avance-de-la-obra-2012.html#links\" style=\"color: #4d469c; line-height: normal; text-decoration: initial;\">FAQ arquitectura: Casa V\u00e1zquez. Avance de la obra (2012)<\/a><\/div>\n<div class=\"separator\" style=\"background-color: white; clear: both; color: #444444; line-height: 18px; text-align: start;\">\n<a href=\"http:\/\/faq-arquitectura.blogspot.com\/2012\/02\/casa-vazquezmuestras-de-colores-de.html#links\" style=\"color: #4d469c; line-height: normal; text-decoration: initial;\">FAQ arquitectura: Casa V\u00e1zquez.Muestras de colores de ladrillo cara vista de fachada. (2012)<\/a>&nbsp;<\/div>\n<div class=\"separator\" style=\"background-color: white; clear: both; color: #444444; line-height: 18px; text-align: start;\">\n<a href=\"http:\/\/faq-arquitectura.blogspot.com\/2012\/01\/casa-vazquez-eleccion-de-colores-de.html#links\" style=\"color: #4d469c; line-height: normal; text-decoration: initial;\">FAQ arquitectura: Casa V\u00e1zquez. Elecci\u00f3n de colores de ladrillo cara vista de fachada. (2012)<\/a><\/div>\n<div class=\"separator\" style=\"background-color: white; clear: both; color: #444444; line-height: 18px; text-align: start;\">\n<a href=\"http:\/\/faq-arquitectura.blogspot.com\/2011\/11\/casa-vazquez-tercera-planta-2011.html#links\" style=\"color: #4d469c; text-decoration: initial;\">FAQ arquitectura: Casa V\u00e1zquez. Tercera Planta. (2011)<\/a><\/div>\n<div class=\"separator\" style=\"background-color: white; clear: both; color: #444444; line-height: 18px; text-align: start;\">\n<a href=\"http:\/\/faq-arquitectura.blogspot.com\/2011\/10\/casa-vazquez-segunda-planta-2010.html#links\" style=\"color: #4d469c; line-height: normal; text-decoration: initial;\">FAQ arquitectura: Casa V\u00e1zquez. Segunda Planta. (2011)<\/a><\/div>\n<div class=\"separator\" style=\"background-color: white; clear: both; color: #444444; line-height: 18px; text-align: start;\">\n<a href=\"http:\/\/faq-arquitectura.blogspot.com\/2011\/10\/casa-vazquez-primera-planta.html#links\" style=\"color: #4d469c; text-decoration: initial;\">FAQ arquitectura: Casa V\u00e1zquez. Primera planta. (2011)<\/a><\/div>\n<div class=\"separator\" style=\"background-color: white; clear: both; color: #444444; line-height: 18px; text-align: start;\">\n<a href=\"http:\/\/faq-arquitectura.blogspot.com\/2011\/09\/casa-vazquez-obra.html#links\" style=\"color: #4d469c; font-family: Arial, Helvetica, sans-serif; text-decoration: initial;\">FAQ arquitectura: Casa V\u00e1zquez. Obra<\/a>.<\/div>\n<div class=\"separator\" style=\"background-color: white; clear: both; color: #444444; line-height: 18px; text-align: start;\">\n<a href=\"https:\/\/www.faq-arquitectura.com\/index.php\/2010\/12\/21\/edificio-para-tres-viviendas-y-garaje\/\" style=\"color: #4d469c; text-decoration: initial;\">FAQ arquitectura: Edificio para tres viviendas y garaje. Sevilla. (2010)<\/a><\/div>\n<div class=\"separator\" style=\"background-color: white; clear: both; color: #444444; line-height: 18px; text-align: start;\">\n<a href=\"http:\/\/faq-arquitectura.blogspot.com\/2011\/06\/comienzo-de-los-trabajos-de-la-casa.html#links\" style=\"color: #4d469c; font-family: inherit; text-decoration: initial;\">FAQ arquitectura: Comienzo de los trabajos de la Casa V\u00e1zquez<\/a><\/div>\n","protected":false},"excerpt":{"rendered":"<p>Ya tenemos el reportaje de Jes\u00fas Granada de la Casa V\u00e1zquez. En breve publicaremos algunas de las fotos. Enlaces relacionados: FAQ arquitectura: @jesusgranada en la Casa V\u00e1zquez FAQ arquitectura: CASA VAZQUEZ. Final de Obra FAQ arquitectura: CASA VAZQUEZ: Barandillas FAQ arquitectura: CASA VAZQUEZ. Recta final. FAQ arquitectura: CASA VAZQUEZ. Detalles finales. FAQ arquitectura: Casa V\u00e1zquez: [&hellip;]<\/p>\n","protected":false},"author":1,"featured_media":1346,"comment_status":"closed","ping_status":"closed","sticky":false,"template":"","format":"standard","meta":{"footnotes":""},"categories":[1],"tags":[6,9,10,12],"class_list":["post-973","post","type-post","status-publish","format-standard","has-post-thumbnail","hentry","category-sin-categoria","tag-arquitecto","tag-obra","tag-proyecto","tag-vivienda"],"yoast_head":"<!-- This site is optimized with the Yoast SEO plugin v23.5 - https:\/\/yoast.com\/wordpress\/plugins\/seo\/ -->\n<title>Reportaje de Jes\u00fas Granada - FAQ arquitectura<\/title>\n<meta name=\"robots\" content=\"index, follow, max-snippet:-1, max-image-preview:large, max-video-preview:-1\" \/>\n<link rel=\"canonical\" href=\"https:\/\/www.faq-arquitectura.com\/index.php\/2013\/03\/21\/reportaje-de-jesus-granada\/\" \/>\n<meta property=\"og:locale\" content=\"es_ES\" \/>\n<meta property=\"og:type\" content=\"article\" \/>\n<meta property=\"og:title\" content=\"Reportaje de Jes\u00fas Granada - FAQ arquitectura\" \/>\n<meta property=\"og:description\" content=\"Ya tenemos el reportaje de Jes\u00fas Granada de la Casa V\u00e1zquez. En breve publicaremos algunas de las fotos. Enlaces relacionados: FAQ arquitectura: @jesusgranada en la Casa V\u00e1zquez FAQ arquitectura: CASA VAZQUEZ. Final de Obra FAQ arquitectura: CASA VAZQUEZ: Barandillas FAQ arquitectura: CASA VAZQUEZ. Recta final. FAQ arquitectura: CASA VAZQUEZ. Detalles finales. FAQ arquitectura: Casa V\u00e1zquez: [&hellip;]\" \/>\n<meta property=\"og:url\" content=\"https:\/\/www.faq-arquitectura.com\/index.php\/2013\/03\/21\/reportaje-de-jesus-granada\/\" \/>\n<meta property=\"og:site_name\" content=\"FAQ arquitectura\" \/>\n<meta property=\"article:publisher\" content=\"https:\/\/www.facebook.com\/FAQarquitectura\/\" \/>\n<meta property=\"article:published_time\" content=\"2013-03-21T18:49:00+00:00\" \/>\n<meta property=\"article:modified_time\" content=\"2016-09-21T17:47:23+00:00\" \/>\n<meta property=\"og:image\" content=\"https:\/\/www.faq-arquitectura.com\/wp-content\/uploads\/2013\/03\/JGBOX.jpg\" \/>\n\t<meta property=\"og:image:width\" content=\"400\" \/>\n\t<meta property=\"og:image:height\" content=\"268\" \/>\n\t<meta property=\"og:image:type\" content=\"image\/jpeg\" \/>\n<meta name=\"author\" content=\"FAQarquitectura\" \/>\n<meta name=\"twitter:card\" content=\"summary_large_image\" \/>\n<meta name=\"twitter:creator\" content=\"@FAQarquitectura\" \/>\n<meta name=\"twitter:site\" content=\"@FAQarquitectura\" \/>\n<meta name=\"twitter:label1\" content=\"Escrito por\" \/>\n\t<meta name=\"twitter:data1\" content=\"FAQarquitectura\" \/>\n\t<meta name=\"twitter:label2\" content=\"Tiempo de lectura\" \/>\n\t<meta name=\"twitter:data2\" content=\"1 minuto\" \/>\n<script type=\"application\/ld+json\" class=\"yoast-schema-graph\">{\"@context\":\"https:\/\/schema.org\",\"@graph\":[{\"@type\":\"Article\",\"@id\":\"https:\/\/www.faq-arquitectura.com\/index.php\/2013\/03\/21\/reportaje-de-jesus-granada\/#article\",\"isPartOf\":{\"@id\":\"https:\/\/www.faq-arquitectura.com\/index.php\/2013\/03\/21\/reportaje-de-jesus-granada\/\"},\"author\":{\"name\":\"FAQarquitectura\",\"@id\":\"https:\/\/www.faq-arquitectura.com\/#\/schema\/person\/cd6aa407b3379cabf347d5d886448860\"},\"headline\":\"Reportaje de Jes\u00fas Granada\",\"datePublished\":\"2013-03-21T18:49:00+00:00\",\"dateModified\":\"2016-09-21T17:47:23+00:00\",\"mainEntityOfPage\":{\"@id\":\"https:\/\/www.faq-arquitectura.com\/index.php\/2013\/03\/21\/reportaje-de-jesus-granada\/\"},\"wordCount\":190,\"publisher\":{\"@id\":\"https:\/\/www.faq-arquitectura.com\/#organization\"},\"image\":{\"@id\":\"https:\/\/www.faq-arquitectura.com\/index.php\/2013\/03\/21\/reportaje-de-jesus-granada\/#primaryimage\"},\"thumbnailUrl\":\"https:\/\/www.faq-arquitectura.com\/wp-content\/uploads\/2013\/03\/JGBOX.jpg\",\"keywords\":[\"Arquitecto\",\"Obra\",\"Proyecto\",\"Vivienda\"],\"inLanguage\":\"es\"},{\"@type\":\"WebPage\",\"@id\":\"https:\/\/www.faq-arquitectura.com\/index.php\/2013\/03\/21\/reportaje-de-jesus-granada\/\",\"url\":\"https:\/\/www.faq-arquitectura.com\/index.php\/2013\/03\/21\/reportaje-de-jesus-granada\/\",\"name\":\"Reportaje de Jes\u00fas Granada - FAQ arquitectura\",\"isPartOf\":{\"@id\":\"https:\/\/www.faq-arquitectura.com\/#website\"},\"primaryImageOfPage\":{\"@id\":\"https:\/\/www.faq-arquitectura.com\/index.php\/2013\/03\/21\/reportaje-de-jesus-granada\/#primaryimage\"},\"image\":{\"@id\":\"https:\/\/www.faq-arquitectura.com\/index.php\/2013\/03\/21\/reportaje-de-jesus-granada\/#primaryimage\"},\"thumbnailUrl\":\"https:\/\/www.faq-arquitectura.com\/wp-content\/uploads\/2013\/03\/JGBOX.jpg\",\"datePublished\":\"2013-03-21T18:49:00+00:00\",\"dateModified\":\"2016-09-21T17:47:23+00:00\",\"breadcrumb\":{\"@id\":\"https:\/\/www.faq-arquitectura.com\/index.php\/2013\/03\/21\/reportaje-de-jesus-granada\/#breadcrumb\"},\"inLanguage\":\"es\",\"potentialAction\":[{\"@type\":\"ReadAction\",\"target\":[\"https:\/\/www.faq-arquitectura.com\/index.php\/2013\/03\/21\/reportaje-de-jesus-granada\/\"]}]},{\"@type\":\"ImageObject\",\"inLanguage\":\"es\",\"@id\":\"https:\/\/www.faq-arquitectura.com\/index.php\/2013\/03\/21\/reportaje-de-jesus-granada\/#primaryimage\",\"url\":\"https:\/\/www.faq-arquitectura.com\/wp-content\/uploads\/2013\/03\/JGBOX.jpg\",\"contentUrl\":\"https:\/\/www.faq-arquitectura.com\/wp-content\/uploads\/2013\/03\/JGBOX.jpg\",\"width\":400,\"height\":268},{\"@type\":\"BreadcrumbList\",\"@id\":\"https:\/\/www.faq-arquitectura.com\/index.php\/2013\/03\/21\/reportaje-de-jesus-granada\/#breadcrumb\",\"itemListElement\":[{\"@type\":\"ListItem\",\"position\":1,\"name\":\"Portada\",\"item\":\"https:\/\/www.faq-arquitectura.com\/\"},{\"@type\":\"ListItem\",\"position\":2,\"name\":\"Reportaje de Jes\u00fas Granada\"}]},{\"@type\":\"WebSite\",\"@id\":\"https:\/\/www.faq-arquitectura.com\/#website\",\"url\":\"https:\/\/www.faq-arquitectura.com\/\",\"name\":\"FAQ arquitectura\",\"description\":\"Estudio de arquitectura\",\"publisher\":{\"@id\":\"https:\/\/www.faq-arquitectura.com\/#organization\"},\"potentialAction\":[{\"@type\":\"SearchAction\",\"target\":{\"@type\":\"EntryPoint\",\"urlTemplate\":\"https:\/\/www.faq-arquitectura.com\/?s={search_term_string}\"},\"query-input\":{\"@type\":\"PropertyValueSpecification\",\"valueRequired\":true,\"valueName\":\"search_term_string\"}}],\"inLanguage\":\"es\"},{\"@type\":\"Organization\",\"@id\":\"https:\/\/www.faq-arquitectura.com\/#organization\",\"name\":\"FAQ arquitectura\",\"url\":\"https:\/\/www.faq-arquitectura.com\/\",\"logo\":{\"@type\":\"ImageObject\",\"inLanguage\":\"es\",\"@id\":\"https:\/\/www.faq-arquitectura.com\/#\/schema\/logo\/image\/\",\"url\":\"http:\/\/www.faq-arquitectura.com\/wp-content\/uploads\/2017\/02\/LOGO-FAQ-2017.png\",\"contentUrl\":\"http:\/\/www.faq-arquitectura.com\/wp-content\/uploads\/2017\/02\/LOGO-FAQ-2017.png\",\"width\":875,\"height\":246,\"caption\":\"FAQ arquitectura\"},\"image\":{\"@id\":\"https:\/\/www.faq-arquitectura.com\/#\/schema\/logo\/image\/\"},\"sameAs\":[\"https:\/\/www.facebook.com\/FAQarquitectura\/\",\"https:\/\/x.com\/FAQarquitectura\",\"https:\/\/www.instagram.com\/faqarquitectura\/\",\"https:\/\/www.linkedin.com\/company\/faq-arquitectura\",\"https:\/\/es.pinterest.com\/faqarquitectura\/\"]},{\"@type\":\"Person\",\"@id\":\"https:\/\/www.faq-arquitectura.com\/#\/schema\/person\/cd6aa407b3379cabf347d5d886448860\",\"name\":\"FAQarquitectura\",\"image\":{\"@type\":\"ImageObject\",\"inLanguage\":\"es\",\"@id\":\"https:\/\/www.faq-arquitectura.com\/#\/schema\/person\/image\/\",\"url\":\"https:\/\/secure.gravatar.com\/avatar\/71517ce7f24f89166314c7a1ebcbc2c0?s=96&d=mm&r=g\",\"contentUrl\":\"https:\/\/secure.gravatar.com\/avatar\/71517ce7f24f89166314c7a1ebcbc2c0?s=96&d=mm&r=g\",\"caption\":\"FAQarquitectura\"},\"url\":\"https:\/\/www.faq-arquitectura.com\/index.php\/author\/faq2016\/\"}]}<\/script>\n<!-- \/ Yoast SEO plugin. -->","yoast_head_json":{"title":"Reportaje de Jes\u00fas Granada - FAQ arquitectura","robots":{"index":"index","follow":"follow","max-snippet":"max-snippet:-1","max-image-preview":"max-image-preview:large","max-video-preview":"max-video-preview:-1"},"canonical":"https:\/\/www.faq-arquitectura.com\/index.php\/2013\/03\/21\/reportaje-de-jesus-granada\/","og_locale":"es_ES","og_type":"article","og_title":"Reportaje de Jes\u00fas Granada - FAQ arquitectura","og_description":"Ya tenemos el reportaje de Jes\u00fas Granada de la Casa V\u00e1zquez. En breve publicaremos algunas de las fotos. Enlaces relacionados: FAQ arquitectura: @jesusgranada en la Casa V\u00e1zquez FAQ arquitectura: CASA VAZQUEZ. Final de Obra FAQ arquitectura: CASA VAZQUEZ: Barandillas FAQ arquitectura: CASA VAZQUEZ. Recta final. FAQ arquitectura: CASA VAZQUEZ. Detalles finales. FAQ arquitectura: Casa V\u00e1zquez: [&hellip;]","og_url":"https:\/\/www.faq-arquitectura.com\/index.php\/2013\/03\/21\/reportaje-de-jesus-granada\/","og_site_name":"FAQ arquitectura","article_publisher":"https:\/\/www.facebook.com\/FAQarquitectura\/","article_published_time":"2013-03-21T18:49:00+00:00","article_modified_time":"2016-09-21T17:47:23+00:00","og_image":[{"width":400,"height":268,"url":"https:\/\/www.faq-arquitectura.com\/wp-content\/uploads\/2013\/03\/JGBOX.jpg","type":"image\/jpeg"}],"author":"FAQarquitectura","twitter_card":"summary_large_image","twitter_creator":"@FAQarquitectura","twitter_site":"@FAQarquitectura","twitter_misc":{"Escrito por":"FAQarquitectura","Tiempo de lectura":"1 minuto"},"schema":{"@context":"https:\/\/schema.org","@graph":[{"@type":"Article","@id":"https:\/\/www.faq-arquitectura.com\/index.php\/2013\/03\/21\/reportaje-de-jesus-granada\/#article","isPartOf":{"@id":"https:\/\/www.faq-arquitectura.com\/index.php\/2013\/03\/21\/reportaje-de-jesus-granada\/"},"author":{"name":"FAQarquitectura","@id":"https:\/\/www.faq-arquitectura.com\/#\/schema\/person\/cd6aa407b3379cabf347d5d886448860"},"headline":"Reportaje de Jes\u00fas Granada","datePublished":"2013-03-21T18:49:00+00:00","dateModified":"2016-09-21T17:47:23+00:00","mainEntityOfPage":{"@id":"https:\/\/www.faq-arquitectura.com\/index.php\/2013\/03\/21\/reportaje-de-jesus-granada\/"},"wordCount":190,"publisher":{"@id":"https:\/\/www.faq-arquitectura.com\/#organization"},"image":{"@id":"https:\/\/www.faq-arquitectura.com\/index.php\/2013\/03\/21\/reportaje-de-jesus-granada\/#primaryimage"},"thumbnailUrl":"https:\/\/www.faq-arquitectura.com\/wp-content\/uploads\/2013\/03\/JGBOX.jpg","keywords":["Arquitecto","Obra","Proyecto","Vivienda"],"inLanguage":"es"},{"@type":"WebPage","@id":"https:\/\/www.faq-arquitectura.com\/index.php\/2013\/03\/21\/reportaje-de-jesus-granada\/","url":"https:\/\/www.faq-arquitectura.com\/index.php\/2013\/03\/21\/reportaje-de-jesus-granada\/","name":"Reportaje de Jes\u00fas Granada - FAQ arquitectura","isPartOf":{"@id":"https:\/\/www.faq-arquitectura.com\/#website"},"primaryImageOfPage":{"@id":"https:\/\/www.faq-arquitectura.com\/index.php\/2013\/03\/21\/reportaje-de-jesus-granada\/#primaryimage"},"image":{"@id":"https:\/\/www.faq-arquitectura.com\/index.php\/2013\/03\/21\/reportaje-de-jesus-granada\/#primaryimage"},"thumbnailUrl":"https:\/\/www.faq-arquitectura.com\/wp-content\/uploads\/2013\/03\/JGBOX.jpg","datePublished":"2013-03-21T18:49:00+00:00","dateModified":"2016-09-21T17:47:23+00:00","breadcrumb":{"@id":"https:\/\/www.faq-arquitectura.com\/index.php\/2013\/03\/21\/reportaje-de-jesus-granada\/#breadcrumb"},"inLanguage":"es","potentialAction":[{"@type":"ReadAction","target":["https:\/\/www.faq-arquitectura.com\/index.php\/2013\/03\/21\/reportaje-de-jesus-granada\/"]}]},{"@type":"ImageObject","inLanguage":"es","@id":"https:\/\/www.faq-arquitectura.com\/index.php\/2013\/03\/21\/reportaje-de-jesus-granada\/#primaryimage","url":"https:\/\/www.faq-arquitectura.com\/wp-content\/uploads\/2013\/03\/JGBOX.jpg","contentUrl":"https:\/\/www.faq-arquitectura.com\/wp-content\/uploads\/2013\/03\/JGBOX.jpg","width":400,"height":268},{"@type":"BreadcrumbList","@id":"https:\/\/www.faq-arquitectura.com\/index.php\/2013\/03\/21\/reportaje-de-jesus-granada\/#breadcrumb","itemListElement":[{"@type":"ListItem","position":1,"name":"Portada","item":"https:\/\/www.faq-arquitectura.com\/"},{"@type":"ListItem","position":2,"name":"Reportaje de Jes\u00fas Granada"}]},{"@type":"WebSite","@id":"https:\/\/www.faq-arquitectura.com\/#website","url":"https:\/\/www.faq-arquitectura.com\/","name":"FAQ arquitectura","description":"Estudio de arquitectura","publisher":{"@id":"https:\/\/www.faq-arquitectura.com\/#organization"},"potentialAction":[{"@type":"SearchAction","target":{"@type":"EntryPoint","urlTemplate":"https:\/\/www.faq-arquitectura.com\/?s={search_term_string}"},"query-input":{"@type":"PropertyValueSpecification","valueRequired":true,"valueName":"search_term_string"}}],"inLanguage":"es"},{"@type":"Organization","@id":"https:\/\/www.faq-arquitectura.com\/#organization","name":"FAQ arquitectura","url":"https:\/\/www.faq-arquitectura.com\/","logo":{"@type":"ImageObject","inLanguage":"es","@id":"https:\/\/www.faq-arquitectura.com\/#\/schema\/logo\/image\/","url":"http:\/\/www.faq-arquitectura.com\/wp-content\/uploads\/2017\/02\/LOGO-FAQ-2017.png","contentUrl":"http:\/\/www.faq-arquitectura.com\/wp-content\/uploads\/2017\/02\/LOGO-FAQ-2017.png","width":875,"height":246,"caption":"FAQ arquitectura"},"image":{"@id":"https:\/\/www.faq-arquitectura.com\/#\/schema\/logo\/image\/"},"sameAs":["https:\/\/www.facebook.com\/FAQarquitectura\/","https:\/\/x.com\/FAQarquitectura","https:\/\/www.instagram.com\/faqarquitectura\/","https:\/\/www.linkedin.com\/company\/faq-arquitectura","https:\/\/es.pinterest.com\/faqarquitectura\/"]},{"@type":"Person","@id":"https:\/\/www.faq-arquitectura.com\/#\/schema\/person\/cd6aa407b3379cabf347d5d886448860","name":"FAQarquitectura","image":{"@type":"ImageObject","inLanguage":"es","@id":"https:\/\/www.faq-arquitectura.com\/#\/schema\/person\/image\/","url":"https:\/\/secure.gravatar.com\/avatar\/71517ce7f24f89166314c7a1ebcbc2c0?s=96&d=mm&r=g","contentUrl":"https:\/\/secure.gravatar.com\/avatar\/71517ce7f24f89166314c7a1ebcbc2c0?s=96&d=mm&r=g","caption":"FAQarquitectura"},"url":"https:\/\/www.faq-arquitectura.com\/index.php\/author\/faq2016\/"}]}},"_links":{"self":[{"href":"https:\/\/www.faq-arquitectura.com\/index.php\/wp-json\/wp\/v2\/posts\/973"}],"collection":[{"href":"https:\/\/www.faq-arquitectura.com\/index.php\/wp-json\/wp\/v2\/posts"}],"about":[{"href":"https:\/\/www.faq-arquitectura.com\/index.php\/wp-json\/wp\/v2\/types\/post"}],"author":[{"embeddable":true,"href":"https:\/\/www.faq-arquitectura.com\/index.php\/wp-json\/wp\/v2\/users\/1"}],"replies":[{"embeddable":true,"href":"https:\/\/www.faq-arquitectura.com\/index.php\/wp-json\/wp\/v2\/comments?post=973"}],"version-history":[{"count":2,"href":"https:\/\/www.faq-arquitectura.com\/index.php\/wp-json\/wp\/v2\/posts\/973\/revisions"}],"predecessor-version":[{"id":1628,"href":"https:\/\/www.faq-arquitectura.com\/index.php\/wp-json\/wp\/v2\/posts\/973\/revisions\/1628"}],"wp:featuredmedia":[{"embeddable":true,"href":"https:\/\/www.faq-arquitectura.com\/index.php\/wp-json\/wp\/v2\/media\/1346"}],"wp:attachment":[{"href":"https:\/\/www.faq-arquitectura.com\/index.php\/wp-json\/wp\/v2\/media?parent=973"}],"wp:term":[{"taxonomy":"category","embeddable":true,"href":"https:\/\/www.faq-arquitectura.com\/index.php\/wp-json\/wp\/v2\/categories?post=973"},{"taxonomy":"post_tag","embeddable":true,"href":"https:\/\/www.faq-arquitectura.com\/index.php\/wp-json\/wp\/v2\/tags?post=973"}],"curies":[{"name":"wp","href":"https:\/\/api.w.org\/{rel}","templated":true}]}}