{"id":951,"date":"2014-02-21T11:59:00","date_gmt":"2014-02-21T11:59:00","guid":{"rendered":"http:\/\/www.faq-arquitectura.com\/index.php\/2014\/02\/21\/faqarquitectura-por-europa\/"},"modified":"2016-09-21T17:47:20","modified_gmt":"2016-09-21T17:47:20","slug":"faqarquitectura-por-europa","status":"publish","type":"post","link":"https:\/\/www.faq-arquitectura.com\/index.php\/2014\/02\/21\/faqarquitectura-por-europa\/","title":{"rendered":"FAQ arquitectura por Europa"},"content":{"rendered":"<p>Nuestra compa\u00f1era Ariadna Zerpa est\u00e1 de ruta por Europa supervisando las obras de las pr\u00f3ximas tiendas ZARA para la empresa gallega <a href=\"http:\/\/www.martinezotero.com\/index.php?pag=tienda-ampliada&amp;id=2\" target=\"_blank\">MARTINEZ OTERO<\/a> dentro de una nueva colaboraci\u00f3n. Este primer viaje le llevar\u00e1 por Par\u00eds (FR), W\u00fcrzburg (DE), Bremen (DE) y Venecia (IT). \u00a1Enhorabuena!<\/p>\n<div class=\"separator\" style=\"clear: both; text-align: center;\">\n<a href=\"http:\/\/www.martinezotero.com\/index.php?pag=tienda-ampliada&amp;id=2\" target=\"_blank\"><img loading=\"lazy\" decoding=\"async\" alt=\" MARTINEZ OTERO - ZARA\" border=\"0\" src=\"https:\/\/www.faq-arquitectura.com\/wp-content\/uploads\/2014\/02\/Martinez-Otero.jpg\" height=\"89\" width=\"200\" \/><\/a><\/div>\n<div class=\"separator\" style=\"clear: both; text-align: center;\">\n<a href=\"https:\/\/www.faq-arquitectura.com\/wp-content\/uploads\/2014\/02\/image-2.jpeg\" imageanchor=\"1\" style=\"margin-left: 1em; margin-right: 1em;\"><img loading=\"lazy\" decoding=\"async\" border=\"0\" src=\"https:\/\/www.faq-arquitectura.com\/wp-content\/uploads\/2014\/02\/image-2.jpeg\" height=\"400\" width=\"298\" \/><\/a><\/div>\n<div class=\"separator\" style=\"clear: both; text-align: center;\">\n<\/div>\n","protected":false},"excerpt":{"rendered":"<p>Nuestra compa\u00f1era Ariadna Zerpa est\u00e1 de ruta por Europa supervisando las obras de las pr\u00f3ximas tiendas ZARA para la empresa gallega MARTINEZ OTERO dentro de una nueva colaboraci\u00f3n. Este primer viaje le llevar\u00e1 por Par\u00eds (FR), W\u00fcrzburg (DE), Bremen (DE) y Venecia (IT). \u00a1Enhorabuena!<\/p>\n","protected":false},"author":1,"featured_media":1278,"comment_status":"closed","ping_status":"closed","sticky":false,"template":"","format":"standard","meta":{"footnotes":""},"categories":[1],"tags":[6,7],"class_list":["post-951","post","type-post","status-publish","format-standard","has-post-thumbnail","hentry","category-sin-categoria","tag-arquitecto","tag-colaboradores"],"yoast_head":"<!-- This site is optimized with the Yoast SEO plugin v23.5 - https:\/\/yoast.com\/wordpress\/plugins\/seo\/ -->\n<title>FAQ arquitectura por Europa - FAQ arquitectura<\/title>\n<meta name=\"robots\" content=\"index, follow, max-snippet:-1, max-image-preview:large, max-video-preview:-1\" \/>\n<link rel=\"canonical\" href=\"https:\/\/www.faq-arquitectura.com\/index.php\/2014\/02\/21\/faqarquitectura-por-europa\/\" \/>\n<meta property=\"og:locale\" content=\"es_ES\" \/>\n<meta property=\"og:type\" content=\"article\" \/>\n<meta property=\"og:title\" content=\"FAQ arquitectura por Europa - FAQ arquitectura\" \/>\n<meta property=\"og:description\" content=\"Nuestra compa\u00f1era Ariadna Zerpa est\u00e1 de ruta por Europa supervisando las obras de las pr\u00f3ximas tiendas ZARA para la empresa gallega MARTINEZ OTERO dentro de una nueva colaboraci\u00f3n. Este primer viaje le llevar\u00e1 por Par\u00eds (FR), W\u00fcrzburg (DE), Bremen (DE) y Venecia (IT). \u00a1Enhorabuena!\" \/>\n<meta property=\"og:url\" content=\"https:\/\/www.faq-arquitectura.com\/index.php\/2014\/02\/21\/faqarquitectura-por-europa\/\" \/>\n<meta property=\"og:site_name\" content=\"FAQ arquitectura\" \/>\n<meta property=\"article:publisher\" content=\"https:\/\/www.facebook.com\/FAQarquitectura\/\" \/>\n<meta property=\"article:published_time\" content=\"2014-02-21T11:59:00+00:00\" \/>\n<meta property=\"article:modified_time\" content=\"2016-09-21T17:47:20+00:00\" \/>\n<meta property=\"og:image\" content=\"https:\/\/www.faq-arquitectura.com\/wp-content\/uploads\/2014\/02\/Martinez-Otero.jpg\" \/>\n\t<meta property=\"og:image:width\" content=\"127\" \/>\n\t<meta property=\"og:image:height\" content=\"57\" \/>\n\t<meta property=\"og:image:type\" content=\"image\/jpeg\" \/>\n<meta name=\"author\" content=\"FAQarquitectura\" \/>\n<meta name=\"twitter:card\" content=\"summary_large_image\" \/>\n<meta name=\"twitter:creator\" content=\"@FAQarquitectura\" \/>\n<meta name=\"twitter:site\" content=\"@FAQarquitectura\" \/>\n<meta name=\"twitter:label1\" content=\"Escrito por\" \/>\n\t<meta name=\"twitter:data1\" content=\"FAQarquitectura\" \/>\n<script type=\"application\/ld+json\" class=\"yoast-schema-graph\">{\"@context\":\"https:\/\/schema.org\",\"@graph\":[{\"@type\":\"Article\",\"@id\":\"https:\/\/www.faq-arquitectura.com\/index.php\/2014\/02\/21\/faqarquitectura-por-europa\/#article\",\"isPartOf\":{\"@id\":\"https:\/\/www.faq-arquitectura.com\/index.php\/2014\/02\/21\/faqarquitectura-por-europa\/\"},\"author\":{\"name\":\"FAQarquitectura\",\"@id\":\"https:\/\/www.faq-arquitectura.com\/#\/schema\/person\/cd6aa407b3379cabf347d5d886448860\"},\"headline\":\"FAQ arquitectura por Europa\",\"datePublished\":\"2014-02-21T11:59:00+00:00\",\"dateModified\":\"2016-09-21T17:47:20+00:00\",\"mainEntityOfPage\":{\"@id\":\"https:\/\/www.faq-arquitectura.com\/index.php\/2014\/02\/21\/faqarquitectura-por-europa\/\"},\"wordCount\":53,\"publisher\":{\"@id\":\"https:\/\/www.faq-arquitectura.com\/#organization\"},\"image\":{\"@id\":\"https:\/\/www.faq-arquitectura.com\/index.php\/2014\/02\/21\/faqarquitectura-por-europa\/#primaryimage\"},\"thumbnailUrl\":\"https:\/\/www.faq-arquitectura.com\/wp-content\/uploads\/2014\/02\/Martinez-Otero.jpg\",\"keywords\":[\"Arquitecto\",\"Colaboradores\"],\"inLanguage\":\"es\"},{\"@type\":\"WebPage\",\"@id\":\"https:\/\/www.faq-arquitectura.com\/index.php\/2014\/02\/21\/faqarquitectura-por-europa\/\",\"url\":\"https:\/\/www.faq-arquitectura.com\/index.php\/2014\/02\/21\/faqarquitectura-por-europa\/\",\"name\":\"FAQ arquitectura por Europa - FAQ arquitectura\",\"isPartOf\":{\"@id\":\"https:\/\/www.faq-arquitectura.com\/#website\"},\"primaryImageOfPage\":{\"@id\":\"https:\/\/www.faq-arquitectura.com\/index.php\/2014\/02\/21\/faqarquitectura-por-europa\/#primaryimage\"},\"image\":{\"@id\":\"https:\/\/www.faq-arquitectura.com\/index.php\/2014\/02\/21\/faqarquitectura-por-europa\/#primaryimage\"},\"thumbnailUrl\":\"https:\/\/www.faq-arquitectura.com\/wp-content\/uploads\/2014\/02\/Martinez-Otero.jpg\",\"datePublished\":\"2014-02-21T11:59:00+00:00\",\"dateModified\":\"2016-09-21T17:47:20+00:00\",\"breadcrumb\":{\"@id\":\"https:\/\/www.faq-arquitectura.com\/index.php\/2014\/02\/21\/faqarquitectura-por-europa\/#breadcrumb\"},\"inLanguage\":\"es\",\"potentialAction\":[{\"@type\":\"ReadAction\",\"target\":[\"https:\/\/www.faq-arquitectura.com\/index.php\/2014\/02\/21\/faqarquitectura-por-europa\/\"]}]},{\"@type\":\"ImageObject\",\"inLanguage\":\"es\",\"@id\":\"https:\/\/www.faq-arquitectura.com\/index.php\/2014\/02\/21\/faqarquitectura-por-europa\/#primaryimage\",\"url\":\"https:\/\/www.faq-arquitectura.com\/wp-content\/uploads\/2014\/02\/Martinez-Otero.jpg\",\"contentUrl\":\"https:\/\/www.faq-arquitectura.com\/wp-content\/uploads\/2014\/02\/Martinez-Otero.jpg\",\"width\":127,\"height\":57},{\"@type\":\"BreadcrumbList\",\"@id\":\"https:\/\/www.faq-arquitectura.com\/index.php\/2014\/02\/21\/faqarquitectura-por-europa\/#breadcrumb\",\"itemListElement\":[{\"@type\":\"ListItem\",\"position\":1,\"name\":\"Portada\",\"item\":\"https:\/\/www.faq-arquitectura.com\/\"},{\"@type\":\"ListItem\",\"position\":2,\"name\":\"FAQ arquitectura por Europa\"}]},{\"@type\":\"WebSite\",\"@id\":\"https:\/\/www.faq-arquitectura.com\/#website\",\"url\":\"https:\/\/www.faq-arquitectura.com\/\",\"name\":\"FAQ arquitectura\",\"description\":\"Estudio de arquitectura\",\"publisher\":{\"@id\":\"https:\/\/www.faq-arquitectura.com\/#organization\"},\"potentialAction\":[{\"@type\":\"SearchAction\",\"target\":{\"@type\":\"EntryPoint\",\"urlTemplate\":\"https:\/\/www.faq-arquitectura.com\/?s={search_term_string}\"},\"query-input\":{\"@type\":\"PropertyValueSpecification\",\"valueRequired\":true,\"valueName\":\"search_term_string\"}}],\"inLanguage\":\"es\"},{\"@type\":\"Organization\",\"@id\":\"https:\/\/www.faq-arquitectura.com\/#organization\",\"name\":\"FAQ arquitectura\",\"url\":\"https:\/\/www.faq-arquitectura.com\/\",\"logo\":{\"@type\":\"ImageObject\",\"inLanguage\":\"es\",\"@id\":\"https:\/\/www.faq-arquitectura.com\/#\/schema\/logo\/image\/\",\"url\":\"http:\/\/www.faq-arquitectura.com\/wp-content\/uploads\/2017\/02\/LOGO-FAQ-2017.png\",\"contentUrl\":\"http:\/\/www.faq-arquitectura.com\/wp-content\/uploads\/2017\/02\/LOGO-FAQ-2017.png\",\"width\":875,\"height\":246,\"caption\":\"FAQ arquitectura\"},\"image\":{\"@id\":\"https:\/\/www.faq-arquitectura.com\/#\/schema\/logo\/image\/\"},\"sameAs\":[\"https:\/\/www.facebook.com\/FAQarquitectura\/\",\"https:\/\/x.com\/FAQarquitectura\",\"https:\/\/www.instagram.com\/faqarquitectura\/\",\"https:\/\/www.linkedin.com\/company\/faq-arquitectura\",\"https:\/\/es.pinterest.com\/faqarquitectura\/\"]},{\"@type\":\"Person\",\"@id\":\"https:\/\/www.faq-arquitectura.com\/#\/schema\/person\/cd6aa407b3379cabf347d5d886448860\",\"name\":\"FAQarquitectura\",\"image\":{\"@type\":\"ImageObject\",\"inLanguage\":\"es\",\"@id\":\"https:\/\/www.faq-arquitectura.com\/#\/schema\/person\/image\/\",\"url\":\"https:\/\/secure.gravatar.com\/avatar\/71517ce7f24f89166314c7a1ebcbc2c0?s=96&d=mm&r=g\",\"contentUrl\":\"https:\/\/secure.gravatar.com\/avatar\/71517ce7f24f89166314c7a1ebcbc2c0?s=96&d=mm&r=g\",\"caption\":\"FAQarquitectura\"},\"url\":\"https:\/\/www.faq-arquitectura.com\/index.php\/author\/faq2016\/\"}]}<\/script>\n<!-- \/ Yoast SEO plugin. -->","yoast_head_json":{"title":"FAQ arquitectura por Europa - FAQ arquitectura","robots":{"index":"index","follow":"follow","max-snippet":"max-snippet:-1","max-image-preview":"max-image-preview:large","max-video-preview":"max-video-preview:-1"},"canonical":"https:\/\/www.faq-arquitectura.com\/index.php\/2014\/02\/21\/faqarquitectura-por-europa\/","og_locale":"es_ES","og_type":"article","og_title":"FAQ arquitectura por Europa - FAQ arquitectura","og_description":"Nuestra compa\u00f1era Ariadna Zerpa est\u00e1 de ruta por Europa supervisando las obras de las pr\u00f3ximas tiendas ZARA para la empresa gallega MARTINEZ OTERO dentro de una nueva colaboraci\u00f3n. Este primer viaje le llevar\u00e1 por Par\u00eds (FR), W\u00fcrzburg (DE), Bremen (DE) y Venecia (IT). \u00a1Enhorabuena!","og_url":"https:\/\/www.faq-arquitectura.com\/index.php\/2014\/02\/21\/faqarquitectura-por-europa\/","og_site_name":"FAQ arquitectura","article_publisher":"https:\/\/www.facebook.com\/FAQarquitectura\/","article_published_time":"2014-02-21T11:59:00+00:00","article_modified_time":"2016-09-21T17:47:20+00:00","og_image":[{"width":127,"height":57,"url":"https:\/\/www.faq-arquitectura.com\/wp-content\/uploads\/2014\/02\/Martinez-Otero.jpg","type":"image\/jpeg"}],"author":"FAQarquitectura","twitter_card":"summary_large_image","twitter_creator":"@FAQarquitectura","twitter_site":"@FAQarquitectura","twitter_misc":{"Escrito por":"FAQarquitectura"},"schema":{"@context":"https:\/\/schema.org","@graph":[{"@type":"Article","@id":"https:\/\/www.faq-arquitectura.com\/index.php\/2014\/02\/21\/faqarquitectura-por-europa\/#article","isPartOf":{"@id":"https:\/\/www.faq-arquitectura.com\/index.php\/2014\/02\/21\/faqarquitectura-por-europa\/"},"author":{"name":"FAQarquitectura","@id":"https:\/\/www.faq-arquitectura.com\/#\/schema\/person\/cd6aa407b3379cabf347d5d886448860"},"headline":"FAQ arquitectura por Europa","datePublished":"2014-02-21T11:59:00+00:00","dateModified":"2016-09-21T17:47:20+00:00","mainEntityOfPage":{"@id":"https:\/\/www.faq-arquitectura.com\/index.php\/2014\/02\/21\/faqarquitectura-por-europa\/"},"wordCount":53,"publisher":{"@id":"https:\/\/www.faq-arquitectura.com\/#organization"},"image":{"@id":"https:\/\/www.faq-arquitectura.com\/index.php\/2014\/02\/21\/faqarquitectura-por-europa\/#primaryimage"},"thumbnailUrl":"https:\/\/www.faq-arquitectura.com\/wp-content\/uploads\/2014\/02\/Martinez-Otero.jpg","keywords":["Arquitecto","Colaboradores"],"inLanguage":"es"},{"@type":"WebPage","@id":"https:\/\/www.faq-arquitectura.com\/index.php\/2014\/02\/21\/faqarquitectura-por-europa\/","url":"https:\/\/www.faq-arquitectura.com\/index.php\/2014\/02\/21\/faqarquitectura-por-europa\/","name":"FAQ arquitectura por Europa - FAQ arquitectura","isPartOf":{"@id":"https:\/\/www.faq-arquitectura.com\/#website"},"primaryImageOfPage":{"@id":"https:\/\/www.faq-arquitectura.com\/index.php\/2014\/02\/21\/faqarquitectura-por-europa\/#primaryimage"},"image":{"@id":"https:\/\/www.faq-arquitectura.com\/index.php\/2014\/02\/21\/faqarquitectura-por-europa\/#primaryimage"},"thumbnailUrl":"https:\/\/www.faq-arquitectura.com\/wp-content\/uploads\/2014\/02\/Martinez-Otero.jpg","datePublished":"2014-02-21T11:59:00+00:00","dateModified":"2016-09-21T17:47:20+00:00","breadcrumb":{"@id":"https:\/\/www.faq-arquitectura.com\/index.php\/2014\/02\/21\/faqarquitectura-por-europa\/#breadcrumb"},"inLanguage":"es","potentialAction":[{"@type":"ReadAction","target":["https:\/\/www.faq-arquitectura.com\/index.php\/2014\/02\/21\/faqarquitectura-por-europa\/"]}]},{"@type":"ImageObject","inLanguage":"es","@id":"https:\/\/www.faq-arquitectura.com\/index.php\/2014\/02\/21\/faqarquitectura-por-europa\/#primaryimage","url":"https:\/\/www.faq-arquitectura.com\/wp-content\/uploads\/2014\/02\/Martinez-Otero.jpg","contentUrl":"https:\/\/www.faq-arquitectura.com\/wp-content\/uploads\/2014\/02\/Martinez-Otero.jpg","width":127,"height":57},{"@type":"BreadcrumbList","@id":"https:\/\/www.faq-arquitectura.com\/index.php\/2014\/02\/21\/faqarquitectura-por-europa\/#breadcrumb","itemListElement":[{"@type":"ListItem","position":1,"name":"Portada","item":"https:\/\/www.faq-arquitectura.com\/"},{"@type":"ListItem","position":2,"name":"FAQ arquitectura por Europa"}]},{"@type":"WebSite","@id":"https:\/\/www.faq-arquitectura.com\/#website","url":"https:\/\/www.faq-arquitectura.com\/","name":"FAQ arquitectura","description":"Estudio de arquitectura","publisher":{"@id":"https:\/\/www.faq-arquitectura.com\/#organization"},"potentialAction":[{"@type":"SearchAction","target":{"@type":"EntryPoint","urlTemplate":"https:\/\/www.faq-arquitectura.com\/?s={search_term_string}"},"query-input":{"@type":"PropertyValueSpecification","valueRequired":true,"valueName":"search_term_string"}}],"inLanguage":"es"},{"@type":"Organization","@id":"https:\/\/www.faq-arquitectura.com\/#organization","name":"FAQ arquitectura","url":"https:\/\/www.faq-arquitectura.com\/","logo":{"@type":"ImageObject","inLanguage":"es","@id":"https:\/\/www.faq-arquitectura.com\/#\/schema\/logo\/image\/","url":"http:\/\/www.faq-arquitectura.com\/wp-content\/uploads\/2017\/02\/LOGO-FAQ-2017.png","contentUrl":"http:\/\/www.faq-arquitectura.com\/wp-content\/uploads\/2017\/02\/LOGO-FAQ-2017.png","width":875,"height":246,"caption":"FAQ arquitectura"},"image":{"@id":"https:\/\/www.faq-arquitectura.com\/#\/schema\/logo\/image\/"},"sameAs":["https:\/\/www.facebook.com\/FAQarquitectura\/","https:\/\/x.com\/FAQarquitectura","https:\/\/www.instagram.com\/faqarquitectura\/","https:\/\/www.linkedin.com\/company\/faq-arquitectura","https:\/\/es.pinterest.com\/faqarquitectura\/"]},{"@type":"Person","@id":"https:\/\/www.faq-arquitectura.com\/#\/schema\/person\/cd6aa407b3379cabf347d5d886448860","name":"FAQarquitectura","image":{"@type":"ImageObject","inLanguage":"es","@id":"https:\/\/www.faq-arquitectura.com\/#\/schema\/person\/image\/","url":"https:\/\/secure.gravatar.com\/avatar\/71517ce7f24f89166314c7a1ebcbc2c0?s=96&d=mm&r=g","contentUrl":"https:\/\/secure.gravatar.com\/avatar\/71517ce7f24f89166314c7a1ebcbc2c0?s=96&d=mm&r=g","caption":"FAQarquitectura"},"url":"https:\/\/www.faq-arquitectura.com\/index.php\/author\/faq2016\/"}]}},"_links":{"self":[{"href":"https:\/\/www.faq-arquitectura.com\/index.php\/wp-json\/wp\/v2\/posts\/951"}],"collection":[{"href":"https:\/\/www.faq-arquitectura.com\/index.php\/wp-json\/wp\/v2\/posts"}],"about":[{"href":"https:\/\/www.faq-arquitectura.com\/index.php\/wp-json\/wp\/v2\/types\/post"}],"author":[{"embeddable":true,"href":"https:\/\/www.faq-arquitectura.com\/index.php\/wp-json\/wp\/v2\/users\/1"}],"replies":[{"embeddable":true,"href":"https:\/\/www.faq-arquitectura.com\/index.php\/wp-json\/wp\/v2\/comments?post=951"}],"version-history":[{"count":1,"href":"https:\/\/www.faq-arquitectura.com\/index.php\/wp-json\/wp\/v2\/posts\/951\/revisions"}],"predecessor-version":[{"id":1280,"href":"https:\/\/www.faq-arquitectura.com\/index.php\/wp-json\/wp\/v2\/posts\/951\/revisions\/1280"}],"wp:featuredmedia":[{"embeddable":true,"href":"https:\/\/www.faq-arquitectura.com\/index.php\/wp-json\/wp\/v2\/media\/1278"}],"wp:attachment":[{"href":"https:\/\/www.faq-arquitectura.com\/index.php\/wp-json\/wp\/v2\/media?parent=951"}],"wp:term":[{"taxonomy":"category","embeddable":true,"href":"https:\/\/www.faq-arquitectura.com\/index.php\/wp-json\/wp\/v2\/categories?post=951"},{"taxonomy":"post_tag","embeddable":true,"href":"https:\/\/www.faq-arquitectura.com\/index.php\/wp-json\/wp\/v2\/tags?post=951"}],"curies":[{"name":"wp","href":"https:\/\/api.w.org\/{rel}","templated":true}]}}