{"id":942,"date":"2014-07-24T18:12:00","date_gmt":"2014-07-24T18:12:00","guid":{"rendered":"http:\/\/www.faq-arquitectura.com\/index.php\/2014\/07\/24\/proyecto-para-heladeria\/"},"modified":"2016-09-21T17:47:15","modified_gmt":"2016-09-21T17:47:15","slug":"proyecto-para-heladeria","status":"publish","type":"post","link":"https:\/\/www.faq-arquitectura.com\/index.php\/2014\/07\/24\/proyecto-para-heladeria\/","title":{"rendered":"Proyecto para Helader\u00eda"},"content":{"rendered":"<p>Acabamos de terminar el proyecto para una helader\u00eda YOGEN FR\u00dcZ en el C.C. HIPERCOR de San Juan de Aznalfarache. Sevilla.<br \/>\nArquitecto: V\u00edctor Garc\u00eda Trejo.<br \/>\nArquitecta Colaboradora: Ariadna Zerpa Chac\u00f3n.<\/p>\n<div class=\"separator\" style=\"clear: both; text-align: center;\">\n<a href=\"https:\/\/www.facebook.com\/YogenFruzES\/info\" target=\"_blank\"><img loading=\"lazy\" decoding=\"async\" alt=\" YOGEN FR\u00dcZ\" border=\"0\" src=\"https:\/\/www.faq-arquitectura.com\/wp-content\/uploads\/2014\/07\/yogen-fruz_corperate_01.jpg\" height=\"127\" width=\"320\" \/><\/a><\/div>\n<p><\/p>\n<div class=\"separator\" style=\"clear: both; text-align: center;\">\n<a href=\"http:\/\/www.hipercor.es\/\" target=\"_blank\"><img loading=\"lazy\" decoding=\"async\" alt=\" HIPERCOR\" border=\"0\" src=\"https:\/\/www.faq-arquitectura.com\/wp-content\/uploads\/2014\/07\/hipercorlogo.jpg\" height=\"183\" width=\"320\" \/><\/a><\/div>\n","protected":false},"excerpt":{"rendered":"<p>Acabamos de terminar el proyecto para una helader\u00eda YOGEN FR\u00dcZ en el C.C. HIPERCOR de San Juan de Aznalfarache. Sevilla. Arquitecto: V\u00edctor Garc\u00eda Trejo. Arquitecta Colaboradora: Ariadna Zerpa Chac\u00f3n.<\/p>\n","protected":false},"author":1,"featured_media":1238,"comment_status":"closed","ping_status":"closed","sticky":false,"template":"","format":"standard","meta":{"footnotes":""},"categories":[1],"tags":[6,9,10],"class_list":["post-942","post","type-post","status-publish","format-standard","has-post-thumbnail","hentry","category-sin-categoria","tag-arquitecto","tag-obra","tag-proyecto"],"yoast_head":"<!-- This site is optimized with the Yoast SEO plugin v23.5 - https:\/\/yoast.com\/wordpress\/plugins\/seo\/ -->\n<title>Proyecto para Helader\u00eda - FAQ arquitectura<\/title>\n<meta name=\"robots\" content=\"index, follow, max-snippet:-1, max-image-preview:large, max-video-preview:-1\" \/>\n<link rel=\"canonical\" href=\"https:\/\/www.faq-arquitectura.com\/index.php\/2014\/07\/24\/proyecto-para-heladeria\/\" \/>\n<meta property=\"og:locale\" content=\"es_ES\" \/>\n<meta property=\"og:type\" content=\"article\" \/>\n<meta property=\"og:title\" content=\"Proyecto para Helader\u00eda - FAQ arquitectura\" \/>\n<meta property=\"og:description\" content=\"Acabamos de terminar el proyecto para una helader\u00eda YOGEN FR\u00dcZ en el C.C. HIPERCOR de San Juan de Aznalfarache. Sevilla. Arquitecto: V\u00edctor Garc\u00eda Trejo. Arquitecta Colaboradora: Ariadna Zerpa Chac\u00f3n.\" \/>\n<meta property=\"og:url\" content=\"https:\/\/www.faq-arquitectura.com\/index.php\/2014\/07\/24\/proyecto-para-heladeria\/\" \/>\n<meta property=\"og:site_name\" content=\"FAQ arquitectura\" \/>\n<meta property=\"article:publisher\" content=\"https:\/\/www.facebook.com\/FAQarquitectura\/\" \/>\n<meta property=\"article:published_time\" content=\"2014-07-24T18:12:00+00:00\" \/>\n<meta property=\"article:modified_time\" content=\"2016-09-21T17:47:15+00:00\" \/>\n<meta property=\"og:image\" content=\"https:\/\/www.faq-arquitectura.com\/wp-content\/uploads\/2014\/07\/yogen-fruz_corperate_01.jpg\" \/>\n\t<meta property=\"og:image:width\" content=\"768\" \/>\n\t<meta property=\"og:image:height\" content=\"305\" \/>\n\t<meta property=\"og:image:type\" content=\"image\/jpeg\" \/>\n<meta name=\"author\" content=\"FAQarquitectura\" \/>\n<meta name=\"twitter:card\" content=\"summary_large_image\" \/>\n<meta name=\"twitter:creator\" content=\"@FAQarquitectura\" \/>\n<meta name=\"twitter:site\" content=\"@FAQarquitectura\" \/>\n<meta name=\"twitter:label1\" content=\"Escrito por\" \/>\n\t<meta name=\"twitter:data1\" content=\"FAQarquitectura\" \/>\n<script type=\"application\/ld+json\" class=\"yoast-schema-graph\">{\"@context\":\"https:\/\/schema.org\",\"@graph\":[{\"@type\":\"Article\",\"@id\":\"https:\/\/www.faq-arquitectura.com\/index.php\/2014\/07\/24\/proyecto-para-heladeria\/#article\",\"isPartOf\":{\"@id\":\"https:\/\/www.faq-arquitectura.com\/index.php\/2014\/07\/24\/proyecto-para-heladeria\/\"},\"author\":{\"name\":\"FAQarquitectura\",\"@id\":\"https:\/\/www.faq-arquitectura.com\/#\/schema\/person\/cd6aa407b3379cabf347d5d886448860\"},\"headline\":\"Proyecto para Helader\u00eda\",\"datePublished\":\"2014-07-24T18:12:00+00:00\",\"dateModified\":\"2016-09-21T17:47:15+00:00\",\"mainEntityOfPage\":{\"@id\":\"https:\/\/www.faq-arquitectura.com\/index.php\/2014\/07\/24\/proyecto-para-heladeria\/\"},\"wordCount\":39,\"publisher\":{\"@id\":\"https:\/\/www.faq-arquitectura.com\/#organization\"},\"image\":{\"@id\":\"https:\/\/www.faq-arquitectura.com\/index.php\/2014\/07\/24\/proyecto-para-heladeria\/#primaryimage\"},\"thumbnailUrl\":\"https:\/\/www.faq-arquitectura.com\/wp-content\/uploads\/2014\/07\/yogen-fruz_corperate_01.jpg\",\"keywords\":[\"Arquitecto\",\"Obra\",\"Proyecto\"],\"inLanguage\":\"es\"},{\"@type\":\"WebPage\",\"@id\":\"https:\/\/www.faq-arquitectura.com\/index.php\/2014\/07\/24\/proyecto-para-heladeria\/\",\"url\":\"https:\/\/www.faq-arquitectura.com\/index.php\/2014\/07\/24\/proyecto-para-heladeria\/\",\"name\":\"Proyecto para Helader\u00eda - FAQ arquitectura\",\"isPartOf\":{\"@id\":\"https:\/\/www.faq-arquitectura.com\/#website\"},\"primaryImageOfPage\":{\"@id\":\"https:\/\/www.faq-arquitectura.com\/index.php\/2014\/07\/24\/proyecto-para-heladeria\/#primaryimage\"},\"image\":{\"@id\":\"https:\/\/www.faq-arquitectura.com\/index.php\/2014\/07\/24\/proyecto-para-heladeria\/#primaryimage\"},\"thumbnailUrl\":\"https:\/\/www.faq-arquitectura.com\/wp-content\/uploads\/2014\/07\/yogen-fruz_corperate_01.jpg\",\"datePublished\":\"2014-07-24T18:12:00+00:00\",\"dateModified\":\"2016-09-21T17:47:15+00:00\",\"breadcrumb\":{\"@id\":\"https:\/\/www.faq-arquitectura.com\/index.php\/2014\/07\/24\/proyecto-para-heladeria\/#breadcrumb\"},\"inLanguage\":\"es\",\"potentialAction\":[{\"@type\":\"ReadAction\",\"target\":[\"https:\/\/www.faq-arquitectura.com\/index.php\/2014\/07\/24\/proyecto-para-heladeria\/\"]}]},{\"@type\":\"ImageObject\",\"inLanguage\":\"es\",\"@id\":\"https:\/\/www.faq-arquitectura.com\/index.php\/2014\/07\/24\/proyecto-para-heladeria\/#primaryimage\",\"url\":\"https:\/\/www.faq-arquitectura.com\/wp-content\/uploads\/2014\/07\/yogen-fruz_corperate_01.jpg\",\"contentUrl\":\"https:\/\/www.faq-arquitectura.com\/wp-content\/uploads\/2014\/07\/yogen-fruz_corperate_01.jpg\",\"width\":768,\"height\":305},{\"@type\":\"BreadcrumbList\",\"@id\":\"https:\/\/www.faq-arquitectura.com\/index.php\/2014\/07\/24\/proyecto-para-heladeria\/#breadcrumb\",\"itemListElement\":[{\"@type\":\"ListItem\",\"position\":1,\"name\":\"Portada\",\"item\":\"https:\/\/www.faq-arquitectura.com\/\"},{\"@type\":\"ListItem\",\"position\":2,\"name\":\"Proyecto para Helader\u00eda\"}]},{\"@type\":\"WebSite\",\"@id\":\"https:\/\/www.faq-arquitectura.com\/#website\",\"url\":\"https:\/\/www.faq-arquitectura.com\/\",\"name\":\"FAQ arquitectura\",\"description\":\"Estudio de arquitectura\",\"publisher\":{\"@id\":\"https:\/\/www.faq-arquitectura.com\/#organization\"},\"potentialAction\":[{\"@type\":\"SearchAction\",\"target\":{\"@type\":\"EntryPoint\",\"urlTemplate\":\"https:\/\/www.faq-arquitectura.com\/?s={search_term_string}\"},\"query-input\":{\"@type\":\"PropertyValueSpecification\",\"valueRequired\":true,\"valueName\":\"search_term_string\"}}],\"inLanguage\":\"es\"},{\"@type\":\"Organization\",\"@id\":\"https:\/\/www.faq-arquitectura.com\/#organization\",\"name\":\"FAQ arquitectura\",\"url\":\"https:\/\/www.faq-arquitectura.com\/\",\"logo\":{\"@type\":\"ImageObject\",\"inLanguage\":\"es\",\"@id\":\"https:\/\/www.faq-arquitectura.com\/#\/schema\/logo\/image\/\",\"url\":\"http:\/\/www.faq-arquitectura.com\/wp-content\/uploads\/2017\/02\/LOGO-FAQ-2017.png\",\"contentUrl\":\"http:\/\/www.faq-arquitectura.com\/wp-content\/uploads\/2017\/02\/LOGO-FAQ-2017.png\",\"width\":875,\"height\":246,\"caption\":\"FAQ arquitectura\"},\"image\":{\"@id\":\"https:\/\/www.faq-arquitectura.com\/#\/schema\/logo\/image\/\"},\"sameAs\":[\"https:\/\/www.facebook.com\/FAQarquitectura\/\",\"https:\/\/x.com\/FAQarquitectura\",\"https:\/\/www.instagram.com\/faqarquitectura\/\",\"https:\/\/www.linkedin.com\/company\/faq-arquitectura\",\"https:\/\/es.pinterest.com\/faqarquitectura\/\"]},{\"@type\":\"Person\",\"@id\":\"https:\/\/www.faq-arquitectura.com\/#\/schema\/person\/cd6aa407b3379cabf347d5d886448860\",\"name\":\"FAQarquitectura\",\"image\":{\"@type\":\"ImageObject\",\"inLanguage\":\"es\",\"@id\":\"https:\/\/www.faq-arquitectura.com\/#\/schema\/person\/image\/\",\"url\":\"https:\/\/secure.gravatar.com\/avatar\/71517ce7f24f89166314c7a1ebcbc2c0?s=96&d=mm&r=g\",\"contentUrl\":\"https:\/\/secure.gravatar.com\/avatar\/71517ce7f24f89166314c7a1ebcbc2c0?s=96&d=mm&r=g\",\"caption\":\"FAQarquitectura\"},\"url\":\"https:\/\/www.faq-arquitectura.com\/index.php\/author\/faq2016\/\"}]}<\/script>\n<!-- \/ Yoast SEO plugin. -->","yoast_head_json":{"title":"Proyecto para Helader\u00eda - FAQ arquitectura","robots":{"index":"index","follow":"follow","max-snippet":"max-snippet:-1","max-image-preview":"max-image-preview:large","max-video-preview":"max-video-preview:-1"},"canonical":"https:\/\/www.faq-arquitectura.com\/index.php\/2014\/07\/24\/proyecto-para-heladeria\/","og_locale":"es_ES","og_type":"article","og_title":"Proyecto para Helader\u00eda - FAQ arquitectura","og_description":"Acabamos de terminar el proyecto para una helader\u00eda YOGEN FR\u00dcZ en el C.C. HIPERCOR de San Juan de Aznalfarache. Sevilla. Arquitecto: V\u00edctor Garc\u00eda Trejo. Arquitecta Colaboradora: Ariadna Zerpa Chac\u00f3n.","og_url":"https:\/\/www.faq-arquitectura.com\/index.php\/2014\/07\/24\/proyecto-para-heladeria\/","og_site_name":"FAQ arquitectura","article_publisher":"https:\/\/www.facebook.com\/FAQarquitectura\/","article_published_time":"2014-07-24T18:12:00+00:00","article_modified_time":"2016-09-21T17:47:15+00:00","og_image":[{"width":768,"height":305,"url":"https:\/\/www.faq-arquitectura.com\/wp-content\/uploads\/2014\/07\/yogen-fruz_corperate_01.jpg","type":"image\/jpeg"}],"author":"FAQarquitectura","twitter_card":"summary_large_image","twitter_creator":"@FAQarquitectura","twitter_site":"@FAQarquitectura","twitter_misc":{"Escrito por":"FAQarquitectura"},"schema":{"@context":"https:\/\/schema.org","@graph":[{"@type":"Article","@id":"https:\/\/www.faq-arquitectura.com\/index.php\/2014\/07\/24\/proyecto-para-heladeria\/#article","isPartOf":{"@id":"https:\/\/www.faq-arquitectura.com\/index.php\/2014\/07\/24\/proyecto-para-heladeria\/"},"author":{"name":"FAQarquitectura","@id":"https:\/\/www.faq-arquitectura.com\/#\/schema\/person\/cd6aa407b3379cabf347d5d886448860"},"headline":"Proyecto para Helader\u00eda","datePublished":"2014-07-24T18:12:00+00:00","dateModified":"2016-09-21T17:47:15+00:00","mainEntityOfPage":{"@id":"https:\/\/www.faq-arquitectura.com\/index.php\/2014\/07\/24\/proyecto-para-heladeria\/"},"wordCount":39,"publisher":{"@id":"https:\/\/www.faq-arquitectura.com\/#organization"},"image":{"@id":"https:\/\/www.faq-arquitectura.com\/index.php\/2014\/07\/24\/proyecto-para-heladeria\/#primaryimage"},"thumbnailUrl":"https:\/\/www.faq-arquitectura.com\/wp-content\/uploads\/2014\/07\/yogen-fruz_corperate_01.jpg","keywords":["Arquitecto","Obra","Proyecto"],"inLanguage":"es"},{"@type":"WebPage","@id":"https:\/\/www.faq-arquitectura.com\/index.php\/2014\/07\/24\/proyecto-para-heladeria\/","url":"https:\/\/www.faq-arquitectura.com\/index.php\/2014\/07\/24\/proyecto-para-heladeria\/","name":"Proyecto para Helader\u00eda - FAQ arquitectura","isPartOf":{"@id":"https:\/\/www.faq-arquitectura.com\/#website"},"primaryImageOfPage":{"@id":"https:\/\/www.faq-arquitectura.com\/index.php\/2014\/07\/24\/proyecto-para-heladeria\/#primaryimage"},"image":{"@id":"https:\/\/www.faq-arquitectura.com\/index.php\/2014\/07\/24\/proyecto-para-heladeria\/#primaryimage"},"thumbnailUrl":"https:\/\/www.faq-arquitectura.com\/wp-content\/uploads\/2014\/07\/yogen-fruz_corperate_01.jpg","datePublished":"2014-07-24T18:12:00+00:00","dateModified":"2016-09-21T17:47:15+00:00","breadcrumb":{"@id":"https:\/\/www.faq-arquitectura.com\/index.php\/2014\/07\/24\/proyecto-para-heladeria\/#breadcrumb"},"inLanguage":"es","potentialAction":[{"@type":"ReadAction","target":["https:\/\/www.faq-arquitectura.com\/index.php\/2014\/07\/24\/proyecto-para-heladeria\/"]}]},{"@type":"ImageObject","inLanguage":"es","@id":"https:\/\/www.faq-arquitectura.com\/index.php\/2014\/07\/24\/proyecto-para-heladeria\/#primaryimage","url":"https:\/\/www.faq-arquitectura.com\/wp-content\/uploads\/2014\/07\/yogen-fruz_corperate_01.jpg","contentUrl":"https:\/\/www.faq-arquitectura.com\/wp-content\/uploads\/2014\/07\/yogen-fruz_corperate_01.jpg","width":768,"height":305},{"@type":"BreadcrumbList","@id":"https:\/\/www.faq-arquitectura.com\/index.php\/2014\/07\/24\/proyecto-para-heladeria\/#breadcrumb","itemListElement":[{"@type":"ListItem","position":1,"name":"Portada","item":"https:\/\/www.faq-arquitectura.com\/"},{"@type":"ListItem","position":2,"name":"Proyecto para Helader\u00eda"}]},{"@type":"WebSite","@id":"https:\/\/www.faq-arquitectura.com\/#website","url":"https:\/\/www.faq-arquitectura.com\/","name":"FAQ arquitectura","description":"Estudio de arquitectura","publisher":{"@id":"https:\/\/www.faq-arquitectura.com\/#organization"},"potentialAction":[{"@type":"SearchAction","target":{"@type":"EntryPoint","urlTemplate":"https:\/\/www.faq-arquitectura.com\/?s={search_term_string}"},"query-input":{"@type":"PropertyValueSpecification","valueRequired":true,"valueName":"search_term_string"}}],"inLanguage":"es"},{"@type":"Organization","@id":"https:\/\/www.faq-arquitectura.com\/#organization","name":"FAQ arquitectura","url":"https:\/\/www.faq-arquitectura.com\/","logo":{"@type":"ImageObject","inLanguage":"es","@id":"https:\/\/www.faq-arquitectura.com\/#\/schema\/logo\/image\/","url":"http:\/\/www.faq-arquitectura.com\/wp-content\/uploads\/2017\/02\/LOGO-FAQ-2017.png","contentUrl":"http:\/\/www.faq-arquitectura.com\/wp-content\/uploads\/2017\/02\/LOGO-FAQ-2017.png","width":875,"height":246,"caption":"FAQ arquitectura"},"image":{"@id":"https:\/\/www.faq-arquitectura.com\/#\/schema\/logo\/image\/"},"sameAs":["https:\/\/www.facebook.com\/FAQarquitectura\/","https:\/\/x.com\/FAQarquitectura","https:\/\/www.instagram.com\/faqarquitectura\/","https:\/\/www.linkedin.com\/company\/faq-arquitectura","https:\/\/es.pinterest.com\/faqarquitectura\/"]},{"@type":"Person","@id":"https:\/\/www.faq-arquitectura.com\/#\/schema\/person\/cd6aa407b3379cabf347d5d886448860","name":"FAQarquitectura","image":{"@type":"ImageObject","inLanguage":"es","@id":"https:\/\/www.faq-arquitectura.com\/#\/schema\/person\/image\/","url":"https:\/\/secure.gravatar.com\/avatar\/71517ce7f24f89166314c7a1ebcbc2c0?s=96&d=mm&r=g","contentUrl":"https:\/\/secure.gravatar.com\/avatar\/71517ce7f24f89166314c7a1ebcbc2c0?s=96&d=mm&r=g","caption":"FAQarquitectura"},"url":"https:\/\/www.faq-arquitectura.com\/index.php\/author\/faq2016\/"}]}},"_links":{"self":[{"href":"https:\/\/www.faq-arquitectura.com\/index.php\/wp-json\/wp\/v2\/posts\/942"}],"collection":[{"href":"https:\/\/www.faq-arquitectura.com\/index.php\/wp-json\/wp\/v2\/posts"}],"about":[{"href":"https:\/\/www.faq-arquitectura.com\/index.php\/wp-json\/wp\/v2\/types\/post"}],"author":[{"embeddable":true,"href":"https:\/\/www.faq-arquitectura.com\/index.php\/wp-json\/wp\/v2\/users\/1"}],"replies":[{"embeddable":true,"href":"https:\/\/www.faq-arquitectura.com\/index.php\/wp-json\/wp\/v2\/comments?post=942"}],"version-history":[{"count":1,"href":"https:\/\/www.faq-arquitectura.com\/index.php\/wp-json\/wp\/v2\/posts\/942\/revisions"}],"predecessor-version":[{"id":1240,"href":"https:\/\/www.faq-arquitectura.com\/index.php\/wp-json\/wp\/v2\/posts\/942\/revisions\/1240"}],"wp:featuredmedia":[{"embeddable":true,"href":"https:\/\/www.faq-arquitectura.com\/index.php\/wp-json\/wp\/v2\/media\/1238"}],"wp:attachment":[{"href":"https:\/\/www.faq-arquitectura.com\/index.php\/wp-json\/wp\/v2\/media?parent=942"}],"wp:term":[{"taxonomy":"category","embeddable":true,"href":"https:\/\/www.faq-arquitectura.com\/index.php\/wp-json\/wp\/v2\/categories?post=942"},{"taxonomy":"post_tag","embeddable":true,"href":"https:\/\/www.faq-arquitectura.com\/index.php\/wp-json\/wp\/v2\/tags?post=942"}],"curies":[{"name":"wp","href":"https:\/\/api.w.org\/{rel}","templated":true}]}}