{"id":924,"date":"2015-03-11T13:31:00","date_gmt":"2015-03-11T13:31:00","guid":{"rendered":"http:\/\/www.faq-arquitectura.com\/index.php\/2015\/03\/11\/casa-gr-avance-de-obra-ii\/"},"modified":"2016-09-21T17:47:13","modified_gmt":"2016-09-21T17:47:13","slug":"casa-gr-avance-de-obra-ii","status":"publish","type":"post","link":"https:\/\/www.faq-arquitectura.com\/index.php\/2015\/03\/11\/casa-gr-avance-de-obra-ii\/","title":{"rendered":"CASA GR. Avance de obra (II)"},"content":{"rendered":"<p>Terminando la fachada de la Casa GR en Nervi\u00f3n, Sevilla.<br \/>\nArquitecto: V\u00edctor Garc\u00eda Trejo.<\/p>\n<div class=\"separator\" style=\"clear: both; text-align: center;\">\n<a href=\"https:\/\/www.faq-arquitectura.com\/wp-content\/uploads\/2015\/03\/189-F05.jpg\" imageanchor=\"1\" style=\"margin-left: 1em; margin-right: 1em;\"><img loading=\"lazy\" decoding=\"async\" border=\"0\" src=\"https:\/\/www.faq-arquitectura.com\/wp-content\/uploads\/2015\/03\/189-F05.jpg\" height=\"300\" width=\"400\" \/><\/a><\/div>\n<div class=\"separator\" style=\"clear: both; text-align: center;\">\n<\/div>\n<div class=\"separator\" style=\"clear: both; text-align: center;\">\n<a href=\"https:\/\/www.faq-arquitectura.com\/wp-content\/uploads\/2015\/03\/animacion2.gif\" imageanchor=\"1\" style=\"margin-left: 1em; margin-right: 1em;\"><img loading=\"lazy\" decoding=\"async\" border=\"0\" src=\"https:\/\/www.faq-arquitectura.com\/wp-content\/uploads\/2015\/03\/animacion2.gif\" height=\"298\" width=\"400\" \/><\/a><\/div>\n<p>Entradas anteriores:<br \/>\n<a href=\"https:\/\/www.faq-arquitectura.com\/index.php\/2014\/12\/21\/casa-gr-avance-de-obra-i\/\">CASA GR. Avance de obra (I)<\/a><br \/>\n<a href=\"https:\/\/www.faq-arquitectura.com\/index.php\/2014\/09\/23\/casa-gr-inicio-de-obra\/\">CASA GR. Inicio de Obra.<\/a><br \/>\n<a href=\"https:\/\/www.faq-arquitectura.com\/index.php\/2013\/04\/10\/casa-guerrero-rovira\/\">CASA GR. Proyecto.<\/a><br \/>\n<a href=\"https:\/\/www.faq-arquitectura.com\/index.php\/2013\/01\/31\/casa-guerrero-rovira-inicio\/\">CASA GR. Inicio.<\/a><\/p>\n","protected":false},"excerpt":{"rendered":"<p>Terminando la fachada de la Casa GR en Nervi\u00f3n, Sevilla. Arquitecto: V\u00edctor Garc\u00eda Trejo. Entradas anteriores: CASA GR. Avance de obra (I) CASA GR. Inicio de Obra. CASA GR. Proyecto. CASA GR. Inicio.<\/p>\n","protected":false},"author":1,"featured_media":1178,"comment_status":"closed","ping_status":"closed","sticky":false,"template":"","format":"standard","meta":{"footnotes":""},"categories":[1],"tags":[5,6,8,9,10,11,12],"class_list":["post-924","post","type-post","status-publish","format-standard","has-post-thumbnail","hentry","category-sin-categoria","tag-arquiandaluces","tag-arquitecto","tag-enobras","tag-obra","tag-proyecto","tag-rehabilitacion","tag-vivienda"],"yoast_head":"<!-- This site is optimized with the Yoast SEO plugin v23.5 - https:\/\/yoast.com\/wordpress\/plugins\/seo\/ -->\n<title>CASA GR. Avance de obra (II) - FAQ arquitectura<\/title>\n<meta name=\"robots\" content=\"index, follow, max-snippet:-1, max-image-preview:large, max-video-preview:-1\" \/>\n<link rel=\"canonical\" href=\"https:\/\/www.faq-arquitectura.com\/index.php\/2015\/03\/11\/casa-gr-avance-de-obra-ii\/\" \/>\n<meta property=\"og:locale\" content=\"es_ES\" \/>\n<meta property=\"og:type\" content=\"article\" \/>\n<meta property=\"og:title\" content=\"CASA GR. Avance de obra (II) - FAQ arquitectura\" \/>\n<meta property=\"og:description\" content=\"Terminando la fachada de la Casa GR en Nervi\u00f3n, Sevilla. Arquitecto: V\u00edctor Garc\u00eda Trejo. Entradas anteriores: CASA GR. Avance de obra (I) CASA GR. Inicio de Obra. CASA GR. Proyecto. CASA GR. Inicio.\" \/>\n<meta property=\"og:url\" content=\"https:\/\/www.faq-arquitectura.com\/index.php\/2015\/03\/11\/casa-gr-avance-de-obra-ii\/\" \/>\n<meta property=\"og:site_name\" content=\"FAQ arquitectura\" \/>\n<meta property=\"article:publisher\" content=\"https:\/\/www.facebook.com\/FAQarquitectura\/\" \/>\n<meta property=\"article:published_time\" content=\"2015-03-11T13:31:00+00:00\" \/>\n<meta property=\"article:modified_time\" content=\"2016-09-21T17:47:13+00:00\" \/>\n<meta property=\"og:image\" content=\"https:\/\/www.faq-arquitectura.com\/wp-content\/uploads\/2015\/03\/189-F05.jpg\" \/>\n\t<meta property=\"og:image:width\" content=\"787\" \/>\n\t<meta property=\"og:image:height\" content=\"591\" \/>\n\t<meta property=\"og:image:type\" content=\"image\/jpeg\" \/>\n<meta name=\"author\" content=\"FAQarquitectura\" \/>\n<meta name=\"twitter:card\" content=\"summary_large_image\" \/>\n<meta name=\"twitter:creator\" content=\"@FAQarquitectura\" \/>\n<meta name=\"twitter:site\" content=\"@FAQarquitectura\" \/>\n<meta name=\"twitter:label1\" content=\"Escrito por\" \/>\n\t<meta name=\"twitter:data1\" content=\"FAQarquitectura\" \/>\n<script type=\"application\/ld+json\" class=\"yoast-schema-graph\">{\"@context\":\"https:\/\/schema.org\",\"@graph\":[{\"@type\":\"Article\",\"@id\":\"https:\/\/www.faq-arquitectura.com\/index.php\/2015\/03\/11\/casa-gr-avance-de-obra-ii\/#article\",\"isPartOf\":{\"@id\":\"https:\/\/www.faq-arquitectura.com\/index.php\/2015\/03\/11\/casa-gr-avance-de-obra-ii\/\"},\"author\":{\"name\":\"FAQarquitectura\",\"@id\":\"https:\/\/www.faq-arquitectura.com\/#\/schema\/person\/cd6aa407b3379cabf347d5d886448860\"},\"headline\":\"CASA GR. Avance de obra (II)\",\"datePublished\":\"2015-03-11T13:31:00+00:00\",\"dateModified\":\"2016-09-21T17:47:13+00:00\",\"mainEntityOfPage\":{\"@id\":\"https:\/\/www.faq-arquitectura.com\/index.php\/2015\/03\/11\/casa-gr-avance-de-obra-ii\/\"},\"wordCount\":42,\"publisher\":{\"@id\":\"https:\/\/www.faq-arquitectura.com\/#organization\"},\"image\":{\"@id\":\"https:\/\/www.faq-arquitectura.com\/index.php\/2015\/03\/11\/casa-gr-avance-de-obra-ii\/#primaryimage\"},\"thumbnailUrl\":\"https:\/\/www.faq-arquitectura.com\/wp-content\/uploads\/2015\/03\/189-F05.jpg\",\"keywords\":[\"arquiandaluces\",\"Arquitecto\",\"enobras\",\"Obra\",\"Proyecto\",\"Rehabilitaci\u00f3n\",\"Vivienda\"],\"inLanguage\":\"es\"},{\"@type\":\"WebPage\",\"@id\":\"https:\/\/www.faq-arquitectura.com\/index.php\/2015\/03\/11\/casa-gr-avance-de-obra-ii\/\",\"url\":\"https:\/\/www.faq-arquitectura.com\/index.php\/2015\/03\/11\/casa-gr-avance-de-obra-ii\/\",\"name\":\"CASA GR. Avance de obra (II) - FAQ arquitectura\",\"isPartOf\":{\"@id\":\"https:\/\/www.faq-arquitectura.com\/#website\"},\"primaryImageOfPage\":{\"@id\":\"https:\/\/www.faq-arquitectura.com\/index.php\/2015\/03\/11\/casa-gr-avance-de-obra-ii\/#primaryimage\"},\"image\":{\"@id\":\"https:\/\/www.faq-arquitectura.com\/index.php\/2015\/03\/11\/casa-gr-avance-de-obra-ii\/#primaryimage\"},\"thumbnailUrl\":\"https:\/\/www.faq-arquitectura.com\/wp-content\/uploads\/2015\/03\/189-F05.jpg\",\"datePublished\":\"2015-03-11T13:31:00+00:00\",\"dateModified\":\"2016-09-21T17:47:13+00:00\",\"breadcrumb\":{\"@id\":\"https:\/\/www.faq-arquitectura.com\/index.php\/2015\/03\/11\/casa-gr-avance-de-obra-ii\/#breadcrumb\"},\"inLanguage\":\"es\",\"potentialAction\":[{\"@type\":\"ReadAction\",\"target\":[\"https:\/\/www.faq-arquitectura.com\/index.php\/2015\/03\/11\/casa-gr-avance-de-obra-ii\/\"]}]},{\"@type\":\"ImageObject\",\"inLanguage\":\"es\",\"@id\":\"https:\/\/www.faq-arquitectura.com\/index.php\/2015\/03\/11\/casa-gr-avance-de-obra-ii\/#primaryimage\",\"url\":\"https:\/\/www.faq-arquitectura.com\/wp-content\/uploads\/2015\/03\/189-F05.jpg\",\"contentUrl\":\"https:\/\/www.faq-arquitectura.com\/wp-content\/uploads\/2015\/03\/189-F05.jpg\",\"width\":787,\"height\":591},{\"@type\":\"BreadcrumbList\",\"@id\":\"https:\/\/www.faq-arquitectura.com\/index.php\/2015\/03\/11\/casa-gr-avance-de-obra-ii\/#breadcrumb\",\"itemListElement\":[{\"@type\":\"ListItem\",\"position\":1,\"name\":\"Portada\",\"item\":\"https:\/\/www.faq-arquitectura.com\/\"},{\"@type\":\"ListItem\",\"position\":2,\"name\":\"CASA GR. Avance de obra (II)\"}]},{\"@type\":\"WebSite\",\"@id\":\"https:\/\/www.faq-arquitectura.com\/#website\",\"url\":\"https:\/\/www.faq-arquitectura.com\/\",\"name\":\"FAQ arquitectura\",\"description\":\"Estudio de arquitectura\",\"publisher\":{\"@id\":\"https:\/\/www.faq-arquitectura.com\/#organization\"},\"potentialAction\":[{\"@type\":\"SearchAction\",\"target\":{\"@type\":\"EntryPoint\",\"urlTemplate\":\"https:\/\/www.faq-arquitectura.com\/?s={search_term_string}\"},\"query-input\":{\"@type\":\"PropertyValueSpecification\",\"valueRequired\":true,\"valueName\":\"search_term_string\"}}],\"inLanguage\":\"es\"},{\"@type\":\"Organization\",\"@id\":\"https:\/\/www.faq-arquitectura.com\/#organization\",\"name\":\"FAQ arquitectura\",\"url\":\"https:\/\/www.faq-arquitectura.com\/\",\"logo\":{\"@type\":\"ImageObject\",\"inLanguage\":\"es\",\"@id\":\"https:\/\/www.faq-arquitectura.com\/#\/schema\/logo\/image\/\",\"url\":\"http:\/\/www.faq-arquitectura.com\/wp-content\/uploads\/2017\/02\/LOGO-FAQ-2017.png\",\"contentUrl\":\"http:\/\/www.faq-arquitectura.com\/wp-content\/uploads\/2017\/02\/LOGO-FAQ-2017.png\",\"width\":875,\"height\":246,\"caption\":\"FAQ arquitectura\"},\"image\":{\"@id\":\"https:\/\/www.faq-arquitectura.com\/#\/schema\/logo\/image\/\"},\"sameAs\":[\"https:\/\/www.facebook.com\/FAQarquitectura\/\",\"https:\/\/x.com\/FAQarquitectura\",\"https:\/\/www.instagram.com\/faqarquitectura\/\",\"https:\/\/www.linkedin.com\/company\/faq-arquitectura\",\"https:\/\/es.pinterest.com\/faqarquitectura\/\"]},{\"@type\":\"Person\",\"@id\":\"https:\/\/www.faq-arquitectura.com\/#\/schema\/person\/cd6aa407b3379cabf347d5d886448860\",\"name\":\"FAQarquitectura\",\"image\":{\"@type\":\"ImageObject\",\"inLanguage\":\"es\",\"@id\":\"https:\/\/www.faq-arquitectura.com\/#\/schema\/person\/image\/\",\"url\":\"https:\/\/secure.gravatar.com\/avatar\/71517ce7f24f89166314c7a1ebcbc2c0?s=96&d=mm&r=g\",\"contentUrl\":\"https:\/\/secure.gravatar.com\/avatar\/71517ce7f24f89166314c7a1ebcbc2c0?s=96&d=mm&r=g\",\"caption\":\"FAQarquitectura\"},\"url\":\"https:\/\/www.faq-arquitectura.com\/index.php\/author\/faq2016\/\"}]}<\/script>\n<!-- \/ Yoast SEO plugin. -->","yoast_head_json":{"title":"CASA GR. Avance de obra (II) - FAQ arquitectura","robots":{"index":"index","follow":"follow","max-snippet":"max-snippet:-1","max-image-preview":"max-image-preview:large","max-video-preview":"max-video-preview:-1"},"canonical":"https:\/\/www.faq-arquitectura.com\/index.php\/2015\/03\/11\/casa-gr-avance-de-obra-ii\/","og_locale":"es_ES","og_type":"article","og_title":"CASA GR. Avance de obra (II) - FAQ arquitectura","og_description":"Terminando la fachada de la Casa GR en Nervi\u00f3n, Sevilla. Arquitecto: V\u00edctor Garc\u00eda Trejo. Entradas anteriores: CASA GR. Avance de obra (I) CASA GR. Inicio de Obra. CASA GR. Proyecto. CASA GR. Inicio.","og_url":"https:\/\/www.faq-arquitectura.com\/index.php\/2015\/03\/11\/casa-gr-avance-de-obra-ii\/","og_site_name":"FAQ arquitectura","article_publisher":"https:\/\/www.facebook.com\/FAQarquitectura\/","article_published_time":"2015-03-11T13:31:00+00:00","article_modified_time":"2016-09-21T17:47:13+00:00","og_image":[{"width":787,"height":591,"url":"https:\/\/www.faq-arquitectura.com\/wp-content\/uploads\/2015\/03\/189-F05.jpg","type":"image\/jpeg"}],"author":"FAQarquitectura","twitter_card":"summary_large_image","twitter_creator":"@FAQarquitectura","twitter_site":"@FAQarquitectura","twitter_misc":{"Escrito por":"FAQarquitectura"},"schema":{"@context":"https:\/\/schema.org","@graph":[{"@type":"Article","@id":"https:\/\/www.faq-arquitectura.com\/index.php\/2015\/03\/11\/casa-gr-avance-de-obra-ii\/#article","isPartOf":{"@id":"https:\/\/www.faq-arquitectura.com\/index.php\/2015\/03\/11\/casa-gr-avance-de-obra-ii\/"},"author":{"name":"FAQarquitectura","@id":"https:\/\/www.faq-arquitectura.com\/#\/schema\/person\/cd6aa407b3379cabf347d5d886448860"},"headline":"CASA GR. Avance de obra (II)","datePublished":"2015-03-11T13:31:00+00:00","dateModified":"2016-09-21T17:47:13+00:00","mainEntityOfPage":{"@id":"https:\/\/www.faq-arquitectura.com\/index.php\/2015\/03\/11\/casa-gr-avance-de-obra-ii\/"},"wordCount":42,"publisher":{"@id":"https:\/\/www.faq-arquitectura.com\/#organization"},"image":{"@id":"https:\/\/www.faq-arquitectura.com\/index.php\/2015\/03\/11\/casa-gr-avance-de-obra-ii\/#primaryimage"},"thumbnailUrl":"https:\/\/www.faq-arquitectura.com\/wp-content\/uploads\/2015\/03\/189-F05.jpg","keywords":["arquiandaluces","Arquitecto","enobras","Obra","Proyecto","Rehabilitaci\u00f3n","Vivienda"],"inLanguage":"es"},{"@type":"WebPage","@id":"https:\/\/www.faq-arquitectura.com\/index.php\/2015\/03\/11\/casa-gr-avance-de-obra-ii\/","url":"https:\/\/www.faq-arquitectura.com\/index.php\/2015\/03\/11\/casa-gr-avance-de-obra-ii\/","name":"CASA GR. Avance de obra (II) - FAQ arquitectura","isPartOf":{"@id":"https:\/\/www.faq-arquitectura.com\/#website"},"primaryImageOfPage":{"@id":"https:\/\/www.faq-arquitectura.com\/index.php\/2015\/03\/11\/casa-gr-avance-de-obra-ii\/#primaryimage"},"image":{"@id":"https:\/\/www.faq-arquitectura.com\/index.php\/2015\/03\/11\/casa-gr-avance-de-obra-ii\/#primaryimage"},"thumbnailUrl":"https:\/\/www.faq-arquitectura.com\/wp-content\/uploads\/2015\/03\/189-F05.jpg","datePublished":"2015-03-11T13:31:00+00:00","dateModified":"2016-09-21T17:47:13+00:00","breadcrumb":{"@id":"https:\/\/www.faq-arquitectura.com\/index.php\/2015\/03\/11\/casa-gr-avance-de-obra-ii\/#breadcrumb"},"inLanguage":"es","potentialAction":[{"@type":"ReadAction","target":["https:\/\/www.faq-arquitectura.com\/index.php\/2015\/03\/11\/casa-gr-avance-de-obra-ii\/"]}]},{"@type":"ImageObject","inLanguage":"es","@id":"https:\/\/www.faq-arquitectura.com\/index.php\/2015\/03\/11\/casa-gr-avance-de-obra-ii\/#primaryimage","url":"https:\/\/www.faq-arquitectura.com\/wp-content\/uploads\/2015\/03\/189-F05.jpg","contentUrl":"https:\/\/www.faq-arquitectura.com\/wp-content\/uploads\/2015\/03\/189-F05.jpg","width":787,"height":591},{"@type":"BreadcrumbList","@id":"https:\/\/www.faq-arquitectura.com\/index.php\/2015\/03\/11\/casa-gr-avance-de-obra-ii\/#breadcrumb","itemListElement":[{"@type":"ListItem","position":1,"name":"Portada","item":"https:\/\/www.faq-arquitectura.com\/"},{"@type":"ListItem","position":2,"name":"CASA GR. Avance de obra (II)"}]},{"@type":"WebSite","@id":"https:\/\/www.faq-arquitectura.com\/#website","url":"https:\/\/www.faq-arquitectura.com\/","name":"FAQ arquitectura","description":"Estudio de arquitectura","publisher":{"@id":"https:\/\/www.faq-arquitectura.com\/#organization"},"potentialAction":[{"@type":"SearchAction","target":{"@type":"EntryPoint","urlTemplate":"https:\/\/www.faq-arquitectura.com\/?s={search_term_string}"},"query-input":{"@type":"PropertyValueSpecification","valueRequired":true,"valueName":"search_term_string"}}],"inLanguage":"es"},{"@type":"Organization","@id":"https:\/\/www.faq-arquitectura.com\/#organization","name":"FAQ arquitectura","url":"https:\/\/www.faq-arquitectura.com\/","logo":{"@type":"ImageObject","inLanguage":"es","@id":"https:\/\/www.faq-arquitectura.com\/#\/schema\/logo\/image\/","url":"http:\/\/www.faq-arquitectura.com\/wp-content\/uploads\/2017\/02\/LOGO-FAQ-2017.png","contentUrl":"http:\/\/www.faq-arquitectura.com\/wp-content\/uploads\/2017\/02\/LOGO-FAQ-2017.png","width":875,"height":246,"caption":"FAQ arquitectura"},"image":{"@id":"https:\/\/www.faq-arquitectura.com\/#\/schema\/logo\/image\/"},"sameAs":["https:\/\/www.facebook.com\/FAQarquitectura\/","https:\/\/x.com\/FAQarquitectura","https:\/\/www.instagram.com\/faqarquitectura\/","https:\/\/www.linkedin.com\/company\/faq-arquitectura","https:\/\/es.pinterest.com\/faqarquitectura\/"]},{"@type":"Person","@id":"https:\/\/www.faq-arquitectura.com\/#\/schema\/person\/cd6aa407b3379cabf347d5d886448860","name":"FAQarquitectura","image":{"@type":"ImageObject","inLanguage":"es","@id":"https:\/\/www.faq-arquitectura.com\/#\/schema\/person\/image\/","url":"https:\/\/secure.gravatar.com\/avatar\/71517ce7f24f89166314c7a1ebcbc2c0?s=96&d=mm&r=g","contentUrl":"https:\/\/secure.gravatar.com\/avatar\/71517ce7f24f89166314c7a1ebcbc2c0?s=96&d=mm&r=g","caption":"FAQarquitectura"},"url":"https:\/\/www.faq-arquitectura.com\/index.php\/author\/faq2016\/"}]}},"_links":{"self":[{"href":"https:\/\/www.faq-arquitectura.com\/index.php\/wp-json\/wp\/v2\/posts\/924"}],"collection":[{"href":"https:\/\/www.faq-arquitectura.com\/index.php\/wp-json\/wp\/v2\/posts"}],"about":[{"href":"https:\/\/www.faq-arquitectura.com\/index.php\/wp-json\/wp\/v2\/types\/post"}],"author":[{"embeddable":true,"href":"https:\/\/www.faq-arquitectura.com\/index.php\/wp-json\/wp\/v2\/users\/1"}],"replies":[{"embeddable":true,"href":"https:\/\/www.faq-arquitectura.com\/index.php\/wp-json\/wp\/v2\/comments?post=924"}],"version-history":[{"count":2,"href":"https:\/\/www.faq-arquitectura.com\/index.php\/wp-json\/wp\/v2\/posts\/924\/revisions"}],"predecessor-version":[{"id":1605,"href":"https:\/\/www.faq-arquitectura.com\/index.php\/wp-json\/wp\/v2\/posts\/924\/revisions\/1605"}],"wp:featuredmedia":[{"embeddable":true,"href":"https:\/\/www.faq-arquitectura.com\/index.php\/wp-json\/wp\/v2\/media\/1178"}],"wp:attachment":[{"href":"https:\/\/www.faq-arquitectura.com\/index.php\/wp-json\/wp\/v2\/media?parent=924"}],"wp:term":[{"taxonomy":"category","embeddable":true,"href":"https:\/\/www.faq-arquitectura.com\/index.php\/wp-json\/wp\/v2\/categories?post=924"},{"taxonomy":"post_tag","embeddable":true,"href":"https:\/\/www.faq-arquitectura.com\/index.php\/wp-json\/wp\/v2\/tags?post=924"}],"curies":[{"name":"wp","href":"https:\/\/api.w.org\/{rel}","templated":true}]}}