{"id":917,"date":"2015-08-03T08:23:00","date_gmt":"2015-08-03T08:23:00","guid":{"rendered":"http:\/\/www.faq-arquitectura.com\/index.php\/2015\/08\/03\/casa-bm-palos-de-la-frontera-final-de\/"},"modified":"2016-09-21T17:47:12","modified_gmt":"2016-09-21T17:47:12","slug":"casa-bm-palos-de-la-frontera-final-de","status":"publish","type":"post","link":"https:\/\/www.faq-arquitectura.com\/index.php\/2015\/08\/03\/casa-bm-palos-de-la-frontera-final-de\/","title":{"rendered":"Casa BM. Palos de la Frontera. Final de Obra"},"content":{"rendered":"<p>Hemos terminado la Casa BM en Palos de la Frontera.<br \/>\nArquitecto: V\u00edctor Garc\u00eda Trejo.<br \/>\nArquitecto T\u00e9cnico: Luis Tello Hern\u00e1ndez.<\/p>\n<div class=\"separator\" style=\"clear: both; text-align: center;\">\n<a href=\"http:\/\/4.bp.blogspot.com\/-wrMRJsY6mzs\/Vb8keT3ZNAI\/AAAAAAAAHOo\/ScOOD6DinLw\/s1600\/Palos%2B13.JPG\" imageanchor=\"1\" style=\"margin-left: 1em; margin-right: 1em;\"><img loading=\"lazy\" decoding=\"async\" border=\"0\" height=\"180\" src=\"https:\/\/www.faq-arquitectura.com\/wp-content\/uploads\/2015\/08\/Palos13.jpg\" width=\"320\" \/><\/a><\/div>\n<p><\/p>\n<div class=\"separator\" style=\"clear: both; text-align: center;\">\n<a href=\"http:\/\/4.bp.blogspot.com\/-eGTcaSbqgw0\/Vb8keukBR2I\/AAAAAAAAHOs\/C12ZjGV47HM\/s1600\/Palos%2B14.JPG\" imageanchor=\"1\" style=\"margin-left: 1em; margin-right: 1em;\"><img loading=\"lazy\" decoding=\"async\" border=\"0\" height=\"180\" src=\"https:\/\/www.faq-arquitectura.com\/wp-content\/uploads\/2015\/08\/Palos14.jpg\" width=\"320\" \/><\/a><\/div>\n<p><\/p>\n<div class=\"separator\" style=\"clear: both; text-align: center;\">\n<a href=\"http:\/\/3.bp.blogspot.com\/-HlY2I_9IFlM\/Vb8krba7QJI\/AAAAAAAAHPA\/VD_raKpSWlE\/s1600\/Palos%2B15.JPG\" imageanchor=\"1\" style=\"margin-left: 1em; margin-right: 1em;\"><img loading=\"lazy\" decoding=\"async\" border=\"0\" height=\"240\" src=\"https:\/\/www.faq-arquitectura.com\/wp-content\/uploads\/2015\/08\/Palos15.jpg\" width=\"320\" \/><\/a><\/div>\n<p><\/p>\n<div class=\"separator\" style=\"clear: both; text-align: center;\">\n<a href=\"http:\/\/2.bp.blogspot.com\/-Ha2TusXcjoU\/Vb8kg7f7z4I\/AAAAAAAAHO4\/DcSUKTHfdGc\/s1600\/Palos%2B16.JPG\" imageanchor=\"1\" style=\"margin-left: 1em; margin-right: 1em;\"><img loading=\"lazy\" decoding=\"async\" border=\"0\" height=\"320\" src=\"https:\/\/www.faq-arquitectura.com\/wp-content\/uploads\/2015\/08\/Palos16.jpg\" width=\"298\" \/><\/a><\/div>\n<p><\/p>\n<div class=\"separator\" style=\"clear: both; text-align: center;\">\n<\/div>\n<div style=\"text-align: justify;\">\nEntradas anteriores:<br \/>\n<a href=\"https:\/\/www.faq-arquitectura.com\/index.php\/2014\/11\/18\/casa-bm-palos-de-la-frontera-avance-de\/\" style=\"text-align: start;\">FAQ arquitectura: Casa BM. Palos de la Frontera. Avance de obra (4)<\/a><br \/>\n<a href=\"https:\/\/www.faq-arquitectura.com\/index.php\/2014\/03\/28\/casa-benavente-mora-palos-de-la\/\" style=\"text-align: start;\">FAQ arquitectura: Casa BM. Palos de la Frontera. Avance de obra (3)<\/a><\/div>\n<p><a href=\"https:\/\/www.faq-arquitectura.com\/index.php\/2013\/11\/07\/casa-benavente-mora-palos-de-la-2\/\">FAQ arquitectura: Casa BM. Palos de la Frontera. Avance de obra (2)<\/a><a href=\"https:\/\/www.faq-arquitectura.com\/index.php\/2013\/11\/07\/casa-benavente-mora-palos-de-la-2\/\">.<\/a><\/p>\n<div style=\"text-align: justify;\">\n<a href=\"https:\/\/www.faq-arquitectura.com\/index.php\/2013\/10\/15\/casa-benavente-mora-palos-de-la-3\/\" style=\"text-align: start;\">FAQ arquitectura: Casa BM. Palos de la Frontera. Avance de obra.<\/a><br \/>\n<a href=\"https:\/\/www.faq-arquitectura.com\/index.php\/2013\/09\/11\/casa-benavente-mora-palos-de-la-4\/\" style=\"color: #888888; text-decoration: none;\">FAQ arquitectura: Casa BM. Palos de la Frontera. Hormigonado Losa.<\/a><\/div>\n<div style=\"text-align: justify;\">\n<a href=\"https:\/\/www.faq-arquitectura.com\/index.php\/2013\/07\/25\/casa-benavente-mora-palos-de-la-5\/\" style=\"color: #888888; text-decoration: none;\">FAQ arquitectura: Casa BM. Palos de la Frontera. Inicio de Obra.<\/a><\/div>\n<div class=\"separator\" style=\"clear: both; text-align: justify;\">\n<\/div>\n<div style=\"background-color: white; color: #888888; line-height: 18px; text-align: justify;\">\n<div style=\"margin: 0px;\">\n<a href=\"https:\/\/www.faq-arquitectura.com\/index.php\/2012\/10\/17\/casa-benavente-mora\/\" style=\"background-color: white; color: #888888; line-height: 18px; text-align: start; text-decoration: none;\"><\/a><a href=\"https:\/\/www.faq-arquitectura.com\/index.php\/2012\/10\/17\/casa-benavente-mora\/\" style=\"color: #888888; text-decoration: none;\">FAQ arquitectura: CASA BM<\/a><\/div>\n<div style=\"margin: 0px;\">\n<a href=\"https:\/\/www.faq-arquitectura.com\/index.php\/2013\/01\/15\/proyecto-para-vivienda-unifamiliar-en\/\" style=\"color: #888888; text-align: start; text-decoration: none;\">FAQ arquitectura: Proyecto para vivienda unifamiliar en Palos de la Frontera, Huelva<\/a><\/p>\n<div>\n<\/div>\n<div>\n<\/div>\n<\/div>\n<\/div>\n","protected":false},"excerpt":{"rendered":"<p>Hemos terminado la Casa BM en Palos de la Frontera. Arquitecto: V\u00edctor Garc\u00eda Trejo. Arquitecto T\u00e9cnico: Luis Tello Hern\u00e1ndez. Entradas anteriores: FAQ arquitectura: Casa BM. Palos de la Frontera. Avance de obra (4) FAQ arquitectura: Casa BM. Palos de la Frontera. Avance de obra (3) FAQ arquitectura: Casa BM. Palos de la Frontera. Avance de [&hellip;]<\/p>\n","protected":false},"author":1,"featured_media":1154,"comment_status":"closed","ping_status":"closed","sticky":false,"template":"","format":"standard","meta":{"footnotes":""},"categories":[1],"tags":[5,6,8,9,10,12],"class_list":["post-917","post","type-post","status-publish","format-standard","has-post-thumbnail","hentry","category-sin-categoria","tag-arquiandaluces","tag-arquitecto","tag-enobras","tag-obra","tag-proyecto","tag-vivienda"],"yoast_head":"<!-- This site is optimized with the Yoast SEO plugin v23.5 - https:\/\/yoast.com\/wordpress\/plugins\/seo\/ -->\n<title>Casa BM. Palos de la Frontera. Final de Obra - FAQ arquitectura<\/title>\n<meta name=\"robots\" content=\"index, follow, max-snippet:-1, max-image-preview:large, max-video-preview:-1\" \/>\n<link rel=\"canonical\" href=\"https:\/\/www.faq-arquitectura.com\/index.php\/2015\/08\/03\/casa-bm-palos-de-la-frontera-final-de\/\" \/>\n<meta property=\"og:locale\" content=\"es_ES\" \/>\n<meta property=\"og:type\" content=\"article\" \/>\n<meta property=\"og:title\" content=\"Casa BM. Palos de la Frontera. Final de Obra - FAQ arquitectura\" \/>\n<meta property=\"og:description\" content=\"Hemos terminado la Casa BM en Palos de la Frontera. Arquitecto: V\u00edctor Garc\u00eda Trejo. Arquitecto T\u00e9cnico: Luis Tello Hern\u00e1ndez. Entradas anteriores: FAQ arquitectura: Casa BM. Palos de la Frontera. Avance de obra (4) FAQ arquitectura: Casa BM. Palos de la Frontera. Avance de obra (3) FAQ arquitectura: Casa BM. Palos de la Frontera. Avance de [&hellip;]\" \/>\n<meta property=\"og:url\" content=\"https:\/\/www.faq-arquitectura.com\/index.php\/2015\/08\/03\/casa-bm-palos-de-la-frontera-final-de\/\" \/>\n<meta property=\"og:site_name\" content=\"FAQ arquitectura\" \/>\n<meta property=\"article:publisher\" content=\"https:\/\/www.facebook.com\/FAQarquitectura\/\" \/>\n<meta property=\"article:published_time\" content=\"2015-08-03T08:23:00+00:00\" \/>\n<meta property=\"article:modified_time\" content=\"2016-09-21T17:47:12+00:00\" \/>\n<meta property=\"og:image\" content=\"https:\/\/www.faq-arquitectura.com\/wp-content\/uploads\/2015\/08\/Palos13.jpg\" \/>\n\t<meta property=\"og:image:width\" content=\"320\" \/>\n\t<meta property=\"og:image:height\" content=\"180\" \/>\n\t<meta property=\"og:image:type\" content=\"image\/jpeg\" \/>\n<meta name=\"author\" content=\"FAQarquitectura\" \/>\n<meta name=\"twitter:card\" content=\"summary_large_image\" \/>\n<meta name=\"twitter:creator\" content=\"@FAQarquitectura\" \/>\n<meta name=\"twitter:site\" content=\"@FAQarquitectura\" \/>\n<meta name=\"twitter:label1\" content=\"Escrito por\" \/>\n\t<meta name=\"twitter:data1\" content=\"FAQarquitectura\" \/>\n\t<meta name=\"twitter:label2\" content=\"Tiempo de lectura\" \/>\n\t<meta name=\"twitter:data2\" content=\"1 minuto\" \/>\n<script type=\"application\/ld+json\" class=\"yoast-schema-graph\">{\"@context\":\"https:\/\/schema.org\",\"@graph\":[{\"@type\":\"Article\",\"@id\":\"https:\/\/www.faq-arquitectura.com\/index.php\/2015\/08\/03\/casa-bm-palos-de-la-frontera-final-de\/#article\",\"isPartOf\":{\"@id\":\"https:\/\/www.faq-arquitectura.com\/index.php\/2015\/08\/03\/casa-bm-palos-de-la-frontera-final-de\/\"},\"author\":{\"name\":\"FAQarquitectura\",\"@id\":\"https:\/\/www.faq-arquitectura.com\/#\/schema\/person\/cd6aa407b3379cabf347d5d886448860\"},\"headline\":\"Casa BM. Palos de la Frontera. Final de Obra\",\"datePublished\":\"2015-08-03T08:23:00+00:00\",\"dateModified\":\"2016-09-21T17:47:12+00:00\",\"mainEntityOfPage\":{\"@id\":\"https:\/\/www.faq-arquitectura.com\/index.php\/2015\/08\/03\/casa-bm-palos-de-la-frontera-final-de\/\"},\"wordCount\":115,\"publisher\":{\"@id\":\"https:\/\/www.faq-arquitectura.com\/#organization\"},\"image\":{\"@id\":\"https:\/\/www.faq-arquitectura.com\/index.php\/2015\/08\/03\/casa-bm-palos-de-la-frontera-final-de\/#primaryimage\"},\"thumbnailUrl\":\"https:\/\/www.faq-arquitectura.com\/wp-content\/uploads\/2015\/08\/Palos13.jpg\",\"keywords\":[\"arquiandaluces\",\"Arquitecto\",\"enobras\",\"Obra\",\"Proyecto\",\"Vivienda\"],\"inLanguage\":\"es\"},{\"@type\":\"WebPage\",\"@id\":\"https:\/\/www.faq-arquitectura.com\/index.php\/2015\/08\/03\/casa-bm-palos-de-la-frontera-final-de\/\",\"url\":\"https:\/\/www.faq-arquitectura.com\/index.php\/2015\/08\/03\/casa-bm-palos-de-la-frontera-final-de\/\",\"name\":\"Casa BM. Palos de la Frontera. Final de Obra - FAQ arquitectura\",\"isPartOf\":{\"@id\":\"https:\/\/www.faq-arquitectura.com\/#website\"},\"primaryImageOfPage\":{\"@id\":\"https:\/\/www.faq-arquitectura.com\/index.php\/2015\/08\/03\/casa-bm-palos-de-la-frontera-final-de\/#primaryimage\"},\"image\":{\"@id\":\"https:\/\/www.faq-arquitectura.com\/index.php\/2015\/08\/03\/casa-bm-palos-de-la-frontera-final-de\/#primaryimage\"},\"thumbnailUrl\":\"https:\/\/www.faq-arquitectura.com\/wp-content\/uploads\/2015\/08\/Palos13.jpg\",\"datePublished\":\"2015-08-03T08:23:00+00:00\",\"dateModified\":\"2016-09-21T17:47:12+00:00\",\"breadcrumb\":{\"@id\":\"https:\/\/www.faq-arquitectura.com\/index.php\/2015\/08\/03\/casa-bm-palos-de-la-frontera-final-de\/#breadcrumb\"},\"inLanguage\":\"es\",\"potentialAction\":[{\"@type\":\"ReadAction\",\"target\":[\"https:\/\/www.faq-arquitectura.com\/index.php\/2015\/08\/03\/casa-bm-palos-de-la-frontera-final-de\/\"]}]},{\"@type\":\"ImageObject\",\"inLanguage\":\"es\",\"@id\":\"https:\/\/www.faq-arquitectura.com\/index.php\/2015\/08\/03\/casa-bm-palos-de-la-frontera-final-de\/#primaryimage\",\"url\":\"https:\/\/www.faq-arquitectura.com\/wp-content\/uploads\/2015\/08\/Palos13.jpg\",\"contentUrl\":\"https:\/\/www.faq-arquitectura.com\/wp-content\/uploads\/2015\/08\/Palos13.jpg\",\"width\":320,\"height\":180},{\"@type\":\"BreadcrumbList\",\"@id\":\"https:\/\/www.faq-arquitectura.com\/index.php\/2015\/08\/03\/casa-bm-palos-de-la-frontera-final-de\/#breadcrumb\",\"itemListElement\":[{\"@type\":\"ListItem\",\"position\":1,\"name\":\"Portada\",\"item\":\"https:\/\/www.faq-arquitectura.com\/\"},{\"@type\":\"ListItem\",\"position\":2,\"name\":\"Casa BM. Palos de la Frontera. Final de Obra\"}]},{\"@type\":\"WebSite\",\"@id\":\"https:\/\/www.faq-arquitectura.com\/#website\",\"url\":\"https:\/\/www.faq-arquitectura.com\/\",\"name\":\"FAQ arquitectura\",\"description\":\"Estudio de arquitectura\",\"publisher\":{\"@id\":\"https:\/\/www.faq-arquitectura.com\/#organization\"},\"potentialAction\":[{\"@type\":\"SearchAction\",\"target\":{\"@type\":\"EntryPoint\",\"urlTemplate\":\"https:\/\/www.faq-arquitectura.com\/?s={search_term_string}\"},\"query-input\":{\"@type\":\"PropertyValueSpecification\",\"valueRequired\":true,\"valueName\":\"search_term_string\"}}],\"inLanguage\":\"es\"},{\"@type\":\"Organization\",\"@id\":\"https:\/\/www.faq-arquitectura.com\/#organization\",\"name\":\"FAQ arquitectura\",\"url\":\"https:\/\/www.faq-arquitectura.com\/\",\"logo\":{\"@type\":\"ImageObject\",\"inLanguage\":\"es\",\"@id\":\"https:\/\/www.faq-arquitectura.com\/#\/schema\/logo\/image\/\",\"url\":\"http:\/\/www.faq-arquitectura.com\/wp-content\/uploads\/2017\/02\/LOGO-FAQ-2017.png\",\"contentUrl\":\"http:\/\/www.faq-arquitectura.com\/wp-content\/uploads\/2017\/02\/LOGO-FAQ-2017.png\",\"width\":875,\"height\":246,\"caption\":\"FAQ arquitectura\"},\"image\":{\"@id\":\"https:\/\/www.faq-arquitectura.com\/#\/schema\/logo\/image\/\"},\"sameAs\":[\"https:\/\/www.facebook.com\/FAQarquitectura\/\",\"https:\/\/x.com\/FAQarquitectura\",\"https:\/\/www.instagram.com\/faqarquitectura\/\",\"https:\/\/www.linkedin.com\/company\/faq-arquitectura\",\"https:\/\/es.pinterest.com\/faqarquitectura\/\"]},{\"@type\":\"Person\",\"@id\":\"https:\/\/www.faq-arquitectura.com\/#\/schema\/person\/cd6aa407b3379cabf347d5d886448860\",\"name\":\"FAQarquitectura\",\"image\":{\"@type\":\"ImageObject\",\"inLanguage\":\"es\",\"@id\":\"https:\/\/www.faq-arquitectura.com\/#\/schema\/person\/image\/\",\"url\":\"https:\/\/secure.gravatar.com\/avatar\/71517ce7f24f89166314c7a1ebcbc2c0?s=96&d=mm&r=g\",\"contentUrl\":\"https:\/\/secure.gravatar.com\/avatar\/71517ce7f24f89166314c7a1ebcbc2c0?s=96&d=mm&r=g\",\"caption\":\"FAQarquitectura\"},\"url\":\"https:\/\/www.faq-arquitectura.com\/index.php\/author\/faq2016\/\"}]}<\/script>\n<!-- \/ Yoast SEO plugin. -->","yoast_head_json":{"title":"Casa BM. Palos de la Frontera. Final de Obra - FAQ arquitectura","robots":{"index":"index","follow":"follow","max-snippet":"max-snippet:-1","max-image-preview":"max-image-preview:large","max-video-preview":"max-video-preview:-1"},"canonical":"https:\/\/www.faq-arquitectura.com\/index.php\/2015\/08\/03\/casa-bm-palos-de-la-frontera-final-de\/","og_locale":"es_ES","og_type":"article","og_title":"Casa BM. Palos de la Frontera. Final de Obra - FAQ arquitectura","og_description":"Hemos terminado la Casa BM en Palos de la Frontera. Arquitecto: V\u00edctor Garc\u00eda Trejo. Arquitecto T\u00e9cnico: Luis Tello Hern\u00e1ndez. Entradas anteriores: FAQ arquitectura: Casa BM. Palos de la Frontera. Avance de obra (4) FAQ arquitectura: Casa BM. Palos de la Frontera. Avance de obra (3) FAQ arquitectura: Casa BM. Palos de la Frontera. Avance de [&hellip;]","og_url":"https:\/\/www.faq-arquitectura.com\/index.php\/2015\/08\/03\/casa-bm-palos-de-la-frontera-final-de\/","og_site_name":"FAQ arquitectura","article_publisher":"https:\/\/www.facebook.com\/FAQarquitectura\/","article_published_time":"2015-08-03T08:23:00+00:00","article_modified_time":"2016-09-21T17:47:12+00:00","og_image":[{"width":320,"height":180,"url":"https:\/\/www.faq-arquitectura.com\/wp-content\/uploads\/2015\/08\/Palos13.jpg","type":"image\/jpeg"}],"author":"FAQarquitectura","twitter_card":"summary_large_image","twitter_creator":"@FAQarquitectura","twitter_site":"@FAQarquitectura","twitter_misc":{"Escrito por":"FAQarquitectura","Tiempo de lectura":"1 minuto"},"schema":{"@context":"https:\/\/schema.org","@graph":[{"@type":"Article","@id":"https:\/\/www.faq-arquitectura.com\/index.php\/2015\/08\/03\/casa-bm-palos-de-la-frontera-final-de\/#article","isPartOf":{"@id":"https:\/\/www.faq-arquitectura.com\/index.php\/2015\/08\/03\/casa-bm-palos-de-la-frontera-final-de\/"},"author":{"name":"FAQarquitectura","@id":"https:\/\/www.faq-arquitectura.com\/#\/schema\/person\/cd6aa407b3379cabf347d5d886448860"},"headline":"Casa BM. Palos de la Frontera. Final de Obra","datePublished":"2015-08-03T08:23:00+00:00","dateModified":"2016-09-21T17:47:12+00:00","mainEntityOfPage":{"@id":"https:\/\/www.faq-arquitectura.com\/index.php\/2015\/08\/03\/casa-bm-palos-de-la-frontera-final-de\/"},"wordCount":115,"publisher":{"@id":"https:\/\/www.faq-arquitectura.com\/#organization"},"image":{"@id":"https:\/\/www.faq-arquitectura.com\/index.php\/2015\/08\/03\/casa-bm-palos-de-la-frontera-final-de\/#primaryimage"},"thumbnailUrl":"https:\/\/www.faq-arquitectura.com\/wp-content\/uploads\/2015\/08\/Palos13.jpg","keywords":["arquiandaluces","Arquitecto","enobras","Obra","Proyecto","Vivienda"],"inLanguage":"es"},{"@type":"WebPage","@id":"https:\/\/www.faq-arquitectura.com\/index.php\/2015\/08\/03\/casa-bm-palos-de-la-frontera-final-de\/","url":"https:\/\/www.faq-arquitectura.com\/index.php\/2015\/08\/03\/casa-bm-palos-de-la-frontera-final-de\/","name":"Casa BM. Palos de la Frontera. Final de Obra - FAQ arquitectura","isPartOf":{"@id":"https:\/\/www.faq-arquitectura.com\/#website"},"primaryImageOfPage":{"@id":"https:\/\/www.faq-arquitectura.com\/index.php\/2015\/08\/03\/casa-bm-palos-de-la-frontera-final-de\/#primaryimage"},"image":{"@id":"https:\/\/www.faq-arquitectura.com\/index.php\/2015\/08\/03\/casa-bm-palos-de-la-frontera-final-de\/#primaryimage"},"thumbnailUrl":"https:\/\/www.faq-arquitectura.com\/wp-content\/uploads\/2015\/08\/Palos13.jpg","datePublished":"2015-08-03T08:23:00+00:00","dateModified":"2016-09-21T17:47:12+00:00","breadcrumb":{"@id":"https:\/\/www.faq-arquitectura.com\/index.php\/2015\/08\/03\/casa-bm-palos-de-la-frontera-final-de\/#breadcrumb"},"inLanguage":"es","potentialAction":[{"@type":"ReadAction","target":["https:\/\/www.faq-arquitectura.com\/index.php\/2015\/08\/03\/casa-bm-palos-de-la-frontera-final-de\/"]}]},{"@type":"ImageObject","inLanguage":"es","@id":"https:\/\/www.faq-arquitectura.com\/index.php\/2015\/08\/03\/casa-bm-palos-de-la-frontera-final-de\/#primaryimage","url":"https:\/\/www.faq-arquitectura.com\/wp-content\/uploads\/2015\/08\/Palos13.jpg","contentUrl":"https:\/\/www.faq-arquitectura.com\/wp-content\/uploads\/2015\/08\/Palos13.jpg","width":320,"height":180},{"@type":"BreadcrumbList","@id":"https:\/\/www.faq-arquitectura.com\/index.php\/2015\/08\/03\/casa-bm-palos-de-la-frontera-final-de\/#breadcrumb","itemListElement":[{"@type":"ListItem","position":1,"name":"Portada","item":"https:\/\/www.faq-arquitectura.com\/"},{"@type":"ListItem","position":2,"name":"Casa BM. Palos de la Frontera. Final de Obra"}]},{"@type":"WebSite","@id":"https:\/\/www.faq-arquitectura.com\/#website","url":"https:\/\/www.faq-arquitectura.com\/","name":"FAQ arquitectura","description":"Estudio de arquitectura","publisher":{"@id":"https:\/\/www.faq-arquitectura.com\/#organization"},"potentialAction":[{"@type":"SearchAction","target":{"@type":"EntryPoint","urlTemplate":"https:\/\/www.faq-arquitectura.com\/?s={search_term_string}"},"query-input":{"@type":"PropertyValueSpecification","valueRequired":true,"valueName":"search_term_string"}}],"inLanguage":"es"},{"@type":"Organization","@id":"https:\/\/www.faq-arquitectura.com\/#organization","name":"FAQ arquitectura","url":"https:\/\/www.faq-arquitectura.com\/","logo":{"@type":"ImageObject","inLanguage":"es","@id":"https:\/\/www.faq-arquitectura.com\/#\/schema\/logo\/image\/","url":"http:\/\/www.faq-arquitectura.com\/wp-content\/uploads\/2017\/02\/LOGO-FAQ-2017.png","contentUrl":"http:\/\/www.faq-arquitectura.com\/wp-content\/uploads\/2017\/02\/LOGO-FAQ-2017.png","width":875,"height":246,"caption":"FAQ arquitectura"},"image":{"@id":"https:\/\/www.faq-arquitectura.com\/#\/schema\/logo\/image\/"},"sameAs":["https:\/\/www.facebook.com\/FAQarquitectura\/","https:\/\/x.com\/FAQarquitectura","https:\/\/www.instagram.com\/faqarquitectura\/","https:\/\/www.linkedin.com\/company\/faq-arquitectura","https:\/\/es.pinterest.com\/faqarquitectura\/"]},{"@type":"Person","@id":"https:\/\/www.faq-arquitectura.com\/#\/schema\/person\/cd6aa407b3379cabf347d5d886448860","name":"FAQarquitectura","image":{"@type":"ImageObject","inLanguage":"es","@id":"https:\/\/www.faq-arquitectura.com\/#\/schema\/person\/image\/","url":"https:\/\/secure.gravatar.com\/avatar\/71517ce7f24f89166314c7a1ebcbc2c0?s=96&d=mm&r=g","contentUrl":"https:\/\/secure.gravatar.com\/avatar\/71517ce7f24f89166314c7a1ebcbc2c0?s=96&d=mm&r=g","caption":"FAQarquitectura"},"url":"https:\/\/www.faq-arquitectura.com\/index.php\/author\/faq2016\/"}]}},"_links":{"self":[{"href":"https:\/\/www.faq-arquitectura.com\/index.php\/wp-json\/wp\/v2\/posts\/917"}],"collection":[{"href":"https:\/\/www.faq-arquitectura.com\/index.php\/wp-json\/wp\/v2\/posts"}],"about":[{"href":"https:\/\/www.faq-arquitectura.com\/index.php\/wp-json\/wp\/v2\/types\/post"}],"author":[{"embeddable":true,"href":"https:\/\/www.faq-arquitectura.com\/index.php\/wp-json\/wp\/v2\/users\/1"}],"replies":[{"embeddable":true,"href":"https:\/\/www.faq-arquitectura.com\/index.php\/wp-json\/wp\/v2\/comments?post=917"}],"version-history":[{"count":2,"href":"https:\/\/www.faq-arquitectura.com\/index.php\/wp-json\/wp\/v2\/posts\/917\/revisions"}],"predecessor-version":[{"id":1601,"href":"https:\/\/www.faq-arquitectura.com\/index.php\/wp-json\/wp\/v2\/posts\/917\/revisions\/1601"}],"wp:featuredmedia":[{"embeddable":true,"href":"https:\/\/www.faq-arquitectura.com\/index.php\/wp-json\/wp\/v2\/media\/1154"}],"wp:attachment":[{"href":"https:\/\/www.faq-arquitectura.com\/index.php\/wp-json\/wp\/v2\/media?parent=917"}],"wp:term":[{"taxonomy":"category","embeddable":true,"href":"https:\/\/www.faq-arquitectura.com\/index.php\/wp-json\/wp\/v2\/categories?post=917"},{"taxonomy":"post_tag","embeddable":true,"href":"https:\/\/www.faq-arquitectura.com\/index.php\/wp-json\/wp\/v2\/tags?post=917"}],"curies":[{"name":"wp","href":"https:\/\/api.w.org\/{rel}","templated":true}]}}