{"id":912,"date":"2015-12-15T18:54:00","date_gmt":"2015-12-15T18:54:00","guid":{"rendered":"http:\/\/www.faq-arquitectura.com\/index.php\/2015\/12\/15\/diciembre-2015-trabajos\/"},"modified":"2016-09-21T17:47:12","modified_gmt":"2016-09-21T17:47:12","slug":"diciembre-2015-trabajos","status":"publish","type":"post","link":"https:\/\/www.faq-arquitectura.com\/index.php\/2015\/12\/15\/diciembre-2015-trabajos\/","title":{"rendered":"Diciembre 2015: Trabajos"},"content":{"rendered":"<p>Continuamos en el mes de diciembre cerrando trabajos, continuando otros y comenzando algunos nuevos. Estos son algunos de ellos.<br \/>\nHemos terminado las obras de adecuaci\u00f3n de un edificio comercial en la calle Cerrajer\u00eda de Sevilla.<\/p>\n<div style=\"text-align: center;\">\n<\/div>\n<div style=\"text-align: center;\">\n<a href=\"http:\/\/3.bp.blogspot.com\/-PKpIWSBM0y0\/VnBeU0zJIeI\/AAAAAAAAJSA\/SadBVgZkGgM\/s1600\/Fachada%2B02.jpg\" imageanchor=\"1\"><img loading=\"lazy\" decoding=\"async\" border=\"0\" height=\"400\" src=\"https:\/\/www.faq-arquitectura.com\/wp-content\/uploads\/2015\/12\/Fachada02.jpg\" width=\"197\" \/><\/a><\/div>\n<div style=\"text-align: center;\">\n<\/div>\n<div style=\"text-align: center;\">\n<a href=\"http:\/\/1.bp.blogspot.com\/-rlMXqRRW5q8\/VnBeZP4mY8I\/AAAAAAAAJSM\/84mzAdoQADM\/s1600\/Interior.JPG\" imageanchor=\"1\"><img loading=\"lazy\" decoding=\"async\" border=\"0\" height=\"240\" src=\"https:\/\/www.faq-arquitectura.com\/wp-content\/uploads\/2015\/12\/Interior.jpg\" width=\"320\" \/><\/a><\/div>\n<div style=\"text-align: center;\">\n<\/div>\n<div style=\"text-align: justify;\">\nHemos hecho el proyecto para solicitar la licencia de actividad de la nueva tienda de <a href=\"http:\/\/www.calzadospacorodriguez.com\/\" target=\"_blank\">Calzados Paco Rodr\u00edguez<\/a> en la &nbsp;avenida de Eduardo Dato de Sevilla.<\/div>\n<div class=\"separator\" style=\"clear: both; text-align: center;\">\n<a href=\"http:\/\/3.bp.blogspot.com\/-zEkN-O8zBZw\/VnBfibURSNI\/AAAAAAAAJSU\/IXAl-Redbr4\/s1600\/Eduardo%2BDato.JPG\" imageanchor=\"1\" style=\"margin-left: 1em; margin-right: 1em;\"><img loading=\"lazy\" decoding=\"async\" border=\"0\" height=\"240\" src=\"https:\/\/www.faq-arquitectura.com\/wp-content\/uploads\/2015\/12\/EduardoDato.jpg\" width=\"320\" \/><\/a><\/div>\n<div style=\"text-align: justify;\">\nContinuamos con las obras de la casa MM y del edificio de la calle Puente y Pell\u00f3n.<\/div>\n<div class=\"separator\" style=\"clear: both; text-align: center;\">\n<a href=\"http:\/\/4.bp.blogspot.com\/-A3uvLEXAp_g\/VnBhKHSjukI\/AAAAAAAAJSg\/8WLPRXdsbe0\/s1600\/Obra%2B201-03.JPG\" imageanchor=\"1\" style=\"margin-left: 1em; margin-right: 1em;\"><img loading=\"lazy\" decoding=\"async\" border=\"0\" height=\"240\" src=\"https:\/\/www.faq-arquitectura.com\/wp-content\/uploads\/2015\/12\/Obra201-03.jpg\" width=\"320\" \/><\/a><\/div>\n<div style=\"text-align: center;\">\n<\/div>\n<div style=\"text-align: center;\">\nY seguimos redactando el proyecto de la casa VM, y otros proyectos y encargos.<\/div>\n<div style=\"text-align: center;\">\n<\/div>\n","protected":false},"excerpt":{"rendered":"<p>Continuamos en el mes de diciembre cerrando trabajos, continuando otros y comenzando algunos nuevos. Estos son algunos de ellos. Hemos terminado las obras de adecuaci\u00f3n de un edificio comercial en la calle Cerrajer\u00eda de Sevilla. Hemos hecho el proyecto para solicitar la licencia de actividad de la nueva tienda de Calzados Paco Rodr\u00edguez en la [&hellip;]<\/p>\n","protected":false},"author":1,"featured_media":1121,"comment_status":"closed","ping_status":"closed","sticky":false,"template":"","format":"standard","meta":{"footnotes":""},"categories":[1],"tags":[5,6,8,10,11,12],"class_list":["post-912","post","type-post","status-publish","format-standard","has-post-thumbnail","hentry","category-sin-categoria","tag-arquiandaluces","tag-arquitecto","tag-enobras","tag-proyecto","tag-rehabilitacion","tag-vivienda"],"yoast_head":"<!-- This site is optimized with the Yoast SEO plugin v23.5 - https:\/\/yoast.com\/wordpress\/plugins\/seo\/ -->\n<title>Diciembre 2015: Trabajos - FAQ arquitectura<\/title>\n<meta name=\"robots\" content=\"index, follow, max-snippet:-1, max-image-preview:large, max-video-preview:-1\" \/>\n<link rel=\"canonical\" href=\"https:\/\/www.faq-arquitectura.com\/index.php\/2015\/12\/15\/diciembre-2015-trabajos\/\" \/>\n<meta property=\"og:locale\" content=\"es_ES\" \/>\n<meta property=\"og:type\" content=\"article\" \/>\n<meta property=\"og:title\" content=\"Diciembre 2015: Trabajos - FAQ arquitectura\" \/>\n<meta property=\"og:description\" content=\"Continuamos en el mes de diciembre cerrando trabajos, continuando otros y comenzando algunos nuevos. Estos son algunos de ellos. Hemos terminado las obras de adecuaci\u00f3n de un edificio comercial en la calle Cerrajer\u00eda de Sevilla. Hemos hecho el proyecto para solicitar la licencia de actividad de la nueva tienda de Calzados Paco Rodr\u00edguez en la [&hellip;]\" \/>\n<meta property=\"og:url\" content=\"https:\/\/www.faq-arquitectura.com\/index.php\/2015\/12\/15\/diciembre-2015-trabajos\/\" \/>\n<meta property=\"og:site_name\" content=\"FAQ arquitectura\" \/>\n<meta property=\"article:publisher\" content=\"https:\/\/www.facebook.com\/FAQarquitectura\/\" \/>\n<meta property=\"article:published_time\" content=\"2015-12-15T18:54:00+00:00\" \/>\n<meta property=\"article:modified_time\" content=\"2016-09-21T17:47:12+00:00\" \/>\n<meta property=\"og:image\" content=\"https:\/\/www.faq-arquitectura.com\/wp-content\/uploads\/2015\/12\/Fachada02.jpg\" \/>\n\t<meta property=\"og:image:width\" content=\"198\" \/>\n\t<meta property=\"og:image:height\" content=\"400\" \/>\n\t<meta property=\"og:image:type\" content=\"image\/jpeg\" \/>\n<meta name=\"author\" content=\"FAQarquitectura\" \/>\n<meta name=\"twitter:card\" content=\"summary_large_image\" \/>\n<meta name=\"twitter:creator\" content=\"@FAQarquitectura\" \/>\n<meta name=\"twitter:site\" content=\"@FAQarquitectura\" \/>\n<meta name=\"twitter:label1\" content=\"Escrito por\" \/>\n\t<meta name=\"twitter:data1\" content=\"FAQarquitectura\" \/>\n<script type=\"application\/ld+json\" class=\"yoast-schema-graph\">{\"@context\":\"https:\/\/schema.org\",\"@graph\":[{\"@type\":\"Article\",\"@id\":\"https:\/\/www.faq-arquitectura.com\/index.php\/2015\/12\/15\/diciembre-2015-trabajos\/#article\",\"isPartOf\":{\"@id\":\"https:\/\/www.faq-arquitectura.com\/index.php\/2015\/12\/15\/diciembre-2015-trabajos\/\"},\"author\":{\"name\":\"FAQarquitectura\",\"@id\":\"https:\/\/www.faq-arquitectura.com\/#\/schema\/person\/cd6aa407b3379cabf347d5d886448860\"},\"headline\":\"Diciembre 2015: Trabajos\",\"datePublished\":\"2015-12-15T18:54:00+00:00\",\"dateModified\":\"2016-09-21T17:47:12+00:00\",\"mainEntityOfPage\":{\"@id\":\"https:\/\/www.faq-arquitectura.com\/index.php\/2015\/12\/15\/diciembre-2015-trabajos\/\"},\"wordCount\":99,\"publisher\":{\"@id\":\"https:\/\/www.faq-arquitectura.com\/#organization\"},\"image\":{\"@id\":\"https:\/\/www.faq-arquitectura.com\/index.php\/2015\/12\/15\/diciembre-2015-trabajos\/#primaryimage\"},\"thumbnailUrl\":\"https:\/\/www.faq-arquitectura.com\/wp-content\/uploads\/2015\/12\/Fachada02.jpg\",\"keywords\":[\"arquiandaluces\",\"Arquitecto\",\"enobras\",\"Proyecto\",\"Rehabilitaci\u00f3n\",\"Vivienda\"],\"inLanguage\":\"es\"},{\"@type\":\"WebPage\",\"@id\":\"https:\/\/www.faq-arquitectura.com\/index.php\/2015\/12\/15\/diciembre-2015-trabajos\/\",\"url\":\"https:\/\/www.faq-arquitectura.com\/index.php\/2015\/12\/15\/diciembre-2015-trabajos\/\",\"name\":\"Diciembre 2015: Trabajos - FAQ arquitectura\",\"isPartOf\":{\"@id\":\"https:\/\/www.faq-arquitectura.com\/#website\"},\"primaryImageOfPage\":{\"@id\":\"https:\/\/www.faq-arquitectura.com\/index.php\/2015\/12\/15\/diciembre-2015-trabajos\/#primaryimage\"},\"image\":{\"@id\":\"https:\/\/www.faq-arquitectura.com\/index.php\/2015\/12\/15\/diciembre-2015-trabajos\/#primaryimage\"},\"thumbnailUrl\":\"https:\/\/www.faq-arquitectura.com\/wp-content\/uploads\/2015\/12\/Fachada02.jpg\",\"datePublished\":\"2015-12-15T18:54:00+00:00\",\"dateModified\":\"2016-09-21T17:47:12+00:00\",\"breadcrumb\":{\"@id\":\"https:\/\/www.faq-arquitectura.com\/index.php\/2015\/12\/15\/diciembre-2015-trabajos\/#breadcrumb\"},\"inLanguage\":\"es\",\"potentialAction\":[{\"@type\":\"ReadAction\",\"target\":[\"https:\/\/www.faq-arquitectura.com\/index.php\/2015\/12\/15\/diciembre-2015-trabajos\/\"]}]},{\"@type\":\"ImageObject\",\"inLanguage\":\"es\",\"@id\":\"https:\/\/www.faq-arquitectura.com\/index.php\/2015\/12\/15\/diciembre-2015-trabajos\/#primaryimage\",\"url\":\"https:\/\/www.faq-arquitectura.com\/wp-content\/uploads\/2015\/12\/Fachada02.jpg\",\"contentUrl\":\"https:\/\/www.faq-arquitectura.com\/wp-content\/uploads\/2015\/12\/Fachada02.jpg\",\"width\":198,\"height\":400},{\"@type\":\"BreadcrumbList\",\"@id\":\"https:\/\/www.faq-arquitectura.com\/index.php\/2015\/12\/15\/diciembre-2015-trabajos\/#breadcrumb\",\"itemListElement\":[{\"@type\":\"ListItem\",\"position\":1,\"name\":\"Portada\",\"item\":\"https:\/\/www.faq-arquitectura.com\/\"},{\"@type\":\"ListItem\",\"position\":2,\"name\":\"Diciembre 2015: Trabajos\"}]},{\"@type\":\"WebSite\",\"@id\":\"https:\/\/www.faq-arquitectura.com\/#website\",\"url\":\"https:\/\/www.faq-arquitectura.com\/\",\"name\":\"FAQ arquitectura\",\"description\":\"Estudio de arquitectura\",\"publisher\":{\"@id\":\"https:\/\/www.faq-arquitectura.com\/#organization\"},\"potentialAction\":[{\"@type\":\"SearchAction\",\"target\":{\"@type\":\"EntryPoint\",\"urlTemplate\":\"https:\/\/www.faq-arquitectura.com\/?s={search_term_string}\"},\"query-input\":{\"@type\":\"PropertyValueSpecification\",\"valueRequired\":true,\"valueName\":\"search_term_string\"}}],\"inLanguage\":\"es\"},{\"@type\":\"Organization\",\"@id\":\"https:\/\/www.faq-arquitectura.com\/#organization\",\"name\":\"FAQ arquitectura\",\"url\":\"https:\/\/www.faq-arquitectura.com\/\",\"logo\":{\"@type\":\"ImageObject\",\"inLanguage\":\"es\",\"@id\":\"https:\/\/www.faq-arquitectura.com\/#\/schema\/logo\/image\/\",\"url\":\"http:\/\/www.faq-arquitectura.com\/wp-content\/uploads\/2017\/02\/LOGO-FAQ-2017.png\",\"contentUrl\":\"http:\/\/www.faq-arquitectura.com\/wp-content\/uploads\/2017\/02\/LOGO-FAQ-2017.png\",\"width\":875,\"height\":246,\"caption\":\"FAQ arquitectura\"},\"image\":{\"@id\":\"https:\/\/www.faq-arquitectura.com\/#\/schema\/logo\/image\/\"},\"sameAs\":[\"https:\/\/www.facebook.com\/FAQarquitectura\/\",\"https:\/\/x.com\/FAQarquitectura\",\"https:\/\/www.instagram.com\/faqarquitectura\/\",\"https:\/\/www.linkedin.com\/company\/faq-arquitectura\",\"https:\/\/es.pinterest.com\/faqarquitectura\/\"]},{\"@type\":\"Person\",\"@id\":\"https:\/\/www.faq-arquitectura.com\/#\/schema\/person\/cd6aa407b3379cabf347d5d886448860\",\"name\":\"FAQarquitectura\",\"image\":{\"@type\":\"ImageObject\",\"inLanguage\":\"es\",\"@id\":\"https:\/\/www.faq-arquitectura.com\/#\/schema\/person\/image\/\",\"url\":\"https:\/\/secure.gravatar.com\/avatar\/71517ce7f24f89166314c7a1ebcbc2c0?s=96&d=mm&r=g\",\"contentUrl\":\"https:\/\/secure.gravatar.com\/avatar\/71517ce7f24f89166314c7a1ebcbc2c0?s=96&d=mm&r=g\",\"caption\":\"FAQarquitectura\"},\"url\":\"https:\/\/www.faq-arquitectura.com\/index.php\/author\/faq2016\/\"}]}<\/script>\n<!-- \/ Yoast SEO plugin. -->","yoast_head_json":{"title":"Diciembre 2015: Trabajos - FAQ arquitectura","robots":{"index":"index","follow":"follow","max-snippet":"max-snippet:-1","max-image-preview":"max-image-preview:large","max-video-preview":"max-video-preview:-1"},"canonical":"https:\/\/www.faq-arquitectura.com\/index.php\/2015\/12\/15\/diciembre-2015-trabajos\/","og_locale":"es_ES","og_type":"article","og_title":"Diciembre 2015: Trabajos - FAQ arquitectura","og_description":"Continuamos en el mes de diciembre cerrando trabajos, continuando otros y comenzando algunos nuevos. Estos son algunos de ellos. Hemos terminado las obras de adecuaci\u00f3n de un edificio comercial en la calle Cerrajer\u00eda de Sevilla. Hemos hecho el proyecto para solicitar la licencia de actividad de la nueva tienda de Calzados Paco Rodr\u00edguez en la [&hellip;]","og_url":"https:\/\/www.faq-arquitectura.com\/index.php\/2015\/12\/15\/diciembre-2015-trabajos\/","og_site_name":"FAQ arquitectura","article_publisher":"https:\/\/www.facebook.com\/FAQarquitectura\/","article_published_time":"2015-12-15T18:54:00+00:00","article_modified_time":"2016-09-21T17:47:12+00:00","og_image":[{"width":198,"height":400,"url":"https:\/\/www.faq-arquitectura.com\/wp-content\/uploads\/2015\/12\/Fachada02.jpg","type":"image\/jpeg"}],"author":"FAQarquitectura","twitter_card":"summary_large_image","twitter_creator":"@FAQarquitectura","twitter_site":"@FAQarquitectura","twitter_misc":{"Escrito por":"FAQarquitectura"},"schema":{"@context":"https:\/\/schema.org","@graph":[{"@type":"Article","@id":"https:\/\/www.faq-arquitectura.com\/index.php\/2015\/12\/15\/diciembre-2015-trabajos\/#article","isPartOf":{"@id":"https:\/\/www.faq-arquitectura.com\/index.php\/2015\/12\/15\/diciembre-2015-trabajos\/"},"author":{"name":"FAQarquitectura","@id":"https:\/\/www.faq-arquitectura.com\/#\/schema\/person\/cd6aa407b3379cabf347d5d886448860"},"headline":"Diciembre 2015: Trabajos","datePublished":"2015-12-15T18:54:00+00:00","dateModified":"2016-09-21T17:47:12+00:00","mainEntityOfPage":{"@id":"https:\/\/www.faq-arquitectura.com\/index.php\/2015\/12\/15\/diciembre-2015-trabajos\/"},"wordCount":99,"publisher":{"@id":"https:\/\/www.faq-arquitectura.com\/#organization"},"image":{"@id":"https:\/\/www.faq-arquitectura.com\/index.php\/2015\/12\/15\/diciembre-2015-trabajos\/#primaryimage"},"thumbnailUrl":"https:\/\/www.faq-arquitectura.com\/wp-content\/uploads\/2015\/12\/Fachada02.jpg","keywords":["arquiandaluces","Arquitecto","enobras","Proyecto","Rehabilitaci\u00f3n","Vivienda"],"inLanguage":"es"},{"@type":"WebPage","@id":"https:\/\/www.faq-arquitectura.com\/index.php\/2015\/12\/15\/diciembre-2015-trabajos\/","url":"https:\/\/www.faq-arquitectura.com\/index.php\/2015\/12\/15\/diciembre-2015-trabajos\/","name":"Diciembre 2015: Trabajos - FAQ arquitectura","isPartOf":{"@id":"https:\/\/www.faq-arquitectura.com\/#website"},"primaryImageOfPage":{"@id":"https:\/\/www.faq-arquitectura.com\/index.php\/2015\/12\/15\/diciembre-2015-trabajos\/#primaryimage"},"image":{"@id":"https:\/\/www.faq-arquitectura.com\/index.php\/2015\/12\/15\/diciembre-2015-trabajos\/#primaryimage"},"thumbnailUrl":"https:\/\/www.faq-arquitectura.com\/wp-content\/uploads\/2015\/12\/Fachada02.jpg","datePublished":"2015-12-15T18:54:00+00:00","dateModified":"2016-09-21T17:47:12+00:00","breadcrumb":{"@id":"https:\/\/www.faq-arquitectura.com\/index.php\/2015\/12\/15\/diciembre-2015-trabajos\/#breadcrumb"},"inLanguage":"es","potentialAction":[{"@type":"ReadAction","target":["https:\/\/www.faq-arquitectura.com\/index.php\/2015\/12\/15\/diciembre-2015-trabajos\/"]}]},{"@type":"ImageObject","inLanguage":"es","@id":"https:\/\/www.faq-arquitectura.com\/index.php\/2015\/12\/15\/diciembre-2015-trabajos\/#primaryimage","url":"https:\/\/www.faq-arquitectura.com\/wp-content\/uploads\/2015\/12\/Fachada02.jpg","contentUrl":"https:\/\/www.faq-arquitectura.com\/wp-content\/uploads\/2015\/12\/Fachada02.jpg","width":198,"height":400},{"@type":"BreadcrumbList","@id":"https:\/\/www.faq-arquitectura.com\/index.php\/2015\/12\/15\/diciembre-2015-trabajos\/#breadcrumb","itemListElement":[{"@type":"ListItem","position":1,"name":"Portada","item":"https:\/\/www.faq-arquitectura.com\/"},{"@type":"ListItem","position":2,"name":"Diciembre 2015: Trabajos"}]},{"@type":"WebSite","@id":"https:\/\/www.faq-arquitectura.com\/#website","url":"https:\/\/www.faq-arquitectura.com\/","name":"FAQ arquitectura","description":"Estudio de arquitectura","publisher":{"@id":"https:\/\/www.faq-arquitectura.com\/#organization"},"potentialAction":[{"@type":"SearchAction","target":{"@type":"EntryPoint","urlTemplate":"https:\/\/www.faq-arquitectura.com\/?s={search_term_string}"},"query-input":{"@type":"PropertyValueSpecification","valueRequired":true,"valueName":"search_term_string"}}],"inLanguage":"es"},{"@type":"Organization","@id":"https:\/\/www.faq-arquitectura.com\/#organization","name":"FAQ arquitectura","url":"https:\/\/www.faq-arquitectura.com\/","logo":{"@type":"ImageObject","inLanguage":"es","@id":"https:\/\/www.faq-arquitectura.com\/#\/schema\/logo\/image\/","url":"http:\/\/www.faq-arquitectura.com\/wp-content\/uploads\/2017\/02\/LOGO-FAQ-2017.png","contentUrl":"http:\/\/www.faq-arquitectura.com\/wp-content\/uploads\/2017\/02\/LOGO-FAQ-2017.png","width":875,"height":246,"caption":"FAQ arquitectura"},"image":{"@id":"https:\/\/www.faq-arquitectura.com\/#\/schema\/logo\/image\/"},"sameAs":["https:\/\/www.facebook.com\/FAQarquitectura\/","https:\/\/x.com\/FAQarquitectura","https:\/\/www.instagram.com\/faqarquitectura\/","https:\/\/www.linkedin.com\/company\/faq-arquitectura","https:\/\/es.pinterest.com\/faqarquitectura\/"]},{"@type":"Person","@id":"https:\/\/www.faq-arquitectura.com\/#\/schema\/person\/cd6aa407b3379cabf347d5d886448860","name":"FAQarquitectura","image":{"@type":"ImageObject","inLanguage":"es","@id":"https:\/\/www.faq-arquitectura.com\/#\/schema\/person\/image\/","url":"https:\/\/secure.gravatar.com\/avatar\/71517ce7f24f89166314c7a1ebcbc2c0?s=96&d=mm&r=g","contentUrl":"https:\/\/secure.gravatar.com\/avatar\/71517ce7f24f89166314c7a1ebcbc2c0?s=96&d=mm&r=g","caption":"FAQarquitectura"},"url":"https:\/\/www.faq-arquitectura.com\/index.php\/author\/faq2016\/"}]}},"_links":{"self":[{"href":"https:\/\/www.faq-arquitectura.com\/index.php\/wp-json\/wp\/v2\/posts\/912"}],"collection":[{"href":"https:\/\/www.faq-arquitectura.com\/index.php\/wp-json\/wp\/v2\/posts"}],"about":[{"href":"https:\/\/www.faq-arquitectura.com\/index.php\/wp-json\/wp\/v2\/types\/post"}],"author":[{"embeddable":true,"href":"https:\/\/www.faq-arquitectura.com\/index.php\/wp-json\/wp\/v2\/users\/1"}],"replies":[{"embeddable":true,"href":"https:\/\/www.faq-arquitectura.com\/index.php\/wp-json\/wp\/v2\/comments?post=912"}],"version-history":[{"count":1,"href":"https:\/\/www.faq-arquitectura.com\/index.php\/wp-json\/wp\/v2\/posts\/912\/revisions"}],"predecessor-version":[{"id":1125,"href":"https:\/\/www.faq-arquitectura.com\/index.php\/wp-json\/wp\/v2\/posts\/912\/revisions\/1125"}],"wp:featuredmedia":[{"embeddable":true,"href":"https:\/\/www.faq-arquitectura.com\/index.php\/wp-json\/wp\/v2\/media\/1121"}],"wp:attachment":[{"href":"https:\/\/www.faq-arquitectura.com\/index.php\/wp-json\/wp\/v2\/media?parent=912"}],"wp:term":[{"taxonomy":"category","embeddable":true,"href":"https:\/\/www.faq-arquitectura.com\/index.php\/wp-json\/wp\/v2\/categories?post=912"},{"taxonomy":"post_tag","embeddable":true,"href":"https:\/\/www.faq-arquitectura.com\/index.php\/wp-json\/wp\/v2\/tags?post=912"}],"curies":[{"name":"wp","href":"https:\/\/api.w.org\/{rel}","templated":true}]}}