{"id":2577,"date":"2018-04-10T09:36:03","date_gmt":"2018-04-10T09:36:03","guid":{"rendered":"http:\/\/www.faq-arquitectura.com\/?p=2577"},"modified":"2018-04-10T09:36:40","modified_gmt":"2018-04-10T09:36:40","slug":"casa-jm-cerro-del-aguila-sevilla-avance-de-obra","status":"publish","type":"post","link":"https:\/\/www.faq-arquitectura.com\/index.php\/2018\/04\/10\/casa-jm-cerro-del-aguila-sevilla-avance-de-obra\/","title":{"rendered":"Casa JM. Cerro del \u00c1guila, Sevilla. Avance de obra."},"content":{"rendered":"<p>As\u00ed tenemos ya de avanzada la obra de esta vivienda unifamiliar en el barrio de El Cerro del \u00c1guila de Sevilla. <a href=\"https:\/\/www.faq-arquitectura.com\/index.php\/portfolio\/vivienda-unifamiliar-cerro-del-aguila-sevilla\/\">+info<\/a><\/p>\n<p><img loading=\"lazy\" decoding=\"async\" class=\"aligncenter size-full wp-image-2575\" src=\"https:\/\/www.faq-arquitectura.com\/wp-content\/uploads\/2016\/10\/OBRA234-5.jpg\" alt=\"\" width=\"1058\" height=\"794\" srcset=\"https:\/\/www.faq-arquitectura.com\/wp-content\/uploads\/2016\/10\/OBRA234-5.jpg 1058w, https:\/\/www.faq-arquitectura.com\/wp-content\/uploads\/2016\/10\/OBRA234-5-300x225.jpg 300w, https:\/\/www.faq-arquitectura.com\/wp-content\/uploads\/2016\/10\/OBRA234-5-768x576.jpg 768w, https:\/\/www.faq-arquitectura.com\/wp-content\/uploads\/2016\/10\/OBRA234-5-1024x768.jpg 1024w, https:\/\/www.faq-arquitectura.com\/wp-content\/uploads\/2016\/10\/OBRA234-5-780x585.jpg 780w, https:\/\/www.faq-arquitectura.com\/wp-content\/uploads\/2016\/10\/OBRA234-5-400x300.jpg 400w\" sizes=\"(max-width: 1058px) 100vw, 1058px\" \/><\/p>\n<p><img loading=\"lazy\" decoding=\"async\" class=\"aligncenter size-full wp-image-2573\" src=\"https:\/\/www.faq-arquitectura.com\/wp-content\/uploads\/2016\/10\/OBRA234-3.jpg\" alt=\"\" width=\"1058\" height=\"1411\" srcset=\"https:\/\/www.faq-arquitectura.com\/wp-content\/uploads\/2016\/10\/OBRA234-3.jpg 1058w, https:\/\/www.faq-arquitectura.com\/wp-content\/uploads\/2016\/10\/OBRA234-3-225x300.jpg 225w, https:\/\/www.faq-arquitectura.com\/wp-content\/uploads\/2016\/10\/OBRA234-3-768x1024.jpg 768w, https:\/\/www.faq-arquitectura.com\/wp-content\/uploads\/2016\/10\/OBRA234-3-780x1040.jpg 780w, https:\/\/www.faq-arquitectura.com\/wp-content\/uploads\/2016\/10\/OBRA234-3-400x533.jpg 400w\" sizes=\"(max-width: 1058px) 100vw, 1058px\" \/><\/p>\n<p><img loading=\"lazy\" decoding=\"async\" class=\"aligncenter size-full wp-image-2574\" src=\"https:\/\/www.faq-arquitectura.com\/wp-content\/uploads\/2016\/10\/OBRA234-4.jpg\" alt=\"\" width=\"1058\" height=\"1058\" srcset=\"https:\/\/www.faq-arquitectura.com\/wp-content\/uploads\/2016\/10\/OBRA234-4.jpg 1058w, https:\/\/www.faq-arquitectura.com\/wp-content\/uploads\/2016\/10\/OBRA234-4-150x150.jpg 150w, https:\/\/www.faq-arquitectura.com\/wp-content\/uploads\/2016\/10\/OBRA234-4-300x300.jpg 300w, https:\/\/www.faq-arquitectura.com\/wp-content\/uploads\/2016\/10\/OBRA234-4-768x768.jpg 768w, https:\/\/www.faq-arquitectura.com\/wp-content\/uploads\/2016\/10\/OBRA234-4-1024x1024.jpg 1024w, https:\/\/www.faq-arquitectura.com\/wp-content\/uploads\/2016\/10\/OBRA234-4-780x780.jpg 780w, https:\/\/www.faq-arquitectura.com\/wp-content\/uploads\/2016\/10\/OBRA234-4-400x400.jpg 400w\" sizes=\"(max-width: 1058px) 100vw, 1058px\" \/><\/p>\n<p><img loading=\"lazy\" decoding=\"async\" class=\"aligncenter size-full wp-image-2571\" src=\"https:\/\/www.faq-arquitectura.com\/wp-content\/uploads\/2016\/10\/OBRA234-1.jpg\" alt=\"\" width=\"1058\" height=\"794\" srcset=\"https:\/\/www.faq-arquitectura.com\/wp-content\/uploads\/2016\/10\/OBRA234-1.jpg 1058w, https:\/\/www.faq-arquitectura.com\/wp-content\/uploads\/2016\/10\/OBRA234-1-300x225.jpg 300w, https:\/\/www.faq-arquitectura.com\/wp-content\/uploads\/2016\/10\/OBRA234-1-768x576.jpg 768w, https:\/\/www.faq-arquitectura.com\/wp-content\/uploads\/2016\/10\/OBRA234-1-1024x768.jpg 1024w, https:\/\/www.faq-arquitectura.com\/wp-content\/uploads\/2016\/10\/OBRA234-1-780x585.jpg 780w, https:\/\/www.faq-arquitectura.com\/wp-content\/uploads\/2016\/10\/OBRA234-1-400x300.jpg 400w\" sizes=\"(max-width: 1058px) 100vw, 1058px\" \/><\/p>\n","protected":false},"excerpt":{"rendered":"<p>As\u00ed tenemos ya de avanzada la obra de esta vivienda unifamiliar en el barrio de El Cerro del \u00c1guila de Sevilla. +info<\/p>\n","protected":false},"author":1,"featured_media":2572,"comment_status":"closed","ping_status":"closed","sticky":false,"template":"","format":"standard","meta":{"footnotes":""},"categories":[17,22,20,18,16,23,19,29],"tags":[5,6,7,8,9,10,12],"class_list":["post-2577","post","type-post","status-publish","format-standard","has-post-thumbnail","hentry","category-arquiandaluces","category-arquitecto","category-arquitectura","category-enobras","category-licencias","category-obra","category-proyectos","category-vivienda","tag-arquiandaluces","tag-arquitecto","tag-colaboradores","tag-enobras","tag-obra","tag-proyecto","tag-vivienda"],"yoast_head":"<!-- This site is optimized with the Yoast SEO plugin v23.5 - https:\/\/yoast.com\/wordpress\/plugins\/seo\/ -->\n<title>Casa JM. Cerro del \u00c1guila, Sevilla. Avance de obra. - FAQ arquitectura<\/title>\n<meta name=\"robots\" content=\"index, follow, max-snippet:-1, max-image-preview:large, max-video-preview:-1\" \/>\n<link rel=\"canonical\" href=\"https:\/\/www.faq-arquitectura.com\/index.php\/2018\/04\/10\/casa-jm-cerro-del-aguila-sevilla-avance-de-obra\/\" \/>\n<meta property=\"og:locale\" content=\"es_ES\" \/>\n<meta property=\"og:type\" content=\"article\" \/>\n<meta property=\"og:title\" content=\"Casa JM. Cerro del \u00c1guila, Sevilla. Avance de obra. - FAQ arquitectura\" \/>\n<meta property=\"og:description\" content=\"As\u00ed tenemos ya de avanzada la obra de esta vivienda unifamiliar en el barrio de El Cerro del \u00c1guila de Sevilla. +info\" \/>\n<meta property=\"og:url\" content=\"https:\/\/www.faq-arquitectura.com\/index.php\/2018\/04\/10\/casa-jm-cerro-del-aguila-sevilla-avance-de-obra\/\" \/>\n<meta property=\"og:site_name\" content=\"FAQ arquitectura\" \/>\n<meta property=\"article:publisher\" content=\"https:\/\/www.facebook.com\/FAQarquitectura\/\" \/>\n<meta property=\"article:published_time\" content=\"2018-04-10T09:36:03+00:00\" \/>\n<meta property=\"article:modified_time\" content=\"2018-04-10T09:36:40+00:00\" \/>\n<meta property=\"og:image\" content=\"https:\/\/www.faq-arquitectura.com\/wp-content\/uploads\/2016\/10\/OBRA234-2.jpg\" \/>\n\t<meta property=\"og:image:width\" content=\"1058\" \/>\n\t<meta property=\"og:image:height\" content=\"1058\" \/>\n\t<meta property=\"og:image:type\" content=\"image\/jpeg\" \/>\n<meta name=\"author\" content=\"FAQarquitectura\" \/>\n<meta name=\"twitter:card\" content=\"summary_large_image\" \/>\n<meta name=\"twitter:creator\" content=\"@FAQarquitectura\" \/>\n<meta name=\"twitter:site\" content=\"@FAQarquitectura\" \/>\n<meta name=\"twitter:label1\" content=\"Escrito por\" \/>\n\t<meta name=\"twitter:data1\" content=\"FAQarquitectura\" \/>\n<script type=\"application\/ld+json\" class=\"yoast-schema-graph\">{\"@context\":\"https:\/\/schema.org\",\"@graph\":[{\"@type\":\"Article\",\"@id\":\"https:\/\/www.faq-arquitectura.com\/index.php\/2018\/04\/10\/casa-jm-cerro-del-aguila-sevilla-avance-de-obra\/#article\",\"isPartOf\":{\"@id\":\"https:\/\/www.faq-arquitectura.com\/index.php\/2018\/04\/10\/casa-jm-cerro-del-aguila-sevilla-avance-de-obra\/\"},\"author\":{\"name\":\"FAQarquitectura\",\"@id\":\"https:\/\/www.faq-arquitectura.com\/#\/schema\/person\/cd6aa407b3379cabf347d5d886448860\"},\"headline\":\"Casa JM. Cerro del \u00c1guila, Sevilla. Avance de obra.\",\"datePublished\":\"2018-04-10T09:36:03+00:00\",\"dateModified\":\"2018-04-10T09:36:40+00:00\",\"mainEntityOfPage\":{\"@id\":\"https:\/\/www.faq-arquitectura.com\/index.php\/2018\/04\/10\/casa-jm-cerro-del-aguila-sevilla-avance-de-obra\/\"},\"wordCount\":31,\"publisher\":{\"@id\":\"https:\/\/www.faq-arquitectura.com\/#organization\"},\"image\":{\"@id\":\"https:\/\/www.faq-arquitectura.com\/index.php\/2018\/04\/10\/casa-jm-cerro-del-aguila-sevilla-avance-de-obra\/#primaryimage\"},\"thumbnailUrl\":\"https:\/\/www.faq-arquitectura.com\/wp-content\/uploads\/2016\/10\/OBRA234-2.jpg\",\"keywords\":[\"arquiandaluces\",\"Arquitecto\",\"Colaboradores\",\"enobras\",\"Obra\",\"Proyecto\",\"Vivienda\"],\"articleSection\":[\"arquiandaluces\",\"arquitecto\",\"arquitectura\",\"enobras\",\"Licencias\",\"Obra\",\"proyectos\",\"vivienda\"],\"inLanguage\":\"es\"},{\"@type\":\"WebPage\",\"@id\":\"https:\/\/www.faq-arquitectura.com\/index.php\/2018\/04\/10\/casa-jm-cerro-del-aguila-sevilla-avance-de-obra\/\",\"url\":\"https:\/\/www.faq-arquitectura.com\/index.php\/2018\/04\/10\/casa-jm-cerro-del-aguila-sevilla-avance-de-obra\/\",\"name\":\"Casa JM. Cerro del \u00c1guila, Sevilla. Avance de obra. - FAQ arquitectura\",\"isPartOf\":{\"@id\":\"https:\/\/www.faq-arquitectura.com\/#website\"},\"primaryImageOfPage\":{\"@id\":\"https:\/\/www.faq-arquitectura.com\/index.php\/2018\/04\/10\/casa-jm-cerro-del-aguila-sevilla-avance-de-obra\/#primaryimage\"},\"image\":{\"@id\":\"https:\/\/www.faq-arquitectura.com\/index.php\/2018\/04\/10\/casa-jm-cerro-del-aguila-sevilla-avance-de-obra\/#primaryimage\"},\"thumbnailUrl\":\"https:\/\/www.faq-arquitectura.com\/wp-content\/uploads\/2016\/10\/OBRA234-2.jpg\",\"datePublished\":\"2018-04-10T09:36:03+00:00\",\"dateModified\":\"2018-04-10T09:36:40+00:00\",\"breadcrumb\":{\"@id\":\"https:\/\/www.faq-arquitectura.com\/index.php\/2018\/04\/10\/casa-jm-cerro-del-aguila-sevilla-avance-de-obra\/#breadcrumb\"},\"inLanguage\":\"es\",\"potentialAction\":[{\"@type\":\"ReadAction\",\"target\":[\"https:\/\/www.faq-arquitectura.com\/index.php\/2018\/04\/10\/casa-jm-cerro-del-aguila-sevilla-avance-de-obra\/\"]}]},{\"@type\":\"ImageObject\",\"inLanguage\":\"es\",\"@id\":\"https:\/\/www.faq-arquitectura.com\/index.php\/2018\/04\/10\/casa-jm-cerro-del-aguila-sevilla-avance-de-obra\/#primaryimage\",\"url\":\"https:\/\/www.faq-arquitectura.com\/wp-content\/uploads\/2016\/10\/OBRA234-2.jpg\",\"contentUrl\":\"https:\/\/www.faq-arquitectura.com\/wp-content\/uploads\/2016\/10\/OBRA234-2.jpg\",\"width\":1058,\"height\":1058},{\"@type\":\"BreadcrumbList\",\"@id\":\"https:\/\/www.faq-arquitectura.com\/index.php\/2018\/04\/10\/casa-jm-cerro-del-aguila-sevilla-avance-de-obra\/#breadcrumb\",\"itemListElement\":[{\"@type\":\"ListItem\",\"position\":1,\"name\":\"Portada\",\"item\":\"https:\/\/www.faq-arquitectura.com\/\"},{\"@type\":\"ListItem\",\"position\":2,\"name\":\"Casa JM. Cerro del \u00c1guila, Sevilla. Avance de obra.\"}]},{\"@type\":\"WebSite\",\"@id\":\"https:\/\/www.faq-arquitectura.com\/#website\",\"url\":\"https:\/\/www.faq-arquitectura.com\/\",\"name\":\"FAQ arquitectura\",\"description\":\"Estudio de arquitectura\",\"publisher\":{\"@id\":\"https:\/\/www.faq-arquitectura.com\/#organization\"},\"potentialAction\":[{\"@type\":\"SearchAction\",\"target\":{\"@type\":\"EntryPoint\",\"urlTemplate\":\"https:\/\/www.faq-arquitectura.com\/?s={search_term_string}\"},\"query-input\":{\"@type\":\"PropertyValueSpecification\",\"valueRequired\":true,\"valueName\":\"search_term_string\"}}],\"inLanguage\":\"es\"},{\"@type\":\"Organization\",\"@id\":\"https:\/\/www.faq-arquitectura.com\/#organization\",\"name\":\"FAQ arquitectura\",\"url\":\"https:\/\/www.faq-arquitectura.com\/\",\"logo\":{\"@type\":\"ImageObject\",\"inLanguage\":\"es\",\"@id\":\"https:\/\/www.faq-arquitectura.com\/#\/schema\/logo\/image\/\",\"url\":\"http:\/\/www.faq-arquitectura.com\/wp-content\/uploads\/2017\/02\/LOGO-FAQ-2017.png\",\"contentUrl\":\"http:\/\/www.faq-arquitectura.com\/wp-content\/uploads\/2017\/02\/LOGO-FAQ-2017.png\",\"width\":875,\"height\":246,\"caption\":\"FAQ arquitectura\"},\"image\":{\"@id\":\"https:\/\/www.faq-arquitectura.com\/#\/schema\/logo\/image\/\"},\"sameAs\":[\"https:\/\/www.facebook.com\/FAQarquitectura\/\",\"https:\/\/x.com\/FAQarquitectura\",\"https:\/\/www.instagram.com\/faqarquitectura\/\",\"https:\/\/www.linkedin.com\/company\/faq-arquitectura\",\"https:\/\/es.pinterest.com\/faqarquitectura\/\"]},{\"@type\":\"Person\",\"@id\":\"https:\/\/www.faq-arquitectura.com\/#\/schema\/person\/cd6aa407b3379cabf347d5d886448860\",\"name\":\"FAQarquitectura\",\"image\":{\"@type\":\"ImageObject\",\"inLanguage\":\"es\",\"@id\":\"https:\/\/www.faq-arquitectura.com\/#\/schema\/person\/image\/\",\"url\":\"https:\/\/secure.gravatar.com\/avatar\/71517ce7f24f89166314c7a1ebcbc2c0?s=96&d=mm&r=g\",\"contentUrl\":\"https:\/\/secure.gravatar.com\/avatar\/71517ce7f24f89166314c7a1ebcbc2c0?s=96&d=mm&r=g\",\"caption\":\"FAQarquitectura\"},\"url\":\"https:\/\/www.faq-arquitectura.com\/index.php\/author\/faq2016\/\"}]}<\/script>\n<!-- \/ Yoast SEO plugin. -->","yoast_head_json":{"title":"Casa JM. Cerro del \u00c1guila, Sevilla. Avance de obra. - FAQ arquitectura","robots":{"index":"index","follow":"follow","max-snippet":"max-snippet:-1","max-image-preview":"max-image-preview:large","max-video-preview":"max-video-preview:-1"},"canonical":"https:\/\/www.faq-arquitectura.com\/index.php\/2018\/04\/10\/casa-jm-cerro-del-aguila-sevilla-avance-de-obra\/","og_locale":"es_ES","og_type":"article","og_title":"Casa JM. Cerro del \u00c1guila, Sevilla. Avance de obra. - FAQ arquitectura","og_description":"As\u00ed tenemos ya de avanzada la obra de esta vivienda unifamiliar en el barrio de El Cerro del \u00c1guila de Sevilla. +info","og_url":"https:\/\/www.faq-arquitectura.com\/index.php\/2018\/04\/10\/casa-jm-cerro-del-aguila-sevilla-avance-de-obra\/","og_site_name":"FAQ arquitectura","article_publisher":"https:\/\/www.facebook.com\/FAQarquitectura\/","article_published_time":"2018-04-10T09:36:03+00:00","article_modified_time":"2018-04-10T09:36:40+00:00","og_image":[{"width":1058,"height":1058,"url":"https:\/\/www.faq-arquitectura.com\/wp-content\/uploads\/2016\/10\/OBRA234-2.jpg","type":"image\/jpeg"}],"author":"FAQarquitectura","twitter_card":"summary_large_image","twitter_creator":"@FAQarquitectura","twitter_site":"@FAQarquitectura","twitter_misc":{"Escrito por":"FAQarquitectura"},"schema":{"@context":"https:\/\/schema.org","@graph":[{"@type":"Article","@id":"https:\/\/www.faq-arquitectura.com\/index.php\/2018\/04\/10\/casa-jm-cerro-del-aguila-sevilla-avance-de-obra\/#article","isPartOf":{"@id":"https:\/\/www.faq-arquitectura.com\/index.php\/2018\/04\/10\/casa-jm-cerro-del-aguila-sevilla-avance-de-obra\/"},"author":{"name":"FAQarquitectura","@id":"https:\/\/www.faq-arquitectura.com\/#\/schema\/person\/cd6aa407b3379cabf347d5d886448860"},"headline":"Casa JM. Cerro del \u00c1guila, Sevilla. Avance de obra.","datePublished":"2018-04-10T09:36:03+00:00","dateModified":"2018-04-10T09:36:40+00:00","mainEntityOfPage":{"@id":"https:\/\/www.faq-arquitectura.com\/index.php\/2018\/04\/10\/casa-jm-cerro-del-aguila-sevilla-avance-de-obra\/"},"wordCount":31,"publisher":{"@id":"https:\/\/www.faq-arquitectura.com\/#organization"},"image":{"@id":"https:\/\/www.faq-arquitectura.com\/index.php\/2018\/04\/10\/casa-jm-cerro-del-aguila-sevilla-avance-de-obra\/#primaryimage"},"thumbnailUrl":"https:\/\/www.faq-arquitectura.com\/wp-content\/uploads\/2016\/10\/OBRA234-2.jpg","keywords":["arquiandaluces","Arquitecto","Colaboradores","enobras","Obra","Proyecto","Vivienda"],"articleSection":["arquiandaluces","arquitecto","arquitectura","enobras","Licencias","Obra","proyectos","vivienda"],"inLanguage":"es"},{"@type":"WebPage","@id":"https:\/\/www.faq-arquitectura.com\/index.php\/2018\/04\/10\/casa-jm-cerro-del-aguila-sevilla-avance-de-obra\/","url":"https:\/\/www.faq-arquitectura.com\/index.php\/2018\/04\/10\/casa-jm-cerro-del-aguila-sevilla-avance-de-obra\/","name":"Casa JM. Cerro del \u00c1guila, Sevilla. Avance de obra. - FAQ arquitectura","isPartOf":{"@id":"https:\/\/www.faq-arquitectura.com\/#website"},"primaryImageOfPage":{"@id":"https:\/\/www.faq-arquitectura.com\/index.php\/2018\/04\/10\/casa-jm-cerro-del-aguila-sevilla-avance-de-obra\/#primaryimage"},"image":{"@id":"https:\/\/www.faq-arquitectura.com\/index.php\/2018\/04\/10\/casa-jm-cerro-del-aguila-sevilla-avance-de-obra\/#primaryimage"},"thumbnailUrl":"https:\/\/www.faq-arquitectura.com\/wp-content\/uploads\/2016\/10\/OBRA234-2.jpg","datePublished":"2018-04-10T09:36:03+00:00","dateModified":"2018-04-10T09:36:40+00:00","breadcrumb":{"@id":"https:\/\/www.faq-arquitectura.com\/index.php\/2018\/04\/10\/casa-jm-cerro-del-aguila-sevilla-avance-de-obra\/#breadcrumb"},"inLanguage":"es","potentialAction":[{"@type":"ReadAction","target":["https:\/\/www.faq-arquitectura.com\/index.php\/2018\/04\/10\/casa-jm-cerro-del-aguila-sevilla-avance-de-obra\/"]}]},{"@type":"ImageObject","inLanguage":"es","@id":"https:\/\/www.faq-arquitectura.com\/index.php\/2018\/04\/10\/casa-jm-cerro-del-aguila-sevilla-avance-de-obra\/#primaryimage","url":"https:\/\/www.faq-arquitectura.com\/wp-content\/uploads\/2016\/10\/OBRA234-2.jpg","contentUrl":"https:\/\/www.faq-arquitectura.com\/wp-content\/uploads\/2016\/10\/OBRA234-2.jpg","width":1058,"height":1058},{"@type":"BreadcrumbList","@id":"https:\/\/www.faq-arquitectura.com\/index.php\/2018\/04\/10\/casa-jm-cerro-del-aguila-sevilla-avance-de-obra\/#breadcrumb","itemListElement":[{"@type":"ListItem","position":1,"name":"Portada","item":"https:\/\/www.faq-arquitectura.com\/"},{"@type":"ListItem","position":2,"name":"Casa JM. Cerro del \u00c1guila, Sevilla. Avance de obra."}]},{"@type":"WebSite","@id":"https:\/\/www.faq-arquitectura.com\/#website","url":"https:\/\/www.faq-arquitectura.com\/","name":"FAQ arquitectura","description":"Estudio de arquitectura","publisher":{"@id":"https:\/\/www.faq-arquitectura.com\/#organization"},"potentialAction":[{"@type":"SearchAction","target":{"@type":"EntryPoint","urlTemplate":"https:\/\/www.faq-arquitectura.com\/?s={search_term_string}"},"query-input":{"@type":"PropertyValueSpecification","valueRequired":true,"valueName":"search_term_string"}}],"inLanguage":"es"},{"@type":"Organization","@id":"https:\/\/www.faq-arquitectura.com\/#organization","name":"FAQ arquitectura","url":"https:\/\/www.faq-arquitectura.com\/","logo":{"@type":"ImageObject","inLanguage":"es","@id":"https:\/\/www.faq-arquitectura.com\/#\/schema\/logo\/image\/","url":"http:\/\/www.faq-arquitectura.com\/wp-content\/uploads\/2017\/02\/LOGO-FAQ-2017.png","contentUrl":"http:\/\/www.faq-arquitectura.com\/wp-content\/uploads\/2017\/02\/LOGO-FAQ-2017.png","width":875,"height":246,"caption":"FAQ arquitectura"},"image":{"@id":"https:\/\/www.faq-arquitectura.com\/#\/schema\/logo\/image\/"},"sameAs":["https:\/\/www.facebook.com\/FAQarquitectura\/","https:\/\/x.com\/FAQarquitectura","https:\/\/www.instagram.com\/faqarquitectura\/","https:\/\/www.linkedin.com\/company\/faq-arquitectura","https:\/\/es.pinterest.com\/faqarquitectura\/"]},{"@type":"Person","@id":"https:\/\/www.faq-arquitectura.com\/#\/schema\/person\/cd6aa407b3379cabf347d5d886448860","name":"FAQarquitectura","image":{"@type":"ImageObject","inLanguage":"es","@id":"https:\/\/www.faq-arquitectura.com\/#\/schema\/person\/image\/","url":"https:\/\/secure.gravatar.com\/avatar\/71517ce7f24f89166314c7a1ebcbc2c0?s=96&d=mm&r=g","contentUrl":"https:\/\/secure.gravatar.com\/avatar\/71517ce7f24f89166314c7a1ebcbc2c0?s=96&d=mm&r=g","caption":"FAQarquitectura"},"url":"https:\/\/www.faq-arquitectura.com\/index.php\/author\/faq2016\/"}]}},"_links":{"self":[{"href":"https:\/\/www.faq-arquitectura.com\/index.php\/wp-json\/wp\/v2\/posts\/2577"}],"collection":[{"href":"https:\/\/www.faq-arquitectura.com\/index.php\/wp-json\/wp\/v2\/posts"}],"about":[{"href":"https:\/\/www.faq-arquitectura.com\/index.php\/wp-json\/wp\/v2\/types\/post"}],"author":[{"embeddable":true,"href":"https:\/\/www.faq-arquitectura.com\/index.php\/wp-json\/wp\/v2\/users\/1"}],"replies":[{"embeddable":true,"href":"https:\/\/www.faq-arquitectura.com\/index.php\/wp-json\/wp\/v2\/comments?post=2577"}],"version-history":[{"count":2,"href":"https:\/\/www.faq-arquitectura.com\/index.php\/wp-json\/wp\/v2\/posts\/2577\/revisions"}],"predecessor-version":[{"id":2579,"href":"https:\/\/www.faq-arquitectura.com\/index.php\/wp-json\/wp\/v2\/posts\/2577\/revisions\/2579"}],"wp:featuredmedia":[{"embeddable":true,"href":"https:\/\/www.faq-arquitectura.com\/index.php\/wp-json\/wp\/v2\/media\/2572"}],"wp:attachment":[{"href":"https:\/\/www.faq-arquitectura.com\/index.php\/wp-json\/wp\/v2\/media?parent=2577"}],"wp:term":[{"taxonomy":"category","embeddable":true,"href":"https:\/\/www.faq-arquitectura.com\/index.php\/wp-json\/wp\/v2\/categories?post=2577"},{"taxonomy":"post_tag","embeddable":true,"href":"https:\/\/www.faq-arquitectura.com\/index.php\/wp-json\/wp\/v2\/tags?post=2577"}],"curies":[{"name":"wp","href":"https:\/\/api.w.org\/{rel}","templated":true}]}}