{"id":2560,"date":"2018-02-23T10:05:14","date_gmt":"2018-02-23T10:05:14","guid":{"rendered":"http:\/\/www.faq-arquitectura.com\/?p=2560"},"modified":"2018-02-23T10:05:14","modified_gmt":"2018-02-23T10:05:14","slug":"casa-ag01-arbol-gordo-sevilla","status":"publish","type":"post","link":"https:\/\/www.faq-arquitectura.com\/index.php\/2018\/02\/23\/casa-ag01-arbol-gordo-sevilla\/","title":{"rendered":"CASA AG01. \u00c1rbol Gordo. Sevilla."},"content":{"rendered":"<p>Pr\u00f3ximamente comenzaremos las obras de la <a href=\"https:\/\/www.faq-arquitectura.com\/index.php\/portfolio\/casa-ag01-arbol-gordo-sevilla-proxima-construccion\/\" target=\"_blank\" rel=\"noopener\">CASA AG01<\/a> en el barrio de \u00c1rbol Gordo de Sevilla. Estamos muy ilusionados con este proyecto. Mientras tanto nos conformamos con las im\u00e1genes que nos ha hecho <a href=\"http:\/\/loggia3d.com\/\" target=\"_blank\" rel=\"noopener\">Loggia3D\u00a0<\/a><\/p>\n<p><img loading=\"lazy\" decoding=\"async\" class=\"aligncenter size-large wp-image-2553\" src=\"https:\/\/www.faq-arquitectura.com\/wp-content\/uploads\/2018\/02\/IMG_8503-1024x768.jpg\" alt=\"\" width=\"1024\" height=\"768\" srcset=\"https:\/\/www.faq-arquitectura.com\/wp-content\/uploads\/2018\/02\/IMG_8503-1024x768.jpg 1024w, https:\/\/www.faq-arquitectura.com\/wp-content\/uploads\/2018\/02\/IMG_8503-300x225.jpg 300w, https:\/\/www.faq-arquitectura.com\/wp-content\/uploads\/2018\/02\/IMG_8503-768x576.jpg 768w, https:\/\/www.faq-arquitectura.com\/wp-content\/uploads\/2018\/02\/IMG_8503-780x585.jpg 780w, https:\/\/www.faq-arquitectura.com\/wp-content\/uploads\/2018\/02\/IMG_8503-1200x900.jpg 1200w, https:\/\/www.faq-arquitectura.com\/wp-content\/uploads\/2018\/02\/IMG_8503-400x300.jpg 400w\" sizes=\"(max-width: 1024px) 100vw, 1024px\" \/><\/p>\n","protected":false},"excerpt":{"rendered":"<p>Pr\u00f3ximamente comenzaremos las obras de la CASA AG01 en el barrio de \u00c1rbol Gordo de Sevilla. Estamos muy ilusionados con este proyecto. Mientras tanto nos conformamos con las im\u00e1genes que nos ha hecho Loggia3D\u00a0<\/p>\n","protected":false},"author":1,"featured_media":2552,"comment_status":"closed","ping_status":"closed","sticky":false,"template":"","format":"standard","meta":{"footnotes":""},"categories":[17,22,20,18,16,23,19,29],"tags":[5,6,8,9,10,12],"class_list":["post-2560","post","type-post","status-publish","format-standard","has-post-thumbnail","hentry","category-arquiandaluces","category-arquitecto","category-arquitectura","category-enobras","category-licencias","category-obra","category-proyectos","category-vivienda","tag-arquiandaluces","tag-arquitecto","tag-enobras","tag-obra","tag-proyecto","tag-vivienda"],"yoast_head":"<!-- This site is optimized with the Yoast SEO plugin v23.5 - https:\/\/yoast.com\/wordpress\/plugins\/seo\/ -->\n<title>CASA AG01. \u00c1rbol Gordo. Sevilla. - FAQ arquitectura<\/title>\n<meta name=\"robots\" content=\"index, follow, max-snippet:-1, max-image-preview:large, max-video-preview:-1\" \/>\n<link rel=\"canonical\" href=\"https:\/\/www.faq-arquitectura.com\/index.php\/2018\/02\/23\/casa-ag01-arbol-gordo-sevilla\/\" \/>\n<meta property=\"og:locale\" content=\"es_ES\" \/>\n<meta property=\"og:type\" content=\"article\" \/>\n<meta property=\"og:title\" content=\"CASA AG01. \u00c1rbol Gordo. Sevilla. - FAQ arquitectura\" \/>\n<meta property=\"og:description\" content=\"Pr\u00f3ximamente comenzaremos las obras de la CASA AG01 en el barrio de \u00c1rbol Gordo de Sevilla. Estamos muy ilusionados con este proyecto. Mientras tanto nos conformamos con las im\u00e1genes que nos ha hecho Loggia3D\u00a0\" \/>\n<meta property=\"og:url\" content=\"https:\/\/www.faq-arquitectura.com\/index.php\/2018\/02\/23\/casa-ag01-arbol-gordo-sevilla\/\" \/>\n<meta property=\"og:site_name\" content=\"FAQ arquitectura\" \/>\n<meta property=\"article:publisher\" content=\"https:\/\/www.facebook.com\/FAQarquitectura\/\" \/>\n<meta property=\"article:published_time\" content=\"2018-02-23T10:05:14+00:00\" \/>\n<meta property=\"og:image\" content=\"https:\/\/www.faq-arquitectura.com\/wp-content\/uploads\/2018\/02\/Vista-01.jpg\" \/>\n\t<meta property=\"og:image:width\" content=\"1323\" \/>\n\t<meta property=\"og:image:height\" content=\"992\" \/>\n\t<meta property=\"og:image:type\" content=\"image\/jpeg\" \/>\n<meta name=\"author\" content=\"FAQarquitectura\" \/>\n<meta name=\"twitter:card\" content=\"summary_large_image\" \/>\n<meta name=\"twitter:creator\" content=\"@FAQarquitectura\" \/>\n<meta name=\"twitter:site\" content=\"@FAQarquitectura\" \/>\n<meta name=\"twitter:label1\" content=\"Escrito por\" \/>\n\t<meta name=\"twitter:data1\" content=\"FAQarquitectura\" \/>\n<script type=\"application\/ld+json\" class=\"yoast-schema-graph\">{\"@context\":\"https:\/\/schema.org\",\"@graph\":[{\"@type\":\"Article\",\"@id\":\"https:\/\/www.faq-arquitectura.com\/index.php\/2018\/02\/23\/casa-ag01-arbol-gordo-sevilla\/#article\",\"isPartOf\":{\"@id\":\"https:\/\/www.faq-arquitectura.com\/index.php\/2018\/02\/23\/casa-ag01-arbol-gordo-sevilla\/\"},\"author\":{\"name\":\"FAQarquitectura\",\"@id\":\"https:\/\/www.faq-arquitectura.com\/#\/schema\/person\/cd6aa407b3379cabf347d5d886448860\"},\"headline\":\"CASA AG01. \u00c1rbol Gordo. Sevilla.\",\"datePublished\":\"2018-02-23T10:05:14+00:00\",\"dateModified\":\"2018-02-23T10:05:14+00:00\",\"mainEntityOfPage\":{\"@id\":\"https:\/\/www.faq-arquitectura.com\/index.php\/2018\/02\/23\/casa-ag01-arbol-gordo-sevilla\/\"},\"wordCount\":42,\"publisher\":{\"@id\":\"https:\/\/www.faq-arquitectura.com\/#organization\"},\"image\":{\"@id\":\"https:\/\/www.faq-arquitectura.com\/index.php\/2018\/02\/23\/casa-ag01-arbol-gordo-sevilla\/#primaryimage\"},\"thumbnailUrl\":\"https:\/\/www.faq-arquitectura.com\/wp-content\/uploads\/2018\/02\/Vista-01.jpg\",\"keywords\":[\"arquiandaluces\",\"Arquitecto\",\"enobras\",\"Obra\",\"Proyecto\",\"Vivienda\"],\"articleSection\":[\"arquiandaluces\",\"arquitecto\",\"arquitectura\",\"enobras\",\"Licencias\",\"Obra\",\"proyectos\",\"vivienda\"],\"inLanguage\":\"es\"},{\"@type\":\"WebPage\",\"@id\":\"https:\/\/www.faq-arquitectura.com\/index.php\/2018\/02\/23\/casa-ag01-arbol-gordo-sevilla\/\",\"url\":\"https:\/\/www.faq-arquitectura.com\/index.php\/2018\/02\/23\/casa-ag01-arbol-gordo-sevilla\/\",\"name\":\"CASA AG01. \u00c1rbol Gordo. Sevilla. - FAQ arquitectura\",\"isPartOf\":{\"@id\":\"https:\/\/www.faq-arquitectura.com\/#website\"},\"primaryImageOfPage\":{\"@id\":\"https:\/\/www.faq-arquitectura.com\/index.php\/2018\/02\/23\/casa-ag01-arbol-gordo-sevilla\/#primaryimage\"},\"image\":{\"@id\":\"https:\/\/www.faq-arquitectura.com\/index.php\/2018\/02\/23\/casa-ag01-arbol-gordo-sevilla\/#primaryimage\"},\"thumbnailUrl\":\"https:\/\/www.faq-arquitectura.com\/wp-content\/uploads\/2018\/02\/Vista-01.jpg\",\"datePublished\":\"2018-02-23T10:05:14+00:00\",\"dateModified\":\"2018-02-23T10:05:14+00:00\",\"breadcrumb\":{\"@id\":\"https:\/\/www.faq-arquitectura.com\/index.php\/2018\/02\/23\/casa-ag01-arbol-gordo-sevilla\/#breadcrumb\"},\"inLanguage\":\"es\",\"potentialAction\":[{\"@type\":\"ReadAction\",\"target\":[\"https:\/\/www.faq-arquitectura.com\/index.php\/2018\/02\/23\/casa-ag01-arbol-gordo-sevilla\/\"]}]},{\"@type\":\"ImageObject\",\"inLanguage\":\"es\",\"@id\":\"https:\/\/www.faq-arquitectura.com\/index.php\/2018\/02\/23\/casa-ag01-arbol-gordo-sevilla\/#primaryimage\",\"url\":\"https:\/\/www.faq-arquitectura.com\/wp-content\/uploads\/2018\/02\/Vista-01.jpg\",\"contentUrl\":\"https:\/\/www.faq-arquitectura.com\/wp-content\/uploads\/2018\/02\/Vista-01.jpg\",\"width\":1323,\"height\":992},{\"@type\":\"BreadcrumbList\",\"@id\":\"https:\/\/www.faq-arquitectura.com\/index.php\/2018\/02\/23\/casa-ag01-arbol-gordo-sevilla\/#breadcrumb\",\"itemListElement\":[{\"@type\":\"ListItem\",\"position\":1,\"name\":\"Portada\",\"item\":\"https:\/\/www.faq-arquitectura.com\/\"},{\"@type\":\"ListItem\",\"position\":2,\"name\":\"CASA AG01. \u00c1rbol Gordo. Sevilla.\"}]},{\"@type\":\"WebSite\",\"@id\":\"https:\/\/www.faq-arquitectura.com\/#website\",\"url\":\"https:\/\/www.faq-arquitectura.com\/\",\"name\":\"FAQ arquitectura\",\"description\":\"Estudio de arquitectura\",\"publisher\":{\"@id\":\"https:\/\/www.faq-arquitectura.com\/#organization\"},\"potentialAction\":[{\"@type\":\"SearchAction\",\"target\":{\"@type\":\"EntryPoint\",\"urlTemplate\":\"https:\/\/www.faq-arquitectura.com\/?s={search_term_string}\"},\"query-input\":{\"@type\":\"PropertyValueSpecification\",\"valueRequired\":true,\"valueName\":\"search_term_string\"}}],\"inLanguage\":\"es\"},{\"@type\":\"Organization\",\"@id\":\"https:\/\/www.faq-arquitectura.com\/#organization\",\"name\":\"FAQ arquitectura\",\"url\":\"https:\/\/www.faq-arquitectura.com\/\",\"logo\":{\"@type\":\"ImageObject\",\"inLanguage\":\"es\",\"@id\":\"https:\/\/www.faq-arquitectura.com\/#\/schema\/logo\/image\/\",\"url\":\"http:\/\/www.faq-arquitectura.com\/wp-content\/uploads\/2017\/02\/LOGO-FAQ-2017.png\",\"contentUrl\":\"http:\/\/www.faq-arquitectura.com\/wp-content\/uploads\/2017\/02\/LOGO-FAQ-2017.png\",\"width\":875,\"height\":246,\"caption\":\"FAQ arquitectura\"},\"image\":{\"@id\":\"https:\/\/www.faq-arquitectura.com\/#\/schema\/logo\/image\/\"},\"sameAs\":[\"https:\/\/www.facebook.com\/FAQarquitectura\/\",\"https:\/\/x.com\/FAQarquitectura\",\"https:\/\/www.instagram.com\/faqarquitectura\/\",\"https:\/\/www.linkedin.com\/company\/faq-arquitectura\",\"https:\/\/es.pinterest.com\/faqarquitectura\/\"]},{\"@type\":\"Person\",\"@id\":\"https:\/\/www.faq-arquitectura.com\/#\/schema\/person\/cd6aa407b3379cabf347d5d886448860\",\"name\":\"FAQarquitectura\",\"image\":{\"@type\":\"ImageObject\",\"inLanguage\":\"es\",\"@id\":\"https:\/\/www.faq-arquitectura.com\/#\/schema\/person\/image\/\",\"url\":\"https:\/\/secure.gravatar.com\/avatar\/71517ce7f24f89166314c7a1ebcbc2c0?s=96&d=mm&r=g\",\"contentUrl\":\"https:\/\/secure.gravatar.com\/avatar\/71517ce7f24f89166314c7a1ebcbc2c0?s=96&d=mm&r=g\",\"caption\":\"FAQarquitectura\"},\"url\":\"https:\/\/www.faq-arquitectura.com\/index.php\/author\/faq2016\/\"}]}<\/script>\n<!-- \/ Yoast SEO plugin. -->","yoast_head_json":{"title":"CASA AG01. \u00c1rbol Gordo. Sevilla. - FAQ arquitectura","robots":{"index":"index","follow":"follow","max-snippet":"max-snippet:-1","max-image-preview":"max-image-preview:large","max-video-preview":"max-video-preview:-1"},"canonical":"https:\/\/www.faq-arquitectura.com\/index.php\/2018\/02\/23\/casa-ag01-arbol-gordo-sevilla\/","og_locale":"es_ES","og_type":"article","og_title":"CASA AG01. \u00c1rbol Gordo. Sevilla. - FAQ arquitectura","og_description":"Pr\u00f3ximamente comenzaremos las obras de la CASA AG01 en el barrio de \u00c1rbol Gordo de Sevilla. Estamos muy ilusionados con este proyecto. Mientras tanto nos conformamos con las im\u00e1genes que nos ha hecho Loggia3D\u00a0","og_url":"https:\/\/www.faq-arquitectura.com\/index.php\/2018\/02\/23\/casa-ag01-arbol-gordo-sevilla\/","og_site_name":"FAQ arquitectura","article_publisher":"https:\/\/www.facebook.com\/FAQarquitectura\/","article_published_time":"2018-02-23T10:05:14+00:00","og_image":[{"width":1323,"height":992,"url":"https:\/\/www.faq-arquitectura.com\/wp-content\/uploads\/2018\/02\/Vista-01.jpg","type":"image\/jpeg"}],"author":"FAQarquitectura","twitter_card":"summary_large_image","twitter_creator":"@FAQarquitectura","twitter_site":"@FAQarquitectura","twitter_misc":{"Escrito por":"FAQarquitectura"},"schema":{"@context":"https:\/\/schema.org","@graph":[{"@type":"Article","@id":"https:\/\/www.faq-arquitectura.com\/index.php\/2018\/02\/23\/casa-ag01-arbol-gordo-sevilla\/#article","isPartOf":{"@id":"https:\/\/www.faq-arquitectura.com\/index.php\/2018\/02\/23\/casa-ag01-arbol-gordo-sevilla\/"},"author":{"name":"FAQarquitectura","@id":"https:\/\/www.faq-arquitectura.com\/#\/schema\/person\/cd6aa407b3379cabf347d5d886448860"},"headline":"CASA AG01. \u00c1rbol Gordo. Sevilla.","datePublished":"2018-02-23T10:05:14+00:00","dateModified":"2018-02-23T10:05:14+00:00","mainEntityOfPage":{"@id":"https:\/\/www.faq-arquitectura.com\/index.php\/2018\/02\/23\/casa-ag01-arbol-gordo-sevilla\/"},"wordCount":42,"publisher":{"@id":"https:\/\/www.faq-arquitectura.com\/#organization"},"image":{"@id":"https:\/\/www.faq-arquitectura.com\/index.php\/2018\/02\/23\/casa-ag01-arbol-gordo-sevilla\/#primaryimage"},"thumbnailUrl":"https:\/\/www.faq-arquitectura.com\/wp-content\/uploads\/2018\/02\/Vista-01.jpg","keywords":["arquiandaluces","Arquitecto","enobras","Obra","Proyecto","Vivienda"],"articleSection":["arquiandaluces","arquitecto","arquitectura","enobras","Licencias","Obra","proyectos","vivienda"],"inLanguage":"es"},{"@type":"WebPage","@id":"https:\/\/www.faq-arquitectura.com\/index.php\/2018\/02\/23\/casa-ag01-arbol-gordo-sevilla\/","url":"https:\/\/www.faq-arquitectura.com\/index.php\/2018\/02\/23\/casa-ag01-arbol-gordo-sevilla\/","name":"CASA AG01. \u00c1rbol Gordo. Sevilla. - FAQ arquitectura","isPartOf":{"@id":"https:\/\/www.faq-arquitectura.com\/#website"},"primaryImageOfPage":{"@id":"https:\/\/www.faq-arquitectura.com\/index.php\/2018\/02\/23\/casa-ag01-arbol-gordo-sevilla\/#primaryimage"},"image":{"@id":"https:\/\/www.faq-arquitectura.com\/index.php\/2018\/02\/23\/casa-ag01-arbol-gordo-sevilla\/#primaryimage"},"thumbnailUrl":"https:\/\/www.faq-arquitectura.com\/wp-content\/uploads\/2018\/02\/Vista-01.jpg","datePublished":"2018-02-23T10:05:14+00:00","dateModified":"2018-02-23T10:05:14+00:00","breadcrumb":{"@id":"https:\/\/www.faq-arquitectura.com\/index.php\/2018\/02\/23\/casa-ag01-arbol-gordo-sevilla\/#breadcrumb"},"inLanguage":"es","potentialAction":[{"@type":"ReadAction","target":["https:\/\/www.faq-arquitectura.com\/index.php\/2018\/02\/23\/casa-ag01-arbol-gordo-sevilla\/"]}]},{"@type":"ImageObject","inLanguage":"es","@id":"https:\/\/www.faq-arquitectura.com\/index.php\/2018\/02\/23\/casa-ag01-arbol-gordo-sevilla\/#primaryimage","url":"https:\/\/www.faq-arquitectura.com\/wp-content\/uploads\/2018\/02\/Vista-01.jpg","contentUrl":"https:\/\/www.faq-arquitectura.com\/wp-content\/uploads\/2018\/02\/Vista-01.jpg","width":1323,"height":992},{"@type":"BreadcrumbList","@id":"https:\/\/www.faq-arquitectura.com\/index.php\/2018\/02\/23\/casa-ag01-arbol-gordo-sevilla\/#breadcrumb","itemListElement":[{"@type":"ListItem","position":1,"name":"Portada","item":"https:\/\/www.faq-arquitectura.com\/"},{"@type":"ListItem","position":2,"name":"CASA AG01. \u00c1rbol Gordo. Sevilla."}]},{"@type":"WebSite","@id":"https:\/\/www.faq-arquitectura.com\/#website","url":"https:\/\/www.faq-arquitectura.com\/","name":"FAQ arquitectura","description":"Estudio de arquitectura","publisher":{"@id":"https:\/\/www.faq-arquitectura.com\/#organization"},"potentialAction":[{"@type":"SearchAction","target":{"@type":"EntryPoint","urlTemplate":"https:\/\/www.faq-arquitectura.com\/?s={search_term_string}"},"query-input":{"@type":"PropertyValueSpecification","valueRequired":true,"valueName":"search_term_string"}}],"inLanguage":"es"},{"@type":"Organization","@id":"https:\/\/www.faq-arquitectura.com\/#organization","name":"FAQ arquitectura","url":"https:\/\/www.faq-arquitectura.com\/","logo":{"@type":"ImageObject","inLanguage":"es","@id":"https:\/\/www.faq-arquitectura.com\/#\/schema\/logo\/image\/","url":"http:\/\/www.faq-arquitectura.com\/wp-content\/uploads\/2017\/02\/LOGO-FAQ-2017.png","contentUrl":"http:\/\/www.faq-arquitectura.com\/wp-content\/uploads\/2017\/02\/LOGO-FAQ-2017.png","width":875,"height":246,"caption":"FAQ arquitectura"},"image":{"@id":"https:\/\/www.faq-arquitectura.com\/#\/schema\/logo\/image\/"},"sameAs":["https:\/\/www.facebook.com\/FAQarquitectura\/","https:\/\/x.com\/FAQarquitectura","https:\/\/www.instagram.com\/faqarquitectura\/","https:\/\/www.linkedin.com\/company\/faq-arquitectura","https:\/\/es.pinterest.com\/faqarquitectura\/"]},{"@type":"Person","@id":"https:\/\/www.faq-arquitectura.com\/#\/schema\/person\/cd6aa407b3379cabf347d5d886448860","name":"FAQarquitectura","image":{"@type":"ImageObject","inLanguage":"es","@id":"https:\/\/www.faq-arquitectura.com\/#\/schema\/person\/image\/","url":"https:\/\/secure.gravatar.com\/avatar\/71517ce7f24f89166314c7a1ebcbc2c0?s=96&d=mm&r=g","contentUrl":"https:\/\/secure.gravatar.com\/avatar\/71517ce7f24f89166314c7a1ebcbc2c0?s=96&d=mm&r=g","caption":"FAQarquitectura"},"url":"https:\/\/www.faq-arquitectura.com\/index.php\/author\/faq2016\/"}]}},"_links":{"self":[{"href":"https:\/\/www.faq-arquitectura.com\/index.php\/wp-json\/wp\/v2\/posts\/2560"}],"collection":[{"href":"https:\/\/www.faq-arquitectura.com\/index.php\/wp-json\/wp\/v2\/posts"}],"about":[{"href":"https:\/\/www.faq-arquitectura.com\/index.php\/wp-json\/wp\/v2\/types\/post"}],"author":[{"embeddable":true,"href":"https:\/\/www.faq-arquitectura.com\/index.php\/wp-json\/wp\/v2\/users\/1"}],"replies":[{"embeddable":true,"href":"https:\/\/www.faq-arquitectura.com\/index.php\/wp-json\/wp\/v2\/comments?post=2560"}],"version-history":[{"count":1,"href":"https:\/\/www.faq-arquitectura.com\/index.php\/wp-json\/wp\/v2\/posts\/2560\/revisions"}],"predecessor-version":[{"id":2561,"href":"https:\/\/www.faq-arquitectura.com\/index.php\/wp-json\/wp\/v2\/posts\/2560\/revisions\/2561"}],"wp:featuredmedia":[{"embeddable":true,"href":"https:\/\/www.faq-arquitectura.com\/index.php\/wp-json\/wp\/v2\/media\/2552"}],"wp:attachment":[{"href":"https:\/\/www.faq-arquitectura.com\/index.php\/wp-json\/wp\/v2\/media?parent=2560"}],"wp:term":[{"taxonomy":"category","embeddable":true,"href":"https:\/\/www.faq-arquitectura.com\/index.php\/wp-json\/wp\/v2\/categories?post=2560"},{"taxonomy":"post_tag","embeddable":true,"href":"https:\/\/www.faq-arquitectura.com\/index.php\/wp-json\/wp\/v2\/tags?post=2560"}],"curies":[{"name":"wp","href":"https:\/\/api.w.org\/{rel}","templated":true}]}}