{"id":2322,"date":"2017-08-22T12:17:14","date_gmt":"2017-08-22T12:17:14","guid":{"rendered":"http:\/\/www.faq-arquitectura.com\/?p=2322"},"modified":"2017-08-22T12:17:14","modified_gmt":"2017-08-22T12:17:14","slug":"casa-becu-reportaje-fotografico-fernando-alda","status":"publish","type":"post","link":"https:\/\/www.faq-arquitectura.com\/index.php\/2017\/08\/22\/casa-becu-reportaje-fotografico-fernando-alda\/","title":{"rendered":"Casa BeCu. Reportaje fotogr\u00e1fico de Fernando Alda"},"content":{"rendered":"<p>Ya tenemos el reportaje fotogr\u00e1fico de la Casa BeCu que nos ha realizado Fernando Alda.<\/p>\n<p>Lo pod\u00e9is ver en este enlace: <a href=\"https:\/\/www.faq-arquitectura.com\/index.php\/portfolio\/casa-becu\/\">Casa BeCu.<\/a><\/p>\n","protected":false},"excerpt":{"rendered":"<p>Ya tenemos el reportaje fotogr\u00e1fico de la Casa BeCu que nos ha realizado Fernando Alda. Lo pod\u00e9is ver en este enlace: Casa BeCu.<\/p>\n","protected":false},"author":1,"featured_media":2300,"comment_status":"closed","ping_status":"closed","sticky":false,"template":"","format":"standard","meta":{"footnotes":""},"categories":[17,22,20,18,16,23,19,24,29],"tags":[5,6,9,10,11,12],"class_list":["post-2322","post","type-post","status-publish","format-standard","has-post-thumbnail","hentry","category-arquiandaluces","category-arquitecto","category-arquitectura","category-enobras","category-licencias","category-obra","category-proyectos","category-rehabilitacion","category-vivienda","tag-arquiandaluces","tag-arquitecto","tag-obra","tag-proyecto","tag-rehabilitacion","tag-vivienda"],"yoast_head":"<!-- This site is optimized with the Yoast SEO plugin v23.5 - https:\/\/yoast.com\/wordpress\/plugins\/seo\/ -->\n<title>Casa BeCu. Reportaje fotogr\u00e1fico de Fernando Alda - FAQ arquitectura<\/title>\n<meta name=\"robots\" content=\"index, follow, max-snippet:-1, max-image-preview:large, max-video-preview:-1\" \/>\n<link rel=\"canonical\" href=\"https:\/\/www.faq-arquitectura.com\/index.php\/2017\/08\/22\/casa-becu-reportaje-fotografico-fernando-alda\/\" \/>\n<meta property=\"og:locale\" content=\"es_ES\" \/>\n<meta property=\"og:type\" content=\"article\" \/>\n<meta property=\"og:title\" content=\"Casa BeCu. Reportaje fotogr\u00e1fico de Fernando Alda - FAQ arquitectura\" \/>\n<meta property=\"og:description\" content=\"Ya tenemos el reportaje fotogr\u00e1fico de la Casa BeCu que nos ha realizado Fernando Alda. Lo pod\u00e9is ver en este enlace: Casa BeCu.\" \/>\n<meta property=\"og:url\" content=\"https:\/\/www.faq-arquitectura.com\/index.php\/2017\/08\/22\/casa-becu-reportaje-fotografico-fernando-alda\/\" \/>\n<meta property=\"og:site_name\" content=\"FAQ arquitectura\" \/>\n<meta property=\"article:publisher\" content=\"https:\/\/www.facebook.com\/FAQarquitectura\/\" \/>\n<meta property=\"article:published_time\" content=\"2017-08-22T12:17:14+00:00\" \/>\n<meta property=\"og:image\" content=\"https:\/\/www.faq-arquitectura.com\/wp-content\/uploads\/2016\/10\/8486_07.jpg\" \/>\n\t<meta property=\"og:image:width\" content=\"1200\" \/>\n\t<meta property=\"og:image:height\" content=\"1048\" \/>\n\t<meta property=\"og:image:type\" content=\"image\/jpeg\" \/>\n<meta name=\"author\" content=\"FAQarquitectura\" \/>\n<meta name=\"twitter:card\" content=\"summary_large_image\" \/>\n<meta name=\"twitter:creator\" content=\"@FAQarquitectura\" \/>\n<meta name=\"twitter:site\" content=\"@FAQarquitectura\" \/>\n<meta name=\"twitter:label1\" content=\"Escrito por\" \/>\n\t<meta name=\"twitter:data1\" content=\"FAQarquitectura\" \/>\n<script type=\"application\/ld+json\" class=\"yoast-schema-graph\">{\"@context\":\"https:\/\/schema.org\",\"@graph\":[{\"@type\":\"Article\",\"@id\":\"https:\/\/www.faq-arquitectura.com\/index.php\/2017\/08\/22\/casa-becu-reportaje-fotografico-fernando-alda\/#article\",\"isPartOf\":{\"@id\":\"https:\/\/www.faq-arquitectura.com\/index.php\/2017\/08\/22\/casa-becu-reportaje-fotografico-fernando-alda\/\"},\"author\":{\"name\":\"FAQarquitectura\",\"@id\":\"https:\/\/www.faq-arquitectura.com\/#\/schema\/person\/cd6aa407b3379cabf347d5d886448860\"},\"headline\":\"Casa BeCu. Reportaje fotogr\u00e1fico de Fernando Alda\",\"datePublished\":\"2017-08-22T12:17:14+00:00\",\"dateModified\":\"2017-08-22T12:17:14+00:00\",\"mainEntityOfPage\":{\"@id\":\"https:\/\/www.faq-arquitectura.com\/index.php\/2017\/08\/22\/casa-becu-reportaje-fotografico-fernando-alda\/\"},\"wordCount\":33,\"publisher\":{\"@id\":\"https:\/\/www.faq-arquitectura.com\/#organization\"},\"image\":{\"@id\":\"https:\/\/www.faq-arquitectura.com\/index.php\/2017\/08\/22\/casa-becu-reportaje-fotografico-fernando-alda\/#primaryimage\"},\"thumbnailUrl\":\"https:\/\/www.faq-arquitectura.com\/wp-content\/uploads\/2016\/10\/8486_07.jpg\",\"keywords\":[\"arquiandaluces\",\"Arquitecto\",\"Obra\",\"Proyecto\",\"Rehabilitaci\u00f3n\",\"Vivienda\"],\"articleSection\":[\"arquiandaluces\",\"arquitecto\",\"arquitectura\",\"enobras\",\"Licencias\",\"Obra\",\"proyectos\",\"Rehabilitacion\",\"vivienda\"],\"inLanguage\":\"es\"},{\"@type\":\"WebPage\",\"@id\":\"https:\/\/www.faq-arquitectura.com\/index.php\/2017\/08\/22\/casa-becu-reportaje-fotografico-fernando-alda\/\",\"url\":\"https:\/\/www.faq-arquitectura.com\/index.php\/2017\/08\/22\/casa-becu-reportaje-fotografico-fernando-alda\/\",\"name\":\"Casa BeCu. Reportaje fotogr\u00e1fico de Fernando Alda - FAQ arquitectura\",\"isPartOf\":{\"@id\":\"https:\/\/www.faq-arquitectura.com\/#website\"},\"primaryImageOfPage\":{\"@id\":\"https:\/\/www.faq-arquitectura.com\/index.php\/2017\/08\/22\/casa-becu-reportaje-fotografico-fernando-alda\/#primaryimage\"},\"image\":{\"@id\":\"https:\/\/www.faq-arquitectura.com\/index.php\/2017\/08\/22\/casa-becu-reportaje-fotografico-fernando-alda\/#primaryimage\"},\"thumbnailUrl\":\"https:\/\/www.faq-arquitectura.com\/wp-content\/uploads\/2016\/10\/8486_07.jpg\",\"datePublished\":\"2017-08-22T12:17:14+00:00\",\"dateModified\":\"2017-08-22T12:17:14+00:00\",\"breadcrumb\":{\"@id\":\"https:\/\/www.faq-arquitectura.com\/index.php\/2017\/08\/22\/casa-becu-reportaje-fotografico-fernando-alda\/#breadcrumb\"},\"inLanguage\":\"es\",\"potentialAction\":[{\"@type\":\"ReadAction\",\"target\":[\"https:\/\/www.faq-arquitectura.com\/index.php\/2017\/08\/22\/casa-becu-reportaje-fotografico-fernando-alda\/\"]}]},{\"@type\":\"ImageObject\",\"inLanguage\":\"es\",\"@id\":\"https:\/\/www.faq-arquitectura.com\/index.php\/2017\/08\/22\/casa-becu-reportaje-fotografico-fernando-alda\/#primaryimage\",\"url\":\"https:\/\/www.faq-arquitectura.com\/wp-content\/uploads\/2016\/10\/8486_07.jpg\",\"contentUrl\":\"https:\/\/www.faq-arquitectura.com\/wp-content\/uploads\/2016\/10\/8486_07.jpg\",\"width\":1200,\"height\":1048},{\"@type\":\"BreadcrumbList\",\"@id\":\"https:\/\/www.faq-arquitectura.com\/index.php\/2017\/08\/22\/casa-becu-reportaje-fotografico-fernando-alda\/#breadcrumb\",\"itemListElement\":[{\"@type\":\"ListItem\",\"position\":1,\"name\":\"Portada\",\"item\":\"https:\/\/www.faq-arquitectura.com\/\"},{\"@type\":\"ListItem\",\"position\":2,\"name\":\"Casa BeCu. Reportaje fotogr\u00e1fico de Fernando Alda\"}]},{\"@type\":\"WebSite\",\"@id\":\"https:\/\/www.faq-arquitectura.com\/#website\",\"url\":\"https:\/\/www.faq-arquitectura.com\/\",\"name\":\"FAQ arquitectura\",\"description\":\"Estudio de arquitectura\",\"publisher\":{\"@id\":\"https:\/\/www.faq-arquitectura.com\/#organization\"},\"potentialAction\":[{\"@type\":\"SearchAction\",\"target\":{\"@type\":\"EntryPoint\",\"urlTemplate\":\"https:\/\/www.faq-arquitectura.com\/?s={search_term_string}\"},\"query-input\":{\"@type\":\"PropertyValueSpecification\",\"valueRequired\":true,\"valueName\":\"search_term_string\"}}],\"inLanguage\":\"es\"},{\"@type\":\"Organization\",\"@id\":\"https:\/\/www.faq-arquitectura.com\/#organization\",\"name\":\"FAQ arquitectura\",\"url\":\"https:\/\/www.faq-arquitectura.com\/\",\"logo\":{\"@type\":\"ImageObject\",\"inLanguage\":\"es\",\"@id\":\"https:\/\/www.faq-arquitectura.com\/#\/schema\/logo\/image\/\",\"url\":\"http:\/\/www.faq-arquitectura.com\/wp-content\/uploads\/2017\/02\/LOGO-FAQ-2017.png\",\"contentUrl\":\"http:\/\/www.faq-arquitectura.com\/wp-content\/uploads\/2017\/02\/LOGO-FAQ-2017.png\",\"width\":875,\"height\":246,\"caption\":\"FAQ arquitectura\"},\"image\":{\"@id\":\"https:\/\/www.faq-arquitectura.com\/#\/schema\/logo\/image\/\"},\"sameAs\":[\"https:\/\/www.facebook.com\/FAQarquitectura\/\",\"https:\/\/x.com\/FAQarquitectura\",\"https:\/\/www.instagram.com\/faqarquitectura\/\",\"https:\/\/www.linkedin.com\/company\/faq-arquitectura\",\"https:\/\/es.pinterest.com\/faqarquitectura\/\"]},{\"@type\":\"Person\",\"@id\":\"https:\/\/www.faq-arquitectura.com\/#\/schema\/person\/cd6aa407b3379cabf347d5d886448860\",\"name\":\"FAQarquitectura\",\"image\":{\"@type\":\"ImageObject\",\"inLanguage\":\"es\",\"@id\":\"https:\/\/www.faq-arquitectura.com\/#\/schema\/person\/image\/\",\"url\":\"https:\/\/secure.gravatar.com\/avatar\/71517ce7f24f89166314c7a1ebcbc2c0?s=96&d=mm&r=g\",\"contentUrl\":\"https:\/\/secure.gravatar.com\/avatar\/71517ce7f24f89166314c7a1ebcbc2c0?s=96&d=mm&r=g\",\"caption\":\"FAQarquitectura\"},\"url\":\"https:\/\/www.faq-arquitectura.com\/index.php\/author\/faq2016\/\"}]}<\/script>\n<!-- \/ Yoast SEO plugin. -->","yoast_head_json":{"title":"Casa BeCu. Reportaje fotogr\u00e1fico de Fernando Alda - FAQ arquitectura","robots":{"index":"index","follow":"follow","max-snippet":"max-snippet:-1","max-image-preview":"max-image-preview:large","max-video-preview":"max-video-preview:-1"},"canonical":"https:\/\/www.faq-arquitectura.com\/index.php\/2017\/08\/22\/casa-becu-reportaje-fotografico-fernando-alda\/","og_locale":"es_ES","og_type":"article","og_title":"Casa BeCu. Reportaje fotogr\u00e1fico de Fernando Alda - FAQ arquitectura","og_description":"Ya tenemos el reportaje fotogr\u00e1fico de la Casa BeCu que nos ha realizado Fernando Alda. Lo pod\u00e9is ver en este enlace: Casa BeCu.","og_url":"https:\/\/www.faq-arquitectura.com\/index.php\/2017\/08\/22\/casa-becu-reportaje-fotografico-fernando-alda\/","og_site_name":"FAQ arquitectura","article_publisher":"https:\/\/www.facebook.com\/FAQarquitectura\/","article_published_time":"2017-08-22T12:17:14+00:00","og_image":[{"width":1200,"height":1048,"url":"https:\/\/www.faq-arquitectura.com\/wp-content\/uploads\/2016\/10\/8486_07.jpg","type":"image\/jpeg"}],"author":"FAQarquitectura","twitter_card":"summary_large_image","twitter_creator":"@FAQarquitectura","twitter_site":"@FAQarquitectura","twitter_misc":{"Escrito por":"FAQarquitectura"},"schema":{"@context":"https:\/\/schema.org","@graph":[{"@type":"Article","@id":"https:\/\/www.faq-arquitectura.com\/index.php\/2017\/08\/22\/casa-becu-reportaje-fotografico-fernando-alda\/#article","isPartOf":{"@id":"https:\/\/www.faq-arquitectura.com\/index.php\/2017\/08\/22\/casa-becu-reportaje-fotografico-fernando-alda\/"},"author":{"name":"FAQarquitectura","@id":"https:\/\/www.faq-arquitectura.com\/#\/schema\/person\/cd6aa407b3379cabf347d5d886448860"},"headline":"Casa BeCu. Reportaje fotogr\u00e1fico de Fernando Alda","datePublished":"2017-08-22T12:17:14+00:00","dateModified":"2017-08-22T12:17:14+00:00","mainEntityOfPage":{"@id":"https:\/\/www.faq-arquitectura.com\/index.php\/2017\/08\/22\/casa-becu-reportaje-fotografico-fernando-alda\/"},"wordCount":33,"publisher":{"@id":"https:\/\/www.faq-arquitectura.com\/#organization"},"image":{"@id":"https:\/\/www.faq-arquitectura.com\/index.php\/2017\/08\/22\/casa-becu-reportaje-fotografico-fernando-alda\/#primaryimage"},"thumbnailUrl":"https:\/\/www.faq-arquitectura.com\/wp-content\/uploads\/2016\/10\/8486_07.jpg","keywords":["arquiandaluces","Arquitecto","Obra","Proyecto","Rehabilitaci\u00f3n","Vivienda"],"articleSection":["arquiandaluces","arquitecto","arquitectura","enobras","Licencias","Obra","proyectos","Rehabilitacion","vivienda"],"inLanguage":"es"},{"@type":"WebPage","@id":"https:\/\/www.faq-arquitectura.com\/index.php\/2017\/08\/22\/casa-becu-reportaje-fotografico-fernando-alda\/","url":"https:\/\/www.faq-arquitectura.com\/index.php\/2017\/08\/22\/casa-becu-reportaje-fotografico-fernando-alda\/","name":"Casa BeCu. Reportaje fotogr\u00e1fico de Fernando Alda - FAQ arquitectura","isPartOf":{"@id":"https:\/\/www.faq-arquitectura.com\/#website"},"primaryImageOfPage":{"@id":"https:\/\/www.faq-arquitectura.com\/index.php\/2017\/08\/22\/casa-becu-reportaje-fotografico-fernando-alda\/#primaryimage"},"image":{"@id":"https:\/\/www.faq-arquitectura.com\/index.php\/2017\/08\/22\/casa-becu-reportaje-fotografico-fernando-alda\/#primaryimage"},"thumbnailUrl":"https:\/\/www.faq-arquitectura.com\/wp-content\/uploads\/2016\/10\/8486_07.jpg","datePublished":"2017-08-22T12:17:14+00:00","dateModified":"2017-08-22T12:17:14+00:00","breadcrumb":{"@id":"https:\/\/www.faq-arquitectura.com\/index.php\/2017\/08\/22\/casa-becu-reportaje-fotografico-fernando-alda\/#breadcrumb"},"inLanguage":"es","potentialAction":[{"@type":"ReadAction","target":["https:\/\/www.faq-arquitectura.com\/index.php\/2017\/08\/22\/casa-becu-reportaje-fotografico-fernando-alda\/"]}]},{"@type":"ImageObject","inLanguage":"es","@id":"https:\/\/www.faq-arquitectura.com\/index.php\/2017\/08\/22\/casa-becu-reportaje-fotografico-fernando-alda\/#primaryimage","url":"https:\/\/www.faq-arquitectura.com\/wp-content\/uploads\/2016\/10\/8486_07.jpg","contentUrl":"https:\/\/www.faq-arquitectura.com\/wp-content\/uploads\/2016\/10\/8486_07.jpg","width":1200,"height":1048},{"@type":"BreadcrumbList","@id":"https:\/\/www.faq-arquitectura.com\/index.php\/2017\/08\/22\/casa-becu-reportaje-fotografico-fernando-alda\/#breadcrumb","itemListElement":[{"@type":"ListItem","position":1,"name":"Portada","item":"https:\/\/www.faq-arquitectura.com\/"},{"@type":"ListItem","position":2,"name":"Casa BeCu. Reportaje fotogr\u00e1fico de Fernando Alda"}]},{"@type":"WebSite","@id":"https:\/\/www.faq-arquitectura.com\/#website","url":"https:\/\/www.faq-arquitectura.com\/","name":"FAQ arquitectura","description":"Estudio de arquitectura","publisher":{"@id":"https:\/\/www.faq-arquitectura.com\/#organization"},"potentialAction":[{"@type":"SearchAction","target":{"@type":"EntryPoint","urlTemplate":"https:\/\/www.faq-arquitectura.com\/?s={search_term_string}"},"query-input":{"@type":"PropertyValueSpecification","valueRequired":true,"valueName":"search_term_string"}}],"inLanguage":"es"},{"@type":"Organization","@id":"https:\/\/www.faq-arquitectura.com\/#organization","name":"FAQ arquitectura","url":"https:\/\/www.faq-arquitectura.com\/","logo":{"@type":"ImageObject","inLanguage":"es","@id":"https:\/\/www.faq-arquitectura.com\/#\/schema\/logo\/image\/","url":"http:\/\/www.faq-arquitectura.com\/wp-content\/uploads\/2017\/02\/LOGO-FAQ-2017.png","contentUrl":"http:\/\/www.faq-arquitectura.com\/wp-content\/uploads\/2017\/02\/LOGO-FAQ-2017.png","width":875,"height":246,"caption":"FAQ arquitectura"},"image":{"@id":"https:\/\/www.faq-arquitectura.com\/#\/schema\/logo\/image\/"},"sameAs":["https:\/\/www.facebook.com\/FAQarquitectura\/","https:\/\/x.com\/FAQarquitectura","https:\/\/www.instagram.com\/faqarquitectura\/","https:\/\/www.linkedin.com\/company\/faq-arquitectura","https:\/\/es.pinterest.com\/faqarquitectura\/"]},{"@type":"Person","@id":"https:\/\/www.faq-arquitectura.com\/#\/schema\/person\/cd6aa407b3379cabf347d5d886448860","name":"FAQarquitectura","image":{"@type":"ImageObject","inLanguage":"es","@id":"https:\/\/www.faq-arquitectura.com\/#\/schema\/person\/image\/","url":"https:\/\/secure.gravatar.com\/avatar\/71517ce7f24f89166314c7a1ebcbc2c0?s=96&d=mm&r=g","contentUrl":"https:\/\/secure.gravatar.com\/avatar\/71517ce7f24f89166314c7a1ebcbc2c0?s=96&d=mm&r=g","caption":"FAQarquitectura"},"url":"https:\/\/www.faq-arquitectura.com\/index.php\/author\/faq2016\/"}]}},"_links":{"self":[{"href":"https:\/\/www.faq-arquitectura.com\/index.php\/wp-json\/wp\/v2\/posts\/2322"}],"collection":[{"href":"https:\/\/www.faq-arquitectura.com\/index.php\/wp-json\/wp\/v2\/posts"}],"about":[{"href":"https:\/\/www.faq-arquitectura.com\/index.php\/wp-json\/wp\/v2\/types\/post"}],"author":[{"embeddable":true,"href":"https:\/\/www.faq-arquitectura.com\/index.php\/wp-json\/wp\/v2\/users\/1"}],"replies":[{"embeddable":true,"href":"https:\/\/www.faq-arquitectura.com\/index.php\/wp-json\/wp\/v2\/comments?post=2322"}],"version-history":[{"count":1,"href":"https:\/\/www.faq-arquitectura.com\/index.php\/wp-json\/wp\/v2\/posts\/2322\/revisions"}],"predecessor-version":[{"id":2323,"href":"https:\/\/www.faq-arquitectura.com\/index.php\/wp-json\/wp\/v2\/posts\/2322\/revisions\/2323"}],"wp:featuredmedia":[{"embeddable":true,"href":"https:\/\/www.faq-arquitectura.com\/index.php\/wp-json\/wp\/v2\/media\/2300"}],"wp:attachment":[{"href":"https:\/\/www.faq-arquitectura.com\/index.php\/wp-json\/wp\/v2\/media?parent=2322"}],"wp:term":[{"taxonomy":"category","embeddable":true,"href":"https:\/\/www.faq-arquitectura.com\/index.php\/wp-json\/wp\/v2\/categories?post=2322"},{"taxonomy":"post_tag","embeddable":true,"href":"https:\/\/www.faq-arquitectura.com\/index.php\/wp-json\/wp\/v2\/tags?post=2322"}],"curies":[{"name":"wp","href":"https:\/\/api.w.org\/{rel}","templated":true}]}}