{"id":2320,"date":"2017-08-18T12:14:23","date_gmt":"2017-08-18T12:14:23","guid":{"rendered":"http:\/\/www.faq-arquitectura.com\/?p=2320"},"modified":"2017-08-22T12:15:03","modified_gmt":"2017-08-22T12:15:03","slug":"proxima-apertura-del-nuevo-porto-marina-restaurant-amsterdam","status":"publish","type":"post","link":"https:\/\/www.faq-arquitectura.com\/index.php\/2017\/08\/18\/proxima-apertura-del-nuevo-porto-marina-restaurant-amsterdam\/","title":{"rendered":"Pr\u00f3xima apertura del nuevo PORTO MARINA Restaurant en Amsterdam"},"content":{"rendered":"<p>Pronto ser\u00e1 la inauguraci\u00f3n del nuevo PORTO MARINA Restaurant en Amsterdam.<\/p>\n<p>En el distrito de Osdorp de Amsterdam realizamos el dise\u00f1o interior de un segundo restaurante PORTO MARINA Sea Food &amp; Tapas.<\/p>\n<p>Igualmente se trata de un restaurante de cocina fusi\u00f3n mediterr\u00e1nea \u2013 marroqu\u00ed donde se busca una uni\u00f3n entre detalles tradicionales que evoquen esa zona y un dise\u00f1o actual y desenfadado, utilizando materiales como la madera en revestimientos y celos\u00edas, la piedra y una iluminaci\u00f3n adecuada al objetivo.<\/p>\n<p>Pod\u00e9is ver el resultado final en este enlace: <a href=\"https:\/\/www.faq-arquitectura.com\/index.php\/portfolio\/restaurant-porto-marina-1-osdrop-amsterdam-paises-bajos\/\">PORTO MARINA Sea Food &amp; Tapas II<\/a><\/p>\n","protected":false},"excerpt":{"rendered":"<p>Pronto ser\u00e1 la inauguraci\u00f3n del nuevo PORTO MARINA Restaurant en Amsterdam. En el distrito de Osdorp de Amsterdam realizamos el dise\u00f1o interior de un segundo restaurante PORTO MARINA Sea Food &amp; Tapas. Igualmente se trata de un restaurante de cocina fusi\u00f3n mediterr\u00e1nea \u2013 marroqu\u00ed donde se busca una uni\u00f3n entre detalles tradicionales que evoquen esa [&hellip;]<\/p>\n","protected":false},"author":1,"featured_media":2310,"comment_status":"closed","ping_status":"closed","sticky":false,"template":"","format":"standard","meta":{"footnotes":""},"categories":[17,22,20,18,16,23,19,24],"tags":[5,6,7,9,10,11],"class_list":["post-2320","post","type-post","status-publish","format-standard","has-post-thumbnail","hentry","category-arquiandaluces","category-arquitecto","category-arquitectura","category-enobras","category-licencias","category-obra","category-proyectos","category-rehabilitacion","tag-arquiandaluces","tag-arquitecto","tag-colaboradores","tag-obra","tag-proyecto","tag-rehabilitacion"],"yoast_head":"<!-- This site is optimized with the Yoast SEO plugin v23.5 - https:\/\/yoast.com\/wordpress\/plugins\/seo\/ -->\n<title>Pr\u00f3xima apertura del nuevo PORTO MARINA Restaurant en Amsterdam - FAQ arquitectura<\/title>\n<meta name=\"robots\" content=\"index, follow, max-snippet:-1, max-image-preview:large, max-video-preview:-1\" \/>\n<link rel=\"canonical\" href=\"https:\/\/www.faq-arquitectura.com\/index.php\/2017\/08\/18\/proxima-apertura-del-nuevo-porto-marina-restaurant-amsterdam\/\" \/>\n<meta property=\"og:locale\" content=\"es_ES\" \/>\n<meta property=\"og:type\" content=\"article\" \/>\n<meta property=\"og:title\" content=\"Pr\u00f3xima apertura del nuevo PORTO MARINA Restaurant en Amsterdam - FAQ arquitectura\" \/>\n<meta property=\"og:description\" content=\"Pronto ser\u00e1 la inauguraci\u00f3n del nuevo PORTO MARINA Restaurant en Amsterdam. En el distrito de Osdorp de Amsterdam realizamos el dise\u00f1o interior de un segundo restaurante PORTO MARINA Sea Food &amp; Tapas. Igualmente se trata de un restaurante de cocina fusi\u00f3n mediterr\u00e1nea \u2013 marroqu\u00ed donde se busca una uni\u00f3n entre detalles tradicionales que evoquen esa [&hellip;]\" \/>\n<meta property=\"og:url\" content=\"https:\/\/www.faq-arquitectura.com\/index.php\/2017\/08\/18\/proxima-apertura-del-nuevo-porto-marina-restaurant-amsterdam\/\" \/>\n<meta property=\"og:site_name\" content=\"FAQ arquitectura\" \/>\n<meta property=\"article:publisher\" content=\"https:\/\/www.facebook.com\/FAQarquitectura\/\" \/>\n<meta property=\"article:published_time\" content=\"2017-08-18T12:14:23+00:00\" \/>\n<meta property=\"article:modified_time\" content=\"2017-08-22T12:15:03+00:00\" \/>\n<meta property=\"og:image\" content=\"https:\/\/www.faq-arquitectura.com\/wp-content\/uploads\/2016\/08\/IMG_7421.jpg\" \/>\n\t<meta property=\"og:image:width\" content=\"1600\" \/>\n\t<meta property=\"og:image:height\" content=\"1200\" \/>\n\t<meta property=\"og:image:type\" content=\"image\/jpeg\" \/>\n<meta name=\"author\" content=\"FAQarquitectura\" \/>\n<meta name=\"twitter:card\" content=\"summary_large_image\" \/>\n<meta name=\"twitter:creator\" content=\"@FAQarquitectura\" \/>\n<meta name=\"twitter:site\" content=\"@FAQarquitectura\" \/>\n<meta name=\"twitter:label1\" content=\"Escrito por\" \/>\n\t<meta name=\"twitter:data1\" content=\"FAQarquitectura\" \/>\n\t<meta name=\"twitter:label2\" content=\"Tiempo de lectura\" \/>\n\t<meta name=\"twitter:data2\" content=\"1 minuto\" \/>\n<script type=\"application\/ld+json\" class=\"yoast-schema-graph\">{\"@context\":\"https:\/\/schema.org\",\"@graph\":[{\"@type\":\"Article\",\"@id\":\"https:\/\/www.faq-arquitectura.com\/index.php\/2017\/08\/18\/proxima-apertura-del-nuevo-porto-marina-restaurant-amsterdam\/#article\",\"isPartOf\":{\"@id\":\"https:\/\/www.faq-arquitectura.com\/index.php\/2017\/08\/18\/proxima-apertura-del-nuevo-porto-marina-restaurant-amsterdam\/\"},\"author\":{\"name\":\"FAQarquitectura\",\"@id\":\"https:\/\/www.faq-arquitectura.com\/#\/schema\/person\/cd6aa407b3379cabf347d5d886448860\"},\"headline\":\"Pr\u00f3xima apertura del nuevo PORTO MARINA Restaurant en Amsterdam\",\"datePublished\":\"2017-08-18T12:14:23+00:00\",\"dateModified\":\"2017-08-22T12:15:03+00:00\",\"mainEntityOfPage\":{\"@id\":\"https:\/\/www.faq-arquitectura.com\/index.php\/2017\/08\/18\/proxima-apertura-del-nuevo-porto-marina-restaurant-amsterdam\/\"},\"wordCount\":112,\"publisher\":{\"@id\":\"https:\/\/www.faq-arquitectura.com\/#organization\"},\"image\":{\"@id\":\"https:\/\/www.faq-arquitectura.com\/index.php\/2017\/08\/18\/proxima-apertura-del-nuevo-porto-marina-restaurant-amsterdam\/#primaryimage\"},\"thumbnailUrl\":\"https:\/\/www.faq-arquitectura.com\/wp-content\/uploads\/2016\/08\/IMG_7421.jpg\",\"keywords\":[\"arquiandaluces\",\"Arquitecto\",\"Colaboradores\",\"Obra\",\"Proyecto\",\"Rehabilitaci\u00f3n\"],\"articleSection\":[\"arquiandaluces\",\"arquitecto\",\"arquitectura\",\"enobras\",\"Licencias\",\"Obra\",\"proyectos\",\"Rehabilitacion\"],\"inLanguage\":\"es\"},{\"@type\":\"WebPage\",\"@id\":\"https:\/\/www.faq-arquitectura.com\/index.php\/2017\/08\/18\/proxima-apertura-del-nuevo-porto-marina-restaurant-amsterdam\/\",\"url\":\"https:\/\/www.faq-arquitectura.com\/index.php\/2017\/08\/18\/proxima-apertura-del-nuevo-porto-marina-restaurant-amsterdam\/\",\"name\":\"Pr\u00f3xima apertura del nuevo PORTO MARINA Restaurant en Amsterdam - FAQ arquitectura\",\"isPartOf\":{\"@id\":\"https:\/\/www.faq-arquitectura.com\/#website\"},\"primaryImageOfPage\":{\"@id\":\"https:\/\/www.faq-arquitectura.com\/index.php\/2017\/08\/18\/proxima-apertura-del-nuevo-porto-marina-restaurant-amsterdam\/#primaryimage\"},\"image\":{\"@id\":\"https:\/\/www.faq-arquitectura.com\/index.php\/2017\/08\/18\/proxima-apertura-del-nuevo-porto-marina-restaurant-amsterdam\/#primaryimage\"},\"thumbnailUrl\":\"https:\/\/www.faq-arquitectura.com\/wp-content\/uploads\/2016\/08\/IMG_7421.jpg\",\"datePublished\":\"2017-08-18T12:14:23+00:00\",\"dateModified\":\"2017-08-22T12:15:03+00:00\",\"breadcrumb\":{\"@id\":\"https:\/\/www.faq-arquitectura.com\/index.php\/2017\/08\/18\/proxima-apertura-del-nuevo-porto-marina-restaurant-amsterdam\/#breadcrumb\"},\"inLanguage\":\"es\",\"potentialAction\":[{\"@type\":\"ReadAction\",\"target\":[\"https:\/\/www.faq-arquitectura.com\/index.php\/2017\/08\/18\/proxima-apertura-del-nuevo-porto-marina-restaurant-amsterdam\/\"]}]},{\"@type\":\"ImageObject\",\"inLanguage\":\"es\",\"@id\":\"https:\/\/www.faq-arquitectura.com\/index.php\/2017\/08\/18\/proxima-apertura-del-nuevo-porto-marina-restaurant-amsterdam\/#primaryimage\",\"url\":\"https:\/\/www.faq-arquitectura.com\/wp-content\/uploads\/2016\/08\/IMG_7421.jpg\",\"contentUrl\":\"https:\/\/www.faq-arquitectura.com\/wp-content\/uploads\/2016\/08\/IMG_7421.jpg\",\"width\":1600,\"height\":1200},{\"@type\":\"BreadcrumbList\",\"@id\":\"https:\/\/www.faq-arquitectura.com\/index.php\/2017\/08\/18\/proxima-apertura-del-nuevo-porto-marina-restaurant-amsterdam\/#breadcrumb\",\"itemListElement\":[{\"@type\":\"ListItem\",\"position\":1,\"name\":\"Portada\",\"item\":\"https:\/\/www.faq-arquitectura.com\/\"},{\"@type\":\"ListItem\",\"position\":2,\"name\":\"Pr\u00f3xima apertura del nuevo PORTO MARINA Restaurant en Amsterdam\"}]},{\"@type\":\"WebSite\",\"@id\":\"https:\/\/www.faq-arquitectura.com\/#website\",\"url\":\"https:\/\/www.faq-arquitectura.com\/\",\"name\":\"FAQ arquitectura\",\"description\":\"Estudio de arquitectura\",\"publisher\":{\"@id\":\"https:\/\/www.faq-arquitectura.com\/#organization\"},\"potentialAction\":[{\"@type\":\"SearchAction\",\"target\":{\"@type\":\"EntryPoint\",\"urlTemplate\":\"https:\/\/www.faq-arquitectura.com\/?s={search_term_string}\"},\"query-input\":{\"@type\":\"PropertyValueSpecification\",\"valueRequired\":true,\"valueName\":\"search_term_string\"}}],\"inLanguage\":\"es\"},{\"@type\":\"Organization\",\"@id\":\"https:\/\/www.faq-arquitectura.com\/#organization\",\"name\":\"FAQ arquitectura\",\"url\":\"https:\/\/www.faq-arquitectura.com\/\",\"logo\":{\"@type\":\"ImageObject\",\"inLanguage\":\"es\",\"@id\":\"https:\/\/www.faq-arquitectura.com\/#\/schema\/logo\/image\/\",\"url\":\"http:\/\/www.faq-arquitectura.com\/wp-content\/uploads\/2017\/02\/LOGO-FAQ-2017.png\",\"contentUrl\":\"http:\/\/www.faq-arquitectura.com\/wp-content\/uploads\/2017\/02\/LOGO-FAQ-2017.png\",\"width\":875,\"height\":246,\"caption\":\"FAQ arquitectura\"},\"image\":{\"@id\":\"https:\/\/www.faq-arquitectura.com\/#\/schema\/logo\/image\/\"},\"sameAs\":[\"https:\/\/www.facebook.com\/FAQarquitectura\/\",\"https:\/\/x.com\/FAQarquitectura\",\"https:\/\/www.instagram.com\/faqarquitectura\/\",\"https:\/\/www.linkedin.com\/company\/faq-arquitectura\",\"https:\/\/es.pinterest.com\/faqarquitectura\/\"]},{\"@type\":\"Person\",\"@id\":\"https:\/\/www.faq-arquitectura.com\/#\/schema\/person\/cd6aa407b3379cabf347d5d886448860\",\"name\":\"FAQarquitectura\",\"image\":{\"@type\":\"ImageObject\",\"inLanguage\":\"es\",\"@id\":\"https:\/\/www.faq-arquitectura.com\/#\/schema\/person\/image\/\",\"url\":\"https:\/\/secure.gravatar.com\/avatar\/71517ce7f24f89166314c7a1ebcbc2c0?s=96&d=mm&r=g\",\"contentUrl\":\"https:\/\/secure.gravatar.com\/avatar\/71517ce7f24f89166314c7a1ebcbc2c0?s=96&d=mm&r=g\",\"caption\":\"FAQarquitectura\"},\"url\":\"https:\/\/www.faq-arquitectura.com\/index.php\/author\/faq2016\/\"}]}<\/script>\n<!-- \/ Yoast SEO plugin. -->","yoast_head_json":{"title":"Pr\u00f3xima apertura del nuevo PORTO MARINA Restaurant en Amsterdam - FAQ arquitectura","robots":{"index":"index","follow":"follow","max-snippet":"max-snippet:-1","max-image-preview":"max-image-preview:large","max-video-preview":"max-video-preview:-1"},"canonical":"https:\/\/www.faq-arquitectura.com\/index.php\/2017\/08\/18\/proxima-apertura-del-nuevo-porto-marina-restaurant-amsterdam\/","og_locale":"es_ES","og_type":"article","og_title":"Pr\u00f3xima apertura del nuevo PORTO MARINA Restaurant en Amsterdam - FAQ arquitectura","og_description":"Pronto ser\u00e1 la inauguraci\u00f3n del nuevo PORTO MARINA Restaurant en Amsterdam. En el distrito de Osdorp de Amsterdam realizamos el dise\u00f1o interior de un segundo restaurante PORTO MARINA Sea Food &amp; Tapas. Igualmente se trata de un restaurante de cocina fusi\u00f3n mediterr\u00e1nea \u2013 marroqu\u00ed donde se busca una uni\u00f3n entre detalles tradicionales que evoquen esa [&hellip;]","og_url":"https:\/\/www.faq-arquitectura.com\/index.php\/2017\/08\/18\/proxima-apertura-del-nuevo-porto-marina-restaurant-amsterdam\/","og_site_name":"FAQ arquitectura","article_publisher":"https:\/\/www.facebook.com\/FAQarquitectura\/","article_published_time":"2017-08-18T12:14:23+00:00","article_modified_time":"2017-08-22T12:15:03+00:00","og_image":[{"width":1600,"height":1200,"url":"https:\/\/www.faq-arquitectura.com\/wp-content\/uploads\/2016\/08\/IMG_7421.jpg","type":"image\/jpeg"}],"author":"FAQarquitectura","twitter_card":"summary_large_image","twitter_creator":"@FAQarquitectura","twitter_site":"@FAQarquitectura","twitter_misc":{"Escrito por":"FAQarquitectura","Tiempo de lectura":"1 minuto"},"schema":{"@context":"https:\/\/schema.org","@graph":[{"@type":"Article","@id":"https:\/\/www.faq-arquitectura.com\/index.php\/2017\/08\/18\/proxima-apertura-del-nuevo-porto-marina-restaurant-amsterdam\/#article","isPartOf":{"@id":"https:\/\/www.faq-arquitectura.com\/index.php\/2017\/08\/18\/proxima-apertura-del-nuevo-porto-marina-restaurant-amsterdam\/"},"author":{"name":"FAQarquitectura","@id":"https:\/\/www.faq-arquitectura.com\/#\/schema\/person\/cd6aa407b3379cabf347d5d886448860"},"headline":"Pr\u00f3xima apertura del nuevo PORTO MARINA Restaurant en Amsterdam","datePublished":"2017-08-18T12:14:23+00:00","dateModified":"2017-08-22T12:15:03+00:00","mainEntityOfPage":{"@id":"https:\/\/www.faq-arquitectura.com\/index.php\/2017\/08\/18\/proxima-apertura-del-nuevo-porto-marina-restaurant-amsterdam\/"},"wordCount":112,"publisher":{"@id":"https:\/\/www.faq-arquitectura.com\/#organization"},"image":{"@id":"https:\/\/www.faq-arquitectura.com\/index.php\/2017\/08\/18\/proxima-apertura-del-nuevo-porto-marina-restaurant-amsterdam\/#primaryimage"},"thumbnailUrl":"https:\/\/www.faq-arquitectura.com\/wp-content\/uploads\/2016\/08\/IMG_7421.jpg","keywords":["arquiandaluces","Arquitecto","Colaboradores","Obra","Proyecto","Rehabilitaci\u00f3n"],"articleSection":["arquiandaluces","arquitecto","arquitectura","enobras","Licencias","Obra","proyectos","Rehabilitacion"],"inLanguage":"es"},{"@type":"WebPage","@id":"https:\/\/www.faq-arquitectura.com\/index.php\/2017\/08\/18\/proxima-apertura-del-nuevo-porto-marina-restaurant-amsterdam\/","url":"https:\/\/www.faq-arquitectura.com\/index.php\/2017\/08\/18\/proxima-apertura-del-nuevo-porto-marina-restaurant-amsterdam\/","name":"Pr\u00f3xima apertura del nuevo PORTO MARINA Restaurant en Amsterdam - FAQ arquitectura","isPartOf":{"@id":"https:\/\/www.faq-arquitectura.com\/#website"},"primaryImageOfPage":{"@id":"https:\/\/www.faq-arquitectura.com\/index.php\/2017\/08\/18\/proxima-apertura-del-nuevo-porto-marina-restaurant-amsterdam\/#primaryimage"},"image":{"@id":"https:\/\/www.faq-arquitectura.com\/index.php\/2017\/08\/18\/proxima-apertura-del-nuevo-porto-marina-restaurant-amsterdam\/#primaryimage"},"thumbnailUrl":"https:\/\/www.faq-arquitectura.com\/wp-content\/uploads\/2016\/08\/IMG_7421.jpg","datePublished":"2017-08-18T12:14:23+00:00","dateModified":"2017-08-22T12:15:03+00:00","breadcrumb":{"@id":"https:\/\/www.faq-arquitectura.com\/index.php\/2017\/08\/18\/proxima-apertura-del-nuevo-porto-marina-restaurant-amsterdam\/#breadcrumb"},"inLanguage":"es","potentialAction":[{"@type":"ReadAction","target":["https:\/\/www.faq-arquitectura.com\/index.php\/2017\/08\/18\/proxima-apertura-del-nuevo-porto-marina-restaurant-amsterdam\/"]}]},{"@type":"ImageObject","inLanguage":"es","@id":"https:\/\/www.faq-arquitectura.com\/index.php\/2017\/08\/18\/proxima-apertura-del-nuevo-porto-marina-restaurant-amsterdam\/#primaryimage","url":"https:\/\/www.faq-arquitectura.com\/wp-content\/uploads\/2016\/08\/IMG_7421.jpg","contentUrl":"https:\/\/www.faq-arquitectura.com\/wp-content\/uploads\/2016\/08\/IMG_7421.jpg","width":1600,"height":1200},{"@type":"BreadcrumbList","@id":"https:\/\/www.faq-arquitectura.com\/index.php\/2017\/08\/18\/proxima-apertura-del-nuevo-porto-marina-restaurant-amsterdam\/#breadcrumb","itemListElement":[{"@type":"ListItem","position":1,"name":"Portada","item":"https:\/\/www.faq-arquitectura.com\/"},{"@type":"ListItem","position":2,"name":"Pr\u00f3xima apertura del nuevo PORTO MARINA Restaurant en Amsterdam"}]},{"@type":"WebSite","@id":"https:\/\/www.faq-arquitectura.com\/#website","url":"https:\/\/www.faq-arquitectura.com\/","name":"FAQ arquitectura","description":"Estudio de arquitectura","publisher":{"@id":"https:\/\/www.faq-arquitectura.com\/#organization"},"potentialAction":[{"@type":"SearchAction","target":{"@type":"EntryPoint","urlTemplate":"https:\/\/www.faq-arquitectura.com\/?s={search_term_string}"},"query-input":{"@type":"PropertyValueSpecification","valueRequired":true,"valueName":"search_term_string"}}],"inLanguage":"es"},{"@type":"Organization","@id":"https:\/\/www.faq-arquitectura.com\/#organization","name":"FAQ arquitectura","url":"https:\/\/www.faq-arquitectura.com\/","logo":{"@type":"ImageObject","inLanguage":"es","@id":"https:\/\/www.faq-arquitectura.com\/#\/schema\/logo\/image\/","url":"http:\/\/www.faq-arquitectura.com\/wp-content\/uploads\/2017\/02\/LOGO-FAQ-2017.png","contentUrl":"http:\/\/www.faq-arquitectura.com\/wp-content\/uploads\/2017\/02\/LOGO-FAQ-2017.png","width":875,"height":246,"caption":"FAQ arquitectura"},"image":{"@id":"https:\/\/www.faq-arquitectura.com\/#\/schema\/logo\/image\/"},"sameAs":["https:\/\/www.facebook.com\/FAQarquitectura\/","https:\/\/x.com\/FAQarquitectura","https:\/\/www.instagram.com\/faqarquitectura\/","https:\/\/www.linkedin.com\/company\/faq-arquitectura","https:\/\/es.pinterest.com\/faqarquitectura\/"]},{"@type":"Person","@id":"https:\/\/www.faq-arquitectura.com\/#\/schema\/person\/cd6aa407b3379cabf347d5d886448860","name":"FAQarquitectura","image":{"@type":"ImageObject","inLanguage":"es","@id":"https:\/\/www.faq-arquitectura.com\/#\/schema\/person\/image\/","url":"https:\/\/secure.gravatar.com\/avatar\/71517ce7f24f89166314c7a1ebcbc2c0?s=96&d=mm&r=g","contentUrl":"https:\/\/secure.gravatar.com\/avatar\/71517ce7f24f89166314c7a1ebcbc2c0?s=96&d=mm&r=g","caption":"FAQarquitectura"},"url":"https:\/\/www.faq-arquitectura.com\/index.php\/author\/faq2016\/"}]}},"_links":{"self":[{"href":"https:\/\/www.faq-arquitectura.com\/index.php\/wp-json\/wp\/v2\/posts\/2320"}],"collection":[{"href":"https:\/\/www.faq-arquitectura.com\/index.php\/wp-json\/wp\/v2\/posts"}],"about":[{"href":"https:\/\/www.faq-arquitectura.com\/index.php\/wp-json\/wp\/v2\/types\/post"}],"author":[{"embeddable":true,"href":"https:\/\/www.faq-arquitectura.com\/index.php\/wp-json\/wp\/v2\/users\/1"}],"replies":[{"embeddable":true,"href":"https:\/\/www.faq-arquitectura.com\/index.php\/wp-json\/wp\/v2\/comments?post=2320"}],"version-history":[{"count":1,"href":"https:\/\/www.faq-arquitectura.com\/index.php\/wp-json\/wp\/v2\/posts\/2320\/revisions"}],"predecessor-version":[{"id":2321,"href":"https:\/\/www.faq-arquitectura.com\/index.php\/wp-json\/wp\/v2\/posts\/2320\/revisions\/2321"}],"wp:featuredmedia":[{"embeddable":true,"href":"https:\/\/www.faq-arquitectura.com\/index.php\/wp-json\/wp\/v2\/media\/2310"}],"wp:attachment":[{"href":"https:\/\/www.faq-arquitectura.com\/index.php\/wp-json\/wp\/v2\/media?parent=2320"}],"wp:term":[{"taxonomy":"category","embeddable":true,"href":"https:\/\/www.faq-arquitectura.com\/index.php\/wp-json\/wp\/v2\/categories?post=2320"},{"taxonomy":"post_tag","embeddable":true,"href":"https:\/\/www.faq-arquitectura.com\/index.php\/wp-json\/wp\/v2\/tags?post=2320"}],"curies":[{"name":"wp","href":"https:\/\/api.w.org\/{rel}","templated":true}]}}