{"id":2208,"date":"2017-06-23T09:25:44","date_gmt":"2017-06-23T09:25:44","guid":{"rendered":"http:\/\/www.faq-arquitectura.com\/?p=2208"},"modified":"2017-06-28T11:02:41","modified_gmt":"2017-06-28T11:02:41","slug":"casa-jm-cerro-del-aguila-sevilla-inicio-obras","status":"publish","type":"post","link":"https:\/\/www.faq-arquitectura.com\/index.php\/2017\/06\/23\/casa-jm-cerro-del-aguila-sevilla-inicio-obras\/","title":{"rendered":"Casa JM. Cerro del \u00c1guila. Sevilla. Inicio de obras."},"content":{"rendered":"<p>Estamos empezando las obras de la <a href=\"https:\/\/www.faq-arquitectura.com\/index.php\/portfolio\/vivienda-unifamiliar-cerro-del-aguila-sevilla\/\" target=\"_blank\" rel=\"noopener\">Casa JM<\/a> en el barrio del Cerro del \u00c1guila en Sevilla. Se trata de una vivienda unifamiliar en una parcela muy estrecha. Las infograf\u00edas est\u00e1n realizadas por <a href=\"http:\/\/loggia3d.com\/\" target=\"_blank\" rel=\"noopener\">Loggia3d<\/a><\/p>\n<p><img loading=\"lazy\" decoding=\"async\" class=\"aligncenter size-large wp-image-2128\" src=\"https:\/\/www.faq-arquitectura.com\/wp-content\/uploads\/2017\/05\/Cerro-R1-1024x703.jpg\" alt=\"\" width=\"1024\" height=\"703\" srcset=\"https:\/\/www.faq-arquitectura.com\/wp-content\/uploads\/2017\/05\/Cerro-R1-1024x703.jpg 1024w, https:\/\/www.faq-arquitectura.com\/wp-content\/uploads\/2017\/05\/Cerro-R1-300x206.jpg 300w, https:\/\/www.faq-arquitectura.com\/wp-content\/uploads\/2017\/05\/Cerro-R1-768x528.jpg 768w, https:\/\/www.faq-arquitectura.com\/wp-content\/uploads\/2017\/05\/Cerro-R1-780x536.jpg 780w, https:\/\/www.faq-arquitectura.com\/wp-content\/uploads\/2017\/05\/Cerro-R1-1200x824.jpg 1200w, https:\/\/www.faq-arquitectura.com\/wp-content\/uploads\/2017\/05\/Cerro-R1-400x275.jpg 400w\" sizes=\"(max-width: 1024px) 100vw, 1024px\" \/><\/p>\n<p><img loading=\"lazy\" decoding=\"async\" class=\"aligncenter size-large wp-image-2244\" src=\"https:\/\/www.faq-arquitectura.com\/wp-content\/uploads\/2017\/06\/IMG_7172-e1498647746542-768x1024.jpg\" alt=\"\" width=\"768\" height=\"1024\" srcset=\"https:\/\/www.faq-arquitectura.com\/wp-content\/uploads\/2017\/06\/IMG_7172-e1498647746542-768x1024.jpg 768w, https:\/\/www.faq-arquitectura.com\/wp-content\/uploads\/2017\/06\/IMG_7172-e1498647746542-225x300.jpg 225w, https:\/\/www.faq-arquitectura.com\/wp-content\/uploads\/2017\/06\/IMG_7172-e1498647746542-780x1040.jpg 780w, https:\/\/www.faq-arquitectura.com\/wp-content\/uploads\/2017\/06\/IMG_7172-e1498647746542-1200x1600.jpg 1200w, https:\/\/www.faq-arquitectura.com\/wp-content\/uploads\/2017\/06\/IMG_7172-e1498647746542-400x533.jpg 400w\" sizes=\"(max-width: 768px) 100vw, 768px\" \/><\/p>\n","protected":false},"excerpt":{"rendered":"<p>Estamos empezando las obras de la Casa JM en el barrio del Cerro del \u00c1guila en Sevilla. Se trata de una vivienda unifamiliar en una parcela muy estrecha. Las infograf\u00edas est\u00e1n realizadas por Loggia3d<\/p>\n","protected":false},"author":1,"featured_media":2240,"comment_status":"closed","ping_status":"closed","sticky":false,"template":"","format":"standard","meta":{"footnotes":""},"categories":[17,22,20,18,16,23,19,29],"tags":[5,6,8,9,10,12],"class_list":["post-2208","post","type-post","status-publish","format-standard","has-post-thumbnail","hentry","category-arquiandaluces","category-arquitecto","category-arquitectura","category-enobras","category-licencias","category-obra","category-proyectos","category-vivienda","tag-arquiandaluces","tag-arquitecto","tag-enobras","tag-obra","tag-proyecto","tag-vivienda"],"yoast_head":"<!-- This site is optimized with the Yoast SEO plugin v23.5 - https:\/\/yoast.com\/wordpress\/plugins\/seo\/ -->\n<title>Casa JM. Cerro del \u00c1guila. Sevilla. Inicio de obras. - FAQ arquitectura<\/title>\n<meta name=\"robots\" content=\"index, follow, max-snippet:-1, max-image-preview:large, max-video-preview:-1\" \/>\n<link rel=\"canonical\" href=\"https:\/\/www.faq-arquitectura.com\/index.php\/2017\/06\/23\/casa-jm-cerro-del-aguila-sevilla-inicio-obras\/\" \/>\n<meta property=\"og:locale\" content=\"es_ES\" \/>\n<meta property=\"og:type\" content=\"article\" \/>\n<meta property=\"og:title\" content=\"Casa JM. Cerro del \u00c1guila. Sevilla. Inicio de obras. - FAQ arquitectura\" \/>\n<meta property=\"og:description\" content=\"Estamos empezando las obras de la Casa JM en el barrio del Cerro del \u00c1guila en Sevilla. Se trata de una vivienda unifamiliar en una parcela muy estrecha. Las infograf\u00edas est\u00e1n realizadas por Loggia3d\" \/>\n<meta property=\"og:url\" content=\"https:\/\/www.faq-arquitectura.com\/index.php\/2017\/06\/23\/casa-jm-cerro-del-aguila-sevilla-inicio-obras\/\" \/>\n<meta property=\"og:site_name\" content=\"FAQ arquitectura\" \/>\n<meta property=\"article:publisher\" content=\"https:\/\/www.facebook.com\/FAQarquitectura\/\" \/>\n<meta property=\"article:published_time\" content=\"2017-06-23T09:25:44+00:00\" \/>\n<meta property=\"article:modified_time\" content=\"2017-06-28T11:02:41+00:00\" \/>\n<meta property=\"og:image\" content=\"https:\/\/www.faq-arquitectura.com\/wp-content\/uploads\/2016\/10\/02.jpeg\" \/>\n\t<meta property=\"og:image:width\" content=\"1600\" \/>\n\t<meta property=\"og:image:height\" content=\"960\" \/>\n\t<meta property=\"og:image:type\" content=\"image\/jpeg\" \/>\n<meta name=\"author\" content=\"FAQarquitectura\" \/>\n<meta name=\"twitter:card\" content=\"summary_large_image\" \/>\n<meta name=\"twitter:creator\" content=\"@FAQarquitectura\" \/>\n<meta name=\"twitter:site\" content=\"@FAQarquitectura\" \/>\n<meta name=\"twitter:label1\" content=\"Escrito por\" \/>\n\t<meta name=\"twitter:data1\" content=\"FAQarquitectura\" \/>\n<script type=\"application\/ld+json\" class=\"yoast-schema-graph\">{\"@context\":\"https:\/\/schema.org\",\"@graph\":[{\"@type\":\"Article\",\"@id\":\"https:\/\/www.faq-arquitectura.com\/index.php\/2017\/06\/23\/casa-jm-cerro-del-aguila-sevilla-inicio-obras\/#article\",\"isPartOf\":{\"@id\":\"https:\/\/www.faq-arquitectura.com\/index.php\/2017\/06\/23\/casa-jm-cerro-del-aguila-sevilla-inicio-obras\/\"},\"author\":{\"name\":\"FAQarquitectura\",\"@id\":\"https:\/\/www.faq-arquitectura.com\/#\/schema\/person\/cd6aa407b3379cabf347d5d886448860\"},\"headline\":\"Casa JM. Cerro del \u00c1guila. Sevilla. Inicio de obras.\",\"datePublished\":\"2017-06-23T09:25:44+00:00\",\"dateModified\":\"2017-06-28T11:02:41+00:00\",\"mainEntityOfPage\":{\"@id\":\"https:\/\/www.faq-arquitectura.com\/index.php\/2017\/06\/23\/casa-jm-cerro-del-aguila-sevilla-inicio-obras\/\"},\"wordCount\":46,\"publisher\":{\"@id\":\"https:\/\/www.faq-arquitectura.com\/#organization\"},\"image\":{\"@id\":\"https:\/\/www.faq-arquitectura.com\/index.php\/2017\/06\/23\/casa-jm-cerro-del-aguila-sevilla-inicio-obras\/#primaryimage\"},\"thumbnailUrl\":\"https:\/\/www.faq-arquitectura.com\/wp-content\/uploads\/2016\/10\/02.jpeg\",\"keywords\":[\"arquiandaluces\",\"Arquitecto\",\"enobras\",\"Obra\",\"Proyecto\",\"Vivienda\"],\"articleSection\":[\"arquiandaluces\",\"arquitecto\",\"arquitectura\",\"enobras\",\"Licencias\",\"Obra\",\"proyectos\",\"vivienda\"],\"inLanguage\":\"es\"},{\"@type\":\"WebPage\",\"@id\":\"https:\/\/www.faq-arquitectura.com\/index.php\/2017\/06\/23\/casa-jm-cerro-del-aguila-sevilla-inicio-obras\/\",\"url\":\"https:\/\/www.faq-arquitectura.com\/index.php\/2017\/06\/23\/casa-jm-cerro-del-aguila-sevilla-inicio-obras\/\",\"name\":\"Casa JM. Cerro del \u00c1guila. Sevilla. Inicio de obras. - FAQ arquitectura\",\"isPartOf\":{\"@id\":\"https:\/\/www.faq-arquitectura.com\/#website\"},\"primaryImageOfPage\":{\"@id\":\"https:\/\/www.faq-arquitectura.com\/index.php\/2017\/06\/23\/casa-jm-cerro-del-aguila-sevilla-inicio-obras\/#primaryimage\"},\"image\":{\"@id\":\"https:\/\/www.faq-arquitectura.com\/index.php\/2017\/06\/23\/casa-jm-cerro-del-aguila-sevilla-inicio-obras\/#primaryimage\"},\"thumbnailUrl\":\"https:\/\/www.faq-arquitectura.com\/wp-content\/uploads\/2016\/10\/02.jpeg\",\"datePublished\":\"2017-06-23T09:25:44+00:00\",\"dateModified\":\"2017-06-28T11:02:41+00:00\",\"breadcrumb\":{\"@id\":\"https:\/\/www.faq-arquitectura.com\/index.php\/2017\/06\/23\/casa-jm-cerro-del-aguila-sevilla-inicio-obras\/#breadcrumb\"},\"inLanguage\":\"es\",\"potentialAction\":[{\"@type\":\"ReadAction\",\"target\":[\"https:\/\/www.faq-arquitectura.com\/index.php\/2017\/06\/23\/casa-jm-cerro-del-aguila-sevilla-inicio-obras\/\"]}]},{\"@type\":\"ImageObject\",\"inLanguage\":\"es\",\"@id\":\"https:\/\/www.faq-arquitectura.com\/index.php\/2017\/06\/23\/casa-jm-cerro-del-aguila-sevilla-inicio-obras\/#primaryimage\",\"url\":\"https:\/\/www.faq-arquitectura.com\/wp-content\/uploads\/2016\/10\/02.jpeg\",\"contentUrl\":\"https:\/\/www.faq-arquitectura.com\/wp-content\/uploads\/2016\/10\/02.jpeg\",\"width\":1600,\"height\":960},{\"@type\":\"BreadcrumbList\",\"@id\":\"https:\/\/www.faq-arquitectura.com\/index.php\/2017\/06\/23\/casa-jm-cerro-del-aguila-sevilla-inicio-obras\/#breadcrumb\",\"itemListElement\":[{\"@type\":\"ListItem\",\"position\":1,\"name\":\"Portada\",\"item\":\"https:\/\/www.faq-arquitectura.com\/\"},{\"@type\":\"ListItem\",\"position\":2,\"name\":\"Casa JM. Cerro del \u00c1guila. Sevilla. Inicio de obras.\"}]},{\"@type\":\"WebSite\",\"@id\":\"https:\/\/www.faq-arquitectura.com\/#website\",\"url\":\"https:\/\/www.faq-arquitectura.com\/\",\"name\":\"FAQ arquitectura\",\"description\":\"Estudio de arquitectura\",\"publisher\":{\"@id\":\"https:\/\/www.faq-arquitectura.com\/#organization\"},\"potentialAction\":[{\"@type\":\"SearchAction\",\"target\":{\"@type\":\"EntryPoint\",\"urlTemplate\":\"https:\/\/www.faq-arquitectura.com\/?s={search_term_string}\"},\"query-input\":{\"@type\":\"PropertyValueSpecification\",\"valueRequired\":true,\"valueName\":\"search_term_string\"}}],\"inLanguage\":\"es\"},{\"@type\":\"Organization\",\"@id\":\"https:\/\/www.faq-arquitectura.com\/#organization\",\"name\":\"FAQ arquitectura\",\"url\":\"https:\/\/www.faq-arquitectura.com\/\",\"logo\":{\"@type\":\"ImageObject\",\"inLanguage\":\"es\",\"@id\":\"https:\/\/www.faq-arquitectura.com\/#\/schema\/logo\/image\/\",\"url\":\"http:\/\/www.faq-arquitectura.com\/wp-content\/uploads\/2017\/02\/LOGO-FAQ-2017.png\",\"contentUrl\":\"http:\/\/www.faq-arquitectura.com\/wp-content\/uploads\/2017\/02\/LOGO-FAQ-2017.png\",\"width\":875,\"height\":246,\"caption\":\"FAQ arquitectura\"},\"image\":{\"@id\":\"https:\/\/www.faq-arquitectura.com\/#\/schema\/logo\/image\/\"},\"sameAs\":[\"https:\/\/www.facebook.com\/FAQarquitectura\/\",\"https:\/\/x.com\/FAQarquitectura\",\"https:\/\/www.instagram.com\/faqarquitectura\/\",\"https:\/\/www.linkedin.com\/company\/faq-arquitectura\",\"https:\/\/es.pinterest.com\/faqarquitectura\/\"]},{\"@type\":\"Person\",\"@id\":\"https:\/\/www.faq-arquitectura.com\/#\/schema\/person\/cd6aa407b3379cabf347d5d886448860\",\"name\":\"FAQarquitectura\",\"image\":{\"@type\":\"ImageObject\",\"inLanguage\":\"es\",\"@id\":\"https:\/\/www.faq-arquitectura.com\/#\/schema\/person\/image\/\",\"url\":\"https:\/\/secure.gravatar.com\/avatar\/71517ce7f24f89166314c7a1ebcbc2c0?s=96&d=mm&r=g\",\"contentUrl\":\"https:\/\/secure.gravatar.com\/avatar\/71517ce7f24f89166314c7a1ebcbc2c0?s=96&d=mm&r=g\",\"caption\":\"FAQarquitectura\"},\"url\":\"https:\/\/www.faq-arquitectura.com\/index.php\/author\/faq2016\/\"}]}<\/script>\n<!-- \/ Yoast SEO plugin. -->","yoast_head_json":{"title":"Casa JM. Cerro del \u00c1guila. Sevilla. Inicio de obras. - FAQ arquitectura","robots":{"index":"index","follow":"follow","max-snippet":"max-snippet:-1","max-image-preview":"max-image-preview:large","max-video-preview":"max-video-preview:-1"},"canonical":"https:\/\/www.faq-arquitectura.com\/index.php\/2017\/06\/23\/casa-jm-cerro-del-aguila-sevilla-inicio-obras\/","og_locale":"es_ES","og_type":"article","og_title":"Casa JM. Cerro del \u00c1guila. Sevilla. Inicio de obras. - FAQ arquitectura","og_description":"Estamos empezando las obras de la Casa JM en el barrio del Cerro del \u00c1guila en Sevilla. Se trata de una vivienda unifamiliar en una parcela muy estrecha. Las infograf\u00edas est\u00e1n realizadas por Loggia3d","og_url":"https:\/\/www.faq-arquitectura.com\/index.php\/2017\/06\/23\/casa-jm-cerro-del-aguila-sevilla-inicio-obras\/","og_site_name":"FAQ arquitectura","article_publisher":"https:\/\/www.facebook.com\/FAQarquitectura\/","article_published_time":"2017-06-23T09:25:44+00:00","article_modified_time":"2017-06-28T11:02:41+00:00","og_image":[{"width":1600,"height":960,"url":"https:\/\/www.faq-arquitectura.com\/wp-content\/uploads\/2016\/10\/02.jpeg","type":"image\/jpeg"}],"author":"FAQarquitectura","twitter_card":"summary_large_image","twitter_creator":"@FAQarquitectura","twitter_site":"@FAQarquitectura","twitter_misc":{"Escrito por":"FAQarquitectura"},"schema":{"@context":"https:\/\/schema.org","@graph":[{"@type":"Article","@id":"https:\/\/www.faq-arquitectura.com\/index.php\/2017\/06\/23\/casa-jm-cerro-del-aguila-sevilla-inicio-obras\/#article","isPartOf":{"@id":"https:\/\/www.faq-arquitectura.com\/index.php\/2017\/06\/23\/casa-jm-cerro-del-aguila-sevilla-inicio-obras\/"},"author":{"name":"FAQarquitectura","@id":"https:\/\/www.faq-arquitectura.com\/#\/schema\/person\/cd6aa407b3379cabf347d5d886448860"},"headline":"Casa JM. Cerro del \u00c1guila. Sevilla. Inicio de obras.","datePublished":"2017-06-23T09:25:44+00:00","dateModified":"2017-06-28T11:02:41+00:00","mainEntityOfPage":{"@id":"https:\/\/www.faq-arquitectura.com\/index.php\/2017\/06\/23\/casa-jm-cerro-del-aguila-sevilla-inicio-obras\/"},"wordCount":46,"publisher":{"@id":"https:\/\/www.faq-arquitectura.com\/#organization"},"image":{"@id":"https:\/\/www.faq-arquitectura.com\/index.php\/2017\/06\/23\/casa-jm-cerro-del-aguila-sevilla-inicio-obras\/#primaryimage"},"thumbnailUrl":"https:\/\/www.faq-arquitectura.com\/wp-content\/uploads\/2016\/10\/02.jpeg","keywords":["arquiandaluces","Arquitecto","enobras","Obra","Proyecto","Vivienda"],"articleSection":["arquiandaluces","arquitecto","arquitectura","enobras","Licencias","Obra","proyectos","vivienda"],"inLanguage":"es"},{"@type":"WebPage","@id":"https:\/\/www.faq-arquitectura.com\/index.php\/2017\/06\/23\/casa-jm-cerro-del-aguila-sevilla-inicio-obras\/","url":"https:\/\/www.faq-arquitectura.com\/index.php\/2017\/06\/23\/casa-jm-cerro-del-aguila-sevilla-inicio-obras\/","name":"Casa JM. Cerro del \u00c1guila. Sevilla. Inicio de obras. - FAQ arquitectura","isPartOf":{"@id":"https:\/\/www.faq-arquitectura.com\/#website"},"primaryImageOfPage":{"@id":"https:\/\/www.faq-arquitectura.com\/index.php\/2017\/06\/23\/casa-jm-cerro-del-aguila-sevilla-inicio-obras\/#primaryimage"},"image":{"@id":"https:\/\/www.faq-arquitectura.com\/index.php\/2017\/06\/23\/casa-jm-cerro-del-aguila-sevilla-inicio-obras\/#primaryimage"},"thumbnailUrl":"https:\/\/www.faq-arquitectura.com\/wp-content\/uploads\/2016\/10\/02.jpeg","datePublished":"2017-06-23T09:25:44+00:00","dateModified":"2017-06-28T11:02:41+00:00","breadcrumb":{"@id":"https:\/\/www.faq-arquitectura.com\/index.php\/2017\/06\/23\/casa-jm-cerro-del-aguila-sevilla-inicio-obras\/#breadcrumb"},"inLanguage":"es","potentialAction":[{"@type":"ReadAction","target":["https:\/\/www.faq-arquitectura.com\/index.php\/2017\/06\/23\/casa-jm-cerro-del-aguila-sevilla-inicio-obras\/"]}]},{"@type":"ImageObject","inLanguage":"es","@id":"https:\/\/www.faq-arquitectura.com\/index.php\/2017\/06\/23\/casa-jm-cerro-del-aguila-sevilla-inicio-obras\/#primaryimage","url":"https:\/\/www.faq-arquitectura.com\/wp-content\/uploads\/2016\/10\/02.jpeg","contentUrl":"https:\/\/www.faq-arquitectura.com\/wp-content\/uploads\/2016\/10\/02.jpeg","width":1600,"height":960},{"@type":"BreadcrumbList","@id":"https:\/\/www.faq-arquitectura.com\/index.php\/2017\/06\/23\/casa-jm-cerro-del-aguila-sevilla-inicio-obras\/#breadcrumb","itemListElement":[{"@type":"ListItem","position":1,"name":"Portada","item":"https:\/\/www.faq-arquitectura.com\/"},{"@type":"ListItem","position":2,"name":"Casa JM. Cerro del \u00c1guila. Sevilla. Inicio de obras."}]},{"@type":"WebSite","@id":"https:\/\/www.faq-arquitectura.com\/#website","url":"https:\/\/www.faq-arquitectura.com\/","name":"FAQ arquitectura","description":"Estudio de arquitectura","publisher":{"@id":"https:\/\/www.faq-arquitectura.com\/#organization"},"potentialAction":[{"@type":"SearchAction","target":{"@type":"EntryPoint","urlTemplate":"https:\/\/www.faq-arquitectura.com\/?s={search_term_string}"},"query-input":{"@type":"PropertyValueSpecification","valueRequired":true,"valueName":"search_term_string"}}],"inLanguage":"es"},{"@type":"Organization","@id":"https:\/\/www.faq-arquitectura.com\/#organization","name":"FAQ arquitectura","url":"https:\/\/www.faq-arquitectura.com\/","logo":{"@type":"ImageObject","inLanguage":"es","@id":"https:\/\/www.faq-arquitectura.com\/#\/schema\/logo\/image\/","url":"http:\/\/www.faq-arquitectura.com\/wp-content\/uploads\/2017\/02\/LOGO-FAQ-2017.png","contentUrl":"http:\/\/www.faq-arquitectura.com\/wp-content\/uploads\/2017\/02\/LOGO-FAQ-2017.png","width":875,"height":246,"caption":"FAQ arquitectura"},"image":{"@id":"https:\/\/www.faq-arquitectura.com\/#\/schema\/logo\/image\/"},"sameAs":["https:\/\/www.facebook.com\/FAQarquitectura\/","https:\/\/x.com\/FAQarquitectura","https:\/\/www.instagram.com\/faqarquitectura\/","https:\/\/www.linkedin.com\/company\/faq-arquitectura","https:\/\/es.pinterest.com\/faqarquitectura\/"]},{"@type":"Person","@id":"https:\/\/www.faq-arquitectura.com\/#\/schema\/person\/cd6aa407b3379cabf347d5d886448860","name":"FAQarquitectura","image":{"@type":"ImageObject","inLanguage":"es","@id":"https:\/\/www.faq-arquitectura.com\/#\/schema\/person\/image\/","url":"https:\/\/secure.gravatar.com\/avatar\/71517ce7f24f89166314c7a1ebcbc2c0?s=96&d=mm&r=g","contentUrl":"https:\/\/secure.gravatar.com\/avatar\/71517ce7f24f89166314c7a1ebcbc2c0?s=96&d=mm&r=g","caption":"FAQarquitectura"},"url":"https:\/\/www.faq-arquitectura.com\/index.php\/author\/faq2016\/"}]}},"_links":{"self":[{"href":"https:\/\/www.faq-arquitectura.com\/index.php\/wp-json\/wp\/v2\/posts\/2208"}],"collection":[{"href":"https:\/\/www.faq-arquitectura.com\/index.php\/wp-json\/wp\/v2\/posts"}],"about":[{"href":"https:\/\/www.faq-arquitectura.com\/index.php\/wp-json\/wp\/v2\/types\/post"}],"author":[{"embeddable":true,"href":"https:\/\/www.faq-arquitectura.com\/index.php\/wp-json\/wp\/v2\/users\/1"}],"replies":[{"embeddable":true,"href":"https:\/\/www.faq-arquitectura.com\/index.php\/wp-json\/wp\/v2\/comments?post=2208"}],"version-history":[{"count":4,"href":"https:\/\/www.faq-arquitectura.com\/index.php\/wp-json\/wp\/v2\/posts\/2208\/revisions"}],"predecessor-version":[{"id":2245,"href":"https:\/\/www.faq-arquitectura.com\/index.php\/wp-json\/wp\/v2\/posts\/2208\/revisions\/2245"}],"wp:featuredmedia":[{"embeddable":true,"href":"https:\/\/www.faq-arquitectura.com\/index.php\/wp-json\/wp\/v2\/media\/2240"}],"wp:attachment":[{"href":"https:\/\/www.faq-arquitectura.com\/index.php\/wp-json\/wp\/v2\/media?parent=2208"}],"wp:term":[{"taxonomy":"category","embeddable":true,"href":"https:\/\/www.faq-arquitectura.com\/index.php\/wp-json\/wp\/v2\/categories?post=2208"},{"taxonomy":"post_tag","embeddable":true,"href":"https:\/\/www.faq-arquitectura.com\/index.php\/wp-json\/wp\/v2\/tags?post=2208"}],"curies":[{"name":"wp","href":"https:\/\/api.w.org\/{rel}","templated":true}]}}