{"id":2074,"date":"2017-05-08T12:13:39","date_gmt":"2017-05-08T12:13:39","guid":{"rendered":"http:\/\/www.faq-arquitectura.com\/?p=2074"},"modified":"2017-06-08T18:04:02","modified_gmt":"2017-06-08T18:04:02","slug":"edificio-de-apartamentos-turisticos-en-el-centro-de-sevilla-reportaje-de-fernando-alda","status":"publish","type":"post","link":"https:\/\/www.faq-arquitectura.com\/index.php\/2017\/05\/08\/edificio-de-apartamentos-turisticos-en-el-centro-de-sevilla-reportaje-de-fernando-alda\/","title":{"rendered":"Edificio de apartamentos tur\u00edsticos en el centro de Sevilla. Reportaje de Fernando Alda."},"content":{"rendered":"<h5>Edificio de apartamentos tur\u00edsticos en el centro de Sevilla. Reportaje de Fernando Alda.<\/h5>\n<p>Ya est\u00e1 disponible el reportaje fotogr\u00e1fico que nos ha hecho Fernando Alda del Edificio de apartamentos tur\u00edsticos que hemos terminado en el centro hist\u00f3rico de Sevilla. <a href=\"https:\/\/www.faq-arquitectura.com\/index.php\/portfolio\/pyp9\/\">ENLACE.<\/a><\/p>\n<p><img loading=\"lazy\" decoding=\"async\" class=\"aligncenter size-full wp-image-2047\" src=\"https:\/\/www.faq-arquitectura.com\/wp-content\/uploads\/2016\/08\/8439_12.jpg\" alt=\"\" width=\"1200\" height=\"800\" srcset=\"https:\/\/www.faq-arquitectura.com\/wp-content\/uploads\/2016\/08\/8439_12.jpg 1200w, https:\/\/www.faq-arquitectura.com\/wp-content\/uploads\/2016\/08\/8439_12-300x200.jpg 300w, https:\/\/www.faq-arquitectura.com\/wp-content\/uploads\/2016\/08\/8439_12-768x512.jpg 768w, https:\/\/www.faq-arquitectura.com\/wp-content\/uploads\/2016\/08\/8439_12-1024x683.jpg 1024w, https:\/\/www.faq-arquitectura.com\/wp-content\/uploads\/2016\/08\/8439_12-780x520.jpg 780w, https:\/\/www.faq-arquitectura.com\/wp-content\/uploads\/2016\/08\/8439_12-400x267.jpg 400w\" sizes=\"(max-width: 1200px) 100vw, 1200px\" \/><\/p>\n","protected":false},"excerpt":{"rendered":"<p>Edificio de apartamentos tur\u00edsticos en el centro de Sevilla. Reportaje de Fernando Alda. Ya est\u00e1 disponible el reportaje fotogr\u00e1fico que nos ha hecho Fernando Alda del Edificio de apartamentos tur\u00edsticos que hemos terminado en el centro hist\u00f3rico de Sevilla. ENLACE.<\/p>\n","protected":false},"author":1,"featured_media":2061,"comment_status":"closed","ping_status":"closed","sticky":false,"template":"","format":"standard","meta":{"footnotes":""},"categories":[21,17,22,20,18,23,19,24],"tags":[4,5,6,7,8,9,10,11],"class_list":["post-2074","post","type-post","status-publish","format-standard","has-post-thumbnail","hentry","category-apartamentos-turisticos","category-arquiandaluces","category-arquitecto","category-arquitectura","category-enobras","category-obra","category-proyectos","category-rehabilitacion","tag-apartamentos-turisticos","tag-arquiandaluces","tag-arquitecto","tag-colaboradores","tag-enobras","tag-obra","tag-proyecto","tag-rehabilitacion"],"yoast_head":"<!-- This site is optimized with the Yoast SEO plugin v23.5 - https:\/\/yoast.com\/wordpress\/plugins\/seo\/ -->\n<title>Edificio de apartamentos tur\u00edsticos en el centro de Sevilla. Reportaje de Fernando Alda.<\/title>\n<meta name=\"description\" content=\"Edificio de apartamentos tur\u00edsticos en el centro de Sevilla. Reportaje de Fernando Alda.\" \/>\n<meta name=\"robots\" content=\"index, follow, max-snippet:-1, max-image-preview:large, max-video-preview:-1\" \/>\n<link rel=\"canonical\" href=\"https:\/\/www.faq-arquitectura.com\/index.php\/2017\/05\/08\/edificio-de-apartamentos-turisticos-en-el-centro-de-sevilla-reportaje-de-fernando-alda\/\" \/>\n<meta property=\"og:locale\" content=\"es_ES\" \/>\n<meta property=\"og:type\" content=\"article\" \/>\n<meta property=\"og:title\" content=\"Edificio de apartamentos tur\u00edsticos en el centro de Sevilla. Reportaje de Fernando Alda.\" \/>\n<meta property=\"og:description\" content=\"Edificio de apartamentos tur\u00edsticos en el centro de Sevilla. Reportaje de Fernando Alda.\" \/>\n<meta property=\"og:url\" content=\"https:\/\/www.faq-arquitectura.com\/index.php\/2017\/05\/08\/edificio-de-apartamentos-turisticos-en-el-centro-de-sevilla-reportaje-de-fernando-alda\/\" \/>\n<meta property=\"og:site_name\" content=\"FAQ arquitectura\" \/>\n<meta property=\"article:publisher\" content=\"https:\/\/www.facebook.com\/FAQarquitectura\/\" \/>\n<meta property=\"article:published_time\" content=\"2017-05-08T12:13:39+00:00\" \/>\n<meta property=\"article:modified_time\" content=\"2017-06-08T18:04:02+00:00\" \/>\n<meta property=\"og:image\" content=\"https:\/\/www.faq-arquitectura.com\/wp-content\/uploads\/2016\/08\/8439_26.jpg\" \/>\n\t<meta property=\"og:image:width\" content=\"1200\" \/>\n\t<meta property=\"og:image:height\" content=\"1101\" \/>\n\t<meta property=\"og:image:type\" content=\"image\/jpeg\" \/>\n<meta name=\"author\" content=\"FAQarquitectura\" \/>\n<meta name=\"twitter:card\" content=\"summary_large_image\" \/>\n<meta name=\"twitter:creator\" content=\"@FAQarquitectura\" \/>\n<meta name=\"twitter:site\" content=\"@FAQarquitectura\" \/>\n<meta name=\"twitter:label1\" content=\"Escrito por\" \/>\n\t<meta name=\"twitter:data1\" content=\"FAQarquitectura\" \/>\n<script type=\"application\/ld+json\" class=\"yoast-schema-graph\">{\"@context\":\"https:\/\/schema.org\",\"@graph\":[{\"@type\":\"Article\",\"@id\":\"https:\/\/www.faq-arquitectura.com\/index.php\/2017\/05\/08\/edificio-de-apartamentos-turisticos-en-el-centro-de-sevilla-reportaje-de-fernando-alda\/#article\",\"isPartOf\":{\"@id\":\"https:\/\/www.faq-arquitectura.com\/index.php\/2017\/05\/08\/edificio-de-apartamentos-turisticos-en-el-centro-de-sevilla-reportaje-de-fernando-alda\/\"},\"author\":{\"name\":\"FAQarquitectura\",\"@id\":\"https:\/\/www.faq-arquitectura.com\/#\/schema\/person\/cd6aa407b3379cabf347d5d886448860\"},\"headline\":\"Edificio de apartamentos tur\u00edsticos en el centro de Sevilla. Reportaje de Fernando Alda.\",\"datePublished\":\"2017-05-08T12:13:39+00:00\",\"dateModified\":\"2017-06-08T18:04:02+00:00\",\"mainEntityOfPage\":{\"@id\":\"https:\/\/www.faq-arquitectura.com\/index.php\/2017\/05\/08\/edificio-de-apartamentos-turisticos-en-el-centro-de-sevilla-reportaje-de-fernando-alda\/\"},\"wordCount\":58,\"publisher\":{\"@id\":\"https:\/\/www.faq-arquitectura.com\/#organization\"},\"image\":{\"@id\":\"https:\/\/www.faq-arquitectura.com\/index.php\/2017\/05\/08\/edificio-de-apartamentos-turisticos-en-el-centro-de-sevilla-reportaje-de-fernando-alda\/#primaryimage\"},\"thumbnailUrl\":\"https:\/\/www.faq-arquitectura.com\/wp-content\/uploads\/2016\/08\/8439_26.jpg\",\"keywords\":[\"apartamentos tur\u00edsticos\",\"arquiandaluces\",\"Arquitecto\",\"Colaboradores\",\"enobras\",\"Obra\",\"Proyecto\",\"Rehabilitaci\u00f3n\"],\"articleSection\":[\"apartamentos turisticos\",\"arquiandaluces\",\"arquitecto\",\"arquitectura\",\"enobras\",\"Obra\",\"proyectos\",\"Rehabilitacion\"],\"inLanguage\":\"es\"},{\"@type\":\"WebPage\",\"@id\":\"https:\/\/www.faq-arquitectura.com\/index.php\/2017\/05\/08\/edificio-de-apartamentos-turisticos-en-el-centro-de-sevilla-reportaje-de-fernando-alda\/\",\"url\":\"https:\/\/www.faq-arquitectura.com\/index.php\/2017\/05\/08\/edificio-de-apartamentos-turisticos-en-el-centro-de-sevilla-reportaje-de-fernando-alda\/\",\"name\":\"Edificio de apartamentos tur\u00edsticos en el centro de Sevilla. Reportaje de Fernando Alda.\",\"isPartOf\":{\"@id\":\"https:\/\/www.faq-arquitectura.com\/#website\"},\"primaryImageOfPage\":{\"@id\":\"https:\/\/www.faq-arquitectura.com\/index.php\/2017\/05\/08\/edificio-de-apartamentos-turisticos-en-el-centro-de-sevilla-reportaje-de-fernando-alda\/#primaryimage\"},\"image\":{\"@id\":\"https:\/\/www.faq-arquitectura.com\/index.php\/2017\/05\/08\/edificio-de-apartamentos-turisticos-en-el-centro-de-sevilla-reportaje-de-fernando-alda\/#primaryimage\"},\"thumbnailUrl\":\"https:\/\/www.faq-arquitectura.com\/wp-content\/uploads\/2016\/08\/8439_26.jpg\",\"datePublished\":\"2017-05-08T12:13:39+00:00\",\"dateModified\":\"2017-06-08T18:04:02+00:00\",\"description\":\"Edificio de apartamentos tur\u00edsticos en el centro de Sevilla. Reportaje de Fernando Alda.\",\"breadcrumb\":{\"@id\":\"https:\/\/www.faq-arquitectura.com\/index.php\/2017\/05\/08\/edificio-de-apartamentos-turisticos-en-el-centro-de-sevilla-reportaje-de-fernando-alda\/#breadcrumb\"},\"inLanguage\":\"es\",\"potentialAction\":[{\"@type\":\"ReadAction\",\"target\":[\"https:\/\/www.faq-arquitectura.com\/index.php\/2017\/05\/08\/edificio-de-apartamentos-turisticos-en-el-centro-de-sevilla-reportaje-de-fernando-alda\/\"]}]},{\"@type\":\"ImageObject\",\"inLanguage\":\"es\",\"@id\":\"https:\/\/www.faq-arquitectura.com\/index.php\/2017\/05\/08\/edificio-de-apartamentos-turisticos-en-el-centro-de-sevilla-reportaje-de-fernando-alda\/#primaryimage\",\"url\":\"https:\/\/www.faq-arquitectura.com\/wp-content\/uploads\/2016\/08\/8439_26.jpg\",\"contentUrl\":\"https:\/\/www.faq-arquitectura.com\/wp-content\/uploads\/2016\/08\/8439_26.jpg\",\"width\":1200,\"height\":1101},{\"@type\":\"BreadcrumbList\",\"@id\":\"https:\/\/www.faq-arquitectura.com\/index.php\/2017\/05\/08\/edificio-de-apartamentos-turisticos-en-el-centro-de-sevilla-reportaje-de-fernando-alda\/#breadcrumb\",\"itemListElement\":[{\"@type\":\"ListItem\",\"position\":1,\"name\":\"Portada\",\"item\":\"https:\/\/www.faq-arquitectura.com\/\"},{\"@type\":\"ListItem\",\"position\":2,\"name\":\"Edificio de apartamentos tur\u00edsticos en el centro de Sevilla. Reportaje de Fernando Alda.\"}]},{\"@type\":\"WebSite\",\"@id\":\"https:\/\/www.faq-arquitectura.com\/#website\",\"url\":\"https:\/\/www.faq-arquitectura.com\/\",\"name\":\"FAQ arquitectura\",\"description\":\"Estudio de arquitectura\",\"publisher\":{\"@id\":\"https:\/\/www.faq-arquitectura.com\/#organization\"},\"potentialAction\":[{\"@type\":\"SearchAction\",\"target\":{\"@type\":\"EntryPoint\",\"urlTemplate\":\"https:\/\/www.faq-arquitectura.com\/?s={search_term_string}\"},\"query-input\":{\"@type\":\"PropertyValueSpecification\",\"valueRequired\":true,\"valueName\":\"search_term_string\"}}],\"inLanguage\":\"es\"},{\"@type\":\"Organization\",\"@id\":\"https:\/\/www.faq-arquitectura.com\/#organization\",\"name\":\"FAQ arquitectura\",\"url\":\"https:\/\/www.faq-arquitectura.com\/\",\"logo\":{\"@type\":\"ImageObject\",\"inLanguage\":\"es\",\"@id\":\"https:\/\/www.faq-arquitectura.com\/#\/schema\/logo\/image\/\",\"url\":\"http:\/\/www.faq-arquitectura.com\/wp-content\/uploads\/2017\/02\/LOGO-FAQ-2017.png\",\"contentUrl\":\"http:\/\/www.faq-arquitectura.com\/wp-content\/uploads\/2017\/02\/LOGO-FAQ-2017.png\",\"width\":875,\"height\":246,\"caption\":\"FAQ arquitectura\"},\"image\":{\"@id\":\"https:\/\/www.faq-arquitectura.com\/#\/schema\/logo\/image\/\"},\"sameAs\":[\"https:\/\/www.facebook.com\/FAQarquitectura\/\",\"https:\/\/x.com\/FAQarquitectura\",\"https:\/\/www.instagram.com\/faqarquitectura\/\",\"https:\/\/www.linkedin.com\/company\/faq-arquitectura\",\"https:\/\/es.pinterest.com\/faqarquitectura\/\"]},{\"@type\":\"Person\",\"@id\":\"https:\/\/www.faq-arquitectura.com\/#\/schema\/person\/cd6aa407b3379cabf347d5d886448860\",\"name\":\"FAQarquitectura\",\"image\":{\"@type\":\"ImageObject\",\"inLanguage\":\"es\",\"@id\":\"https:\/\/www.faq-arquitectura.com\/#\/schema\/person\/image\/\",\"url\":\"https:\/\/secure.gravatar.com\/avatar\/71517ce7f24f89166314c7a1ebcbc2c0?s=96&d=mm&r=g\",\"contentUrl\":\"https:\/\/secure.gravatar.com\/avatar\/71517ce7f24f89166314c7a1ebcbc2c0?s=96&d=mm&r=g\",\"caption\":\"FAQarquitectura\"},\"url\":\"https:\/\/www.faq-arquitectura.com\/index.php\/author\/faq2016\/\"}]}<\/script>\n<!-- \/ Yoast SEO plugin. -->","yoast_head_json":{"title":"Edificio de apartamentos tur\u00edsticos en el centro de Sevilla. Reportaje de Fernando Alda.","description":"Edificio de apartamentos tur\u00edsticos en el centro de Sevilla. Reportaje de Fernando Alda.","robots":{"index":"index","follow":"follow","max-snippet":"max-snippet:-1","max-image-preview":"max-image-preview:large","max-video-preview":"max-video-preview:-1"},"canonical":"https:\/\/www.faq-arquitectura.com\/index.php\/2017\/05\/08\/edificio-de-apartamentos-turisticos-en-el-centro-de-sevilla-reportaje-de-fernando-alda\/","og_locale":"es_ES","og_type":"article","og_title":"Edificio de apartamentos tur\u00edsticos en el centro de Sevilla. Reportaje de Fernando Alda.","og_description":"Edificio de apartamentos tur\u00edsticos en el centro de Sevilla. Reportaje de Fernando Alda.","og_url":"https:\/\/www.faq-arquitectura.com\/index.php\/2017\/05\/08\/edificio-de-apartamentos-turisticos-en-el-centro-de-sevilla-reportaje-de-fernando-alda\/","og_site_name":"FAQ arquitectura","article_publisher":"https:\/\/www.facebook.com\/FAQarquitectura\/","article_published_time":"2017-05-08T12:13:39+00:00","article_modified_time":"2017-06-08T18:04:02+00:00","og_image":[{"width":1200,"height":1101,"url":"https:\/\/www.faq-arquitectura.com\/wp-content\/uploads\/2016\/08\/8439_26.jpg","type":"image\/jpeg"}],"author":"FAQarquitectura","twitter_card":"summary_large_image","twitter_creator":"@FAQarquitectura","twitter_site":"@FAQarquitectura","twitter_misc":{"Escrito por":"FAQarquitectura"},"schema":{"@context":"https:\/\/schema.org","@graph":[{"@type":"Article","@id":"https:\/\/www.faq-arquitectura.com\/index.php\/2017\/05\/08\/edificio-de-apartamentos-turisticos-en-el-centro-de-sevilla-reportaje-de-fernando-alda\/#article","isPartOf":{"@id":"https:\/\/www.faq-arquitectura.com\/index.php\/2017\/05\/08\/edificio-de-apartamentos-turisticos-en-el-centro-de-sevilla-reportaje-de-fernando-alda\/"},"author":{"name":"FAQarquitectura","@id":"https:\/\/www.faq-arquitectura.com\/#\/schema\/person\/cd6aa407b3379cabf347d5d886448860"},"headline":"Edificio de apartamentos tur\u00edsticos en el centro de Sevilla. Reportaje de Fernando Alda.","datePublished":"2017-05-08T12:13:39+00:00","dateModified":"2017-06-08T18:04:02+00:00","mainEntityOfPage":{"@id":"https:\/\/www.faq-arquitectura.com\/index.php\/2017\/05\/08\/edificio-de-apartamentos-turisticos-en-el-centro-de-sevilla-reportaje-de-fernando-alda\/"},"wordCount":58,"publisher":{"@id":"https:\/\/www.faq-arquitectura.com\/#organization"},"image":{"@id":"https:\/\/www.faq-arquitectura.com\/index.php\/2017\/05\/08\/edificio-de-apartamentos-turisticos-en-el-centro-de-sevilla-reportaje-de-fernando-alda\/#primaryimage"},"thumbnailUrl":"https:\/\/www.faq-arquitectura.com\/wp-content\/uploads\/2016\/08\/8439_26.jpg","keywords":["apartamentos tur\u00edsticos","arquiandaluces","Arquitecto","Colaboradores","enobras","Obra","Proyecto","Rehabilitaci\u00f3n"],"articleSection":["apartamentos turisticos","arquiandaluces","arquitecto","arquitectura","enobras","Obra","proyectos","Rehabilitacion"],"inLanguage":"es"},{"@type":"WebPage","@id":"https:\/\/www.faq-arquitectura.com\/index.php\/2017\/05\/08\/edificio-de-apartamentos-turisticos-en-el-centro-de-sevilla-reportaje-de-fernando-alda\/","url":"https:\/\/www.faq-arquitectura.com\/index.php\/2017\/05\/08\/edificio-de-apartamentos-turisticos-en-el-centro-de-sevilla-reportaje-de-fernando-alda\/","name":"Edificio de apartamentos tur\u00edsticos en el centro de Sevilla. Reportaje de Fernando Alda.","isPartOf":{"@id":"https:\/\/www.faq-arquitectura.com\/#website"},"primaryImageOfPage":{"@id":"https:\/\/www.faq-arquitectura.com\/index.php\/2017\/05\/08\/edificio-de-apartamentos-turisticos-en-el-centro-de-sevilla-reportaje-de-fernando-alda\/#primaryimage"},"image":{"@id":"https:\/\/www.faq-arquitectura.com\/index.php\/2017\/05\/08\/edificio-de-apartamentos-turisticos-en-el-centro-de-sevilla-reportaje-de-fernando-alda\/#primaryimage"},"thumbnailUrl":"https:\/\/www.faq-arquitectura.com\/wp-content\/uploads\/2016\/08\/8439_26.jpg","datePublished":"2017-05-08T12:13:39+00:00","dateModified":"2017-06-08T18:04:02+00:00","description":"Edificio de apartamentos tur\u00edsticos en el centro de Sevilla. Reportaje de Fernando Alda.","breadcrumb":{"@id":"https:\/\/www.faq-arquitectura.com\/index.php\/2017\/05\/08\/edificio-de-apartamentos-turisticos-en-el-centro-de-sevilla-reportaje-de-fernando-alda\/#breadcrumb"},"inLanguage":"es","potentialAction":[{"@type":"ReadAction","target":["https:\/\/www.faq-arquitectura.com\/index.php\/2017\/05\/08\/edificio-de-apartamentos-turisticos-en-el-centro-de-sevilla-reportaje-de-fernando-alda\/"]}]},{"@type":"ImageObject","inLanguage":"es","@id":"https:\/\/www.faq-arquitectura.com\/index.php\/2017\/05\/08\/edificio-de-apartamentos-turisticos-en-el-centro-de-sevilla-reportaje-de-fernando-alda\/#primaryimage","url":"https:\/\/www.faq-arquitectura.com\/wp-content\/uploads\/2016\/08\/8439_26.jpg","contentUrl":"https:\/\/www.faq-arquitectura.com\/wp-content\/uploads\/2016\/08\/8439_26.jpg","width":1200,"height":1101},{"@type":"BreadcrumbList","@id":"https:\/\/www.faq-arquitectura.com\/index.php\/2017\/05\/08\/edificio-de-apartamentos-turisticos-en-el-centro-de-sevilla-reportaje-de-fernando-alda\/#breadcrumb","itemListElement":[{"@type":"ListItem","position":1,"name":"Portada","item":"https:\/\/www.faq-arquitectura.com\/"},{"@type":"ListItem","position":2,"name":"Edificio de apartamentos tur\u00edsticos en el centro de Sevilla. Reportaje de Fernando Alda."}]},{"@type":"WebSite","@id":"https:\/\/www.faq-arquitectura.com\/#website","url":"https:\/\/www.faq-arquitectura.com\/","name":"FAQ arquitectura","description":"Estudio de arquitectura","publisher":{"@id":"https:\/\/www.faq-arquitectura.com\/#organization"},"potentialAction":[{"@type":"SearchAction","target":{"@type":"EntryPoint","urlTemplate":"https:\/\/www.faq-arquitectura.com\/?s={search_term_string}"},"query-input":{"@type":"PropertyValueSpecification","valueRequired":true,"valueName":"search_term_string"}}],"inLanguage":"es"},{"@type":"Organization","@id":"https:\/\/www.faq-arquitectura.com\/#organization","name":"FAQ arquitectura","url":"https:\/\/www.faq-arquitectura.com\/","logo":{"@type":"ImageObject","inLanguage":"es","@id":"https:\/\/www.faq-arquitectura.com\/#\/schema\/logo\/image\/","url":"http:\/\/www.faq-arquitectura.com\/wp-content\/uploads\/2017\/02\/LOGO-FAQ-2017.png","contentUrl":"http:\/\/www.faq-arquitectura.com\/wp-content\/uploads\/2017\/02\/LOGO-FAQ-2017.png","width":875,"height":246,"caption":"FAQ arquitectura"},"image":{"@id":"https:\/\/www.faq-arquitectura.com\/#\/schema\/logo\/image\/"},"sameAs":["https:\/\/www.facebook.com\/FAQarquitectura\/","https:\/\/x.com\/FAQarquitectura","https:\/\/www.instagram.com\/faqarquitectura\/","https:\/\/www.linkedin.com\/company\/faq-arquitectura","https:\/\/es.pinterest.com\/faqarquitectura\/"]},{"@type":"Person","@id":"https:\/\/www.faq-arquitectura.com\/#\/schema\/person\/cd6aa407b3379cabf347d5d886448860","name":"FAQarquitectura","image":{"@type":"ImageObject","inLanguage":"es","@id":"https:\/\/www.faq-arquitectura.com\/#\/schema\/person\/image\/","url":"https:\/\/secure.gravatar.com\/avatar\/71517ce7f24f89166314c7a1ebcbc2c0?s=96&d=mm&r=g","contentUrl":"https:\/\/secure.gravatar.com\/avatar\/71517ce7f24f89166314c7a1ebcbc2c0?s=96&d=mm&r=g","caption":"FAQarquitectura"},"url":"https:\/\/www.faq-arquitectura.com\/index.php\/author\/faq2016\/"}]}},"_links":{"self":[{"href":"https:\/\/www.faq-arquitectura.com\/index.php\/wp-json\/wp\/v2\/posts\/2074"}],"collection":[{"href":"https:\/\/www.faq-arquitectura.com\/index.php\/wp-json\/wp\/v2\/posts"}],"about":[{"href":"https:\/\/www.faq-arquitectura.com\/index.php\/wp-json\/wp\/v2\/types\/post"}],"author":[{"embeddable":true,"href":"https:\/\/www.faq-arquitectura.com\/index.php\/wp-json\/wp\/v2\/users\/1"}],"replies":[{"embeddable":true,"href":"https:\/\/www.faq-arquitectura.com\/index.php\/wp-json\/wp\/v2\/comments?post=2074"}],"version-history":[{"count":3,"href":"https:\/\/www.faq-arquitectura.com\/index.php\/wp-json\/wp\/v2\/posts\/2074\/revisions"}],"predecessor-version":[{"id":2207,"href":"https:\/\/www.faq-arquitectura.com\/index.php\/wp-json\/wp\/v2\/posts\/2074\/revisions\/2207"}],"wp:featuredmedia":[{"embeddable":true,"href":"https:\/\/www.faq-arquitectura.com\/index.php\/wp-json\/wp\/v2\/media\/2061"}],"wp:attachment":[{"href":"https:\/\/www.faq-arquitectura.com\/index.php\/wp-json\/wp\/v2\/media?parent=2074"}],"wp:term":[{"taxonomy":"category","embeddable":true,"href":"https:\/\/www.faq-arquitectura.com\/index.php\/wp-json\/wp\/v2\/categories?post=2074"},{"taxonomy":"post_tag","embeddable":true,"href":"https:\/\/www.faq-arquitectura.com\/index.php\/wp-json\/wp\/v2\/tags?post=2074"}],"curies":[{"name":"wp","href":"https:\/\/api.w.org\/{rel}","templated":true}]}}