{"id":1741,"date":"2016-10-06T12:38:28","date_gmt":"2016-10-06T12:38:28","guid":{"rendered":"http:\/\/www.faq-arquitectura.com\/?p=1741"},"modified":"2016-10-06T12:38:56","modified_gmt":"2016-10-06T12:38:56","slug":"casa-becu-reforma-ampliacion-vivienda-unifamiliar-alcala-guadaira-obra-octubre-2016","status":"publish","type":"post","link":"https:\/\/www.faq-arquitectura.com\/index.php\/2016\/10\/06\/casa-becu-reforma-ampliacion-vivienda-unifamiliar-alcala-guadaira-obra-octubre-2016\/","title":{"rendered":"Casa BeCu. Reforma y Ampliaci\u00f3n de vivienda unifamiliar. Alcal\u00e1 de Guada\u00edra. Obra. Octubre 2016"},"content":{"rendered":"<p>La obra de la Casa BeCu en Alcal\u00e1 de Guada\u00edra continua a buen ritmo.<\/p>\n<p><img loading=\"lazy\" decoding=\"async\" class=\"aligncenter size-full wp-image-1743\" src=\"https:\/\/www.faq-arquitectura.com\/wp-content\/uploads\/2016\/10\/CASA-BeCu-3.gif\" alt=\"casa-becu-3\" width=\"791\" height=\"591\" \/><\/p>\n","protected":false},"excerpt":{"rendered":"<p>La obra de la Casa BeCu en Alcal\u00e1 de Guada\u00edra continua a buen ritmo.<\/p>\n","protected":false},"author":1,"featured_media":1742,"comment_status":"closed","ping_status":"closed","sticky":false,"template":"","format":"standard","meta":{"footnotes":""},"categories":[17,22,20,18,23,19],"tags":[5,6,8,9,10,12],"class_list":["post-1741","post","type-post","status-publish","format-standard","has-post-thumbnail","hentry","category-arquiandaluces","category-arquitecto","category-arquitectura","category-enobras","category-obra","category-proyectos","tag-arquiandaluces","tag-arquitecto","tag-enobras","tag-obra","tag-proyecto","tag-vivienda"],"yoast_head":"<!-- This site is optimized with the Yoast SEO plugin v23.5 - https:\/\/yoast.com\/wordpress\/plugins\/seo\/ -->\n<title>Casa BeCu. Reforma y Ampliaci\u00f3n de vivienda unifamiliar. Alcal\u00e1 de Guada\u00edra. Obra. Octubre 2016 - FAQ arquitectura<\/title>\n<meta name=\"robots\" content=\"index, follow, max-snippet:-1, max-image-preview:large, max-video-preview:-1\" \/>\n<link rel=\"canonical\" href=\"https:\/\/www.faq-arquitectura.com\/index.php\/2016\/10\/06\/casa-becu-reforma-ampliacion-vivienda-unifamiliar-alcala-guadaira-obra-octubre-2016\/\" \/>\n<meta property=\"og:locale\" content=\"es_ES\" \/>\n<meta property=\"og:type\" content=\"article\" \/>\n<meta property=\"og:title\" content=\"Casa BeCu. Reforma y Ampliaci\u00f3n de vivienda unifamiliar. Alcal\u00e1 de Guada\u00edra. Obra. Octubre 2016 - FAQ arquitectura\" \/>\n<meta property=\"og:description\" content=\"La obra de la Casa BeCu en Alcal\u00e1 de Guada\u00edra continua a buen ritmo.\" \/>\n<meta property=\"og:url\" content=\"https:\/\/www.faq-arquitectura.com\/index.php\/2016\/10\/06\/casa-becu-reforma-ampliacion-vivienda-unifamiliar-alcala-guadaira-obra-octubre-2016\/\" \/>\n<meta property=\"og:site_name\" content=\"FAQ arquitectura\" \/>\n<meta property=\"article:publisher\" content=\"https:\/\/www.facebook.com\/FAQarquitectura\/\" \/>\n<meta property=\"article:published_time\" content=\"2016-10-06T12:38:28+00:00\" \/>\n<meta property=\"article:modified_time\" content=\"2016-10-06T12:38:56+00:00\" \/>\n<meta property=\"og:image\" content=\"https:\/\/www.faq-arquitectura.com\/wp-content\/uploads\/2016\/10\/CasaBeCu-07.jpg\" \/>\n\t<meta property=\"og:image:width\" content=\"787\" \/>\n\t<meta property=\"og:image:height\" content=\"591\" \/>\n\t<meta property=\"og:image:type\" content=\"image\/jpeg\" \/>\n<meta name=\"author\" content=\"FAQarquitectura\" \/>\n<meta name=\"twitter:card\" content=\"summary_large_image\" \/>\n<meta name=\"twitter:creator\" content=\"@FAQarquitectura\" \/>\n<meta name=\"twitter:site\" content=\"@FAQarquitectura\" \/>\n<meta name=\"twitter:label1\" content=\"Escrito por\" \/>\n\t<meta name=\"twitter:data1\" content=\"FAQarquitectura\" \/>\n<script type=\"application\/ld+json\" class=\"yoast-schema-graph\">{\"@context\":\"https:\/\/schema.org\",\"@graph\":[{\"@type\":\"Article\",\"@id\":\"https:\/\/www.faq-arquitectura.com\/index.php\/2016\/10\/06\/casa-becu-reforma-ampliacion-vivienda-unifamiliar-alcala-guadaira-obra-octubre-2016\/#article\",\"isPartOf\":{\"@id\":\"https:\/\/www.faq-arquitectura.com\/index.php\/2016\/10\/06\/casa-becu-reforma-ampliacion-vivienda-unifamiliar-alcala-guadaira-obra-octubre-2016\/\"},\"author\":{\"name\":\"FAQarquitectura\",\"@id\":\"https:\/\/www.faq-arquitectura.com\/#\/schema\/person\/cd6aa407b3379cabf347d5d886448860\"},\"headline\":\"Casa BeCu. Reforma y Ampliaci\u00f3n de vivienda unifamiliar. Alcal\u00e1 de Guada\u00edra. Obra. Octubre 2016\",\"datePublished\":\"2016-10-06T12:38:28+00:00\",\"dateModified\":\"2016-10-06T12:38:56+00:00\",\"mainEntityOfPage\":{\"@id\":\"https:\/\/www.faq-arquitectura.com\/index.php\/2016\/10\/06\/casa-becu-reforma-ampliacion-vivienda-unifamiliar-alcala-guadaira-obra-octubre-2016\/\"},\"wordCount\":30,\"publisher\":{\"@id\":\"https:\/\/www.faq-arquitectura.com\/#organization\"},\"image\":{\"@id\":\"https:\/\/www.faq-arquitectura.com\/index.php\/2016\/10\/06\/casa-becu-reforma-ampliacion-vivienda-unifamiliar-alcala-guadaira-obra-octubre-2016\/#primaryimage\"},\"thumbnailUrl\":\"https:\/\/www.faq-arquitectura.com\/wp-content\/uploads\/2016\/10\/CasaBeCu-07.jpg\",\"keywords\":[\"arquiandaluces\",\"Arquitecto\",\"enobras\",\"Obra\",\"Proyecto\",\"Vivienda\"],\"articleSection\":[\"arquiandaluces\",\"arquitecto\",\"arquitectura\",\"enobras\",\"Obra\",\"proyectos\"],\"inLanguage\":\"es\"},{\"@type\":\"WebPage\",\"@id\":\"https:\/\/www.faq-arquitectura.com\/index.php\/2016\/10\/06\/casa-becu-reforma-ampliacion-vivienda-unifamiliar-alcala-guadaira-obra-octubre-2016\/\",\"url\":\"https:\/\/www.faq-arquitectura.com\/index.php\/2016\/10\/06\/casa-becu-reforma-ampliacion-vivienda-unifamiliar-alcala-guadaira-obra-octubre-2016\/\",\"name\":\"Casa BeCu. Reforma y Ampliaci\u00f3n de vivienda unifamiliar. Alcal\u00e1 de Guada\u00edra. Obra. Octubre 2016 - FAQ arquitectura\",\"isPartOf\":{\"@id\":\"https:\/\/www.faq-arquitectura.com\/#website\"},\"primaryImageOfPage\":{\"@id\":\"https:\/\/www.faq-arquitectura.com\/index.php\/2016\/10\/06\/casa-becu-reforma-ampliacion-vivienda-unifamiliar-alcala-guadaira-obra-octubre-2016\/#primaryimage\"},\"image\":{\"@id\":\"https:\/\/www.faq-arquitectura.com\/index.php\/2016\/10\/06\/casa-becu-reforma-ampliacion-vivienda-unifamiliar-alcala-guadaira-obra-octubre-2016\/#primaryimage\"},\"thumbnailUrl\":\"https:\/\/www.faq-arquitectura.com\/wp-content\/uploads\/2016\/10\/CasaBeCu-07.jpg\",\"datePublished\":\"2016-10-06T12:38:28+00:00\",\"dateModified\":\"2016-10-06T12:38:56+00:00\",\"breadcrumb\":{\"@id\":\"https:\/\/www.faq-arquitectura.com\/index.php\/2016\/10\/06\/casa-becu-reforma-ampliacion-vivienda-unifamiliar-alcala-guadaira-obra-octubre-2016\/#breadcrumb\"},\"inLanguage\":\"es\",\"potentialAction\":[{\"@type\":\"ReadAction\",\"target\":[\"https:\/\/www.faq-arquitectura.com\/index.php\/2016\/10\/06\/casa-becu-reforma-ampliacion-vivienda-unifamiliar-alcala-guadaira-obra-octubre-2016\/\"]}]},{\"@type\":\"ImageObject\",\"inLanguage\":\"es\",\"@id\":\"https:\/\/www.faq-arquitectura.com\/index.php\/2016\/10\/06\/casa-becu-reforma-ampliacion-vivienda-unifamiliar-alcala-guadaira-obra-octubre-2016\/#primaryimage\",\"url\":\"https:\/\/www.faq-arquitectura.com\/wp-content\/uploads\/2016\/10\/CasaBeCu-07.jpg\",\"contentUrl\":\"https:\/\/www.faq-arquitectura.com\/wp-content\/uploads\/2016\/10\/CasaBeCu-07.jpg\",\"width\":787,\"height\":591,\"caption\":\"bego\"},{\"@type\":\"BreadcrumbList\",\"@id\":\"https:\/\/www.faq-arquitectura.com\/index.php\/2016\/10\/06\/casa-becu-reforma-ampliacion-vivienda-unifamiliar-alcala-guadaira-obra-octubre-2016\/#breadcrumb\",\"itemListElement\":[{\"@type\":\"ListItem\",\"position\":1,\"name\":\"Portada\",\"item\":\"https:\/\/www.faq-arquitectura.com\/\"},{\"@type\":\"ListItem\",\"position\":2,\"name\":\"Casa BeCu. Reforma y Ampliaci\u00f3n de vivienda unifamiliar. Alcal\u00e1 de Guada\u00edra. Obra. Octubre 2016\"}]},{\"@type\":\"WebSite\",\"@id\":\"https:\/\/www.faq-arquitectura.com\/#website\",\"url\":\"https:\/\/www.faq-arquitectura.com\/\",\"name\":\"FAQ arquitectura\",\"description\":\"Estudio de arquitectura\",\"publisher\":{\"@id\":\"https:\/\/www.faq-arquitectura.com\/#organization\"},\"potentialAction\":[{\"@type\":\"SearchAction\",\"target\":{\"@type\":\"EntryPoint\",\"urlTemplate\":\"https:\/\/www.faq-arquitectura.com\/?s={search_term_string}\"},\"query-input\":{\"@type\":\"PropertyValueSpecification\",\"valueRequired\":true,\"valueName\":\"search_term_string\"}}],\"inLanguage\":\"es\"},{\"@type\":\"Organization\",\"@id\":\"https:\/\/www.faq-arquitectura.com\/#organization\",\"name\":\"FAQ arquitectura\",\"url\":\"https:\/\/www.faq-arquitectura.com\/\",\"logo\":{\"@type\":\"ImageObject\",\"inLanguage\":\"es\",\"@id\":\"https:\/\/www.faq-arquitectura.com\/#\/schema\/logo\/image\/\",\"url\":\"http:\/\/www.faq-arquitectura.com\/wp-content\/uploads\/2017\/02\/LOGO-FAQ-2017.png\",\"contentUrl\":\"http:\/\/www.faq-arquitectura.com\/wp-content\/uploads\/2017\/02\/LOGO-FAQ-2017.png\",\"width\":875,\"height\":246,\"caption\":\"FAQ arquitectura\"},\"image\":{\"@id\":\"https:\/\/www.faq-arquitectura.com\/#\/schema\/logo\/image\/\"},\"sameAs\":[\"https:\/\/www.facebook.com\/FAQarquitectura\/\",\"https:\/\/x.com\/FAQarquitectura\",\"https:\/\/www.instagram.com\/faqarquitectura\/\",\"https:\/\/www.linkedin.com\/company\/faq-arquitectura\",\"https:\/\/es.pinterest.com\/faqarquitectura\/\"]},{\"@type\":\"Person\",\"@id\":\"https:\/\/www.faq-arquitectura.com\/#\/schema\/person\/cd6aa407b3379cabf347d5d886448860\",\"name\":\"FAQarquitectura\",\"image\":{\"@type\":\"ImageObject\",\"inLanguage\":\"es\",\"@id\":\"https:\/\/www.faq-arquitectura.com\/#\/schema\/person\/image\/\",\"url\":\"https:\/\/secure.gravatar.com\/avatar\/71517ce7f24f89166314c7a1ebcbc2c0?s=96&d=mm&r=g\",\"contentUrl\":\"https:\/\/secure.gravatar.com\/avatar\/71517ce7f24f89166314c7a1ebcbc2c0?s=96&d=mm&r=g\",\"caption\":\"FAQarquitectura\"},\"url\":\"https:\/\/www.faq-arquitectura.com\/index.php\/author\/faq2016\/\"}]}<\/script>\n<!-- \/ Yoast SEO plugin. -->","yoast_head_json":{"title":"Casa BeCu. Reforma y Ampliaci\u00f3n de vivienda unifamiliar. Alcal\u00e1 de Guada\u00edra. Obra. Octubre 2016 - FAQ arquitectura","robots":{"index":"index","follow":"follow","max-snippet":"max-snippet:-1","max-image-preview":"max-image-preview:large","max-video-preview":"max-video-preview:-1"},"canonical":"https:\/\/www.faq-arquitectura.com\/index.php\/2016\/10\/06\/casa-becu-reforma-ampliacion-vivienda-unifamiliar-alcala-guadaira-obra-octubre-2016\/","og_locale":"es_ES","og_type":"article","og_title":"Casa BeCu. Reforma y Ampliaci\u00f3n de vivienda unifamiliar. Alcal\u00e1 de Guada\u00edra. Obra. Octubre 2016 - FAQ arquitectura","og_description":"La obra de la Casa BeCu en Alcal\u00e1 de Guada\u00edra continua a buen ritmo.","og_url":"https:\/\/www.faq-arquitectura.com\/index.php\/2016\/10\/06\/casa-becu-reforma-ampliacion-vivienda-unifamiliar-alcala-guadaira-obra-octubre-2016\/","og_site_name":"FAQ arquitectura","article_publisher":"https:\/\/www.facebook.com\/FAQarquitectura\/","article_published_time":"2016-10-06T12:38:28+00:00","article_modified_time":"2016-10-06T12:38:56+00:00","og_image":[{"width":787,"height":591,"url":"https:\/\/www.faq-arquitectura.com\/wp-content\/uploads\/2016\/10\/CasaBeCu-07.jpg","type":"image\/jpeg"}],"author":"FAQarquitectura","twitter_card":"summary_large_image","twitter_creator":"@FAQarquitectura","twitter_site":"@FAQarquitectura","twitter_misc":{"Escrito por":"FAQarquitectura"},"schema":{"@context":"https:\/\/schema.org","@graph":[{"@type":"Article","@id":"https:\/\/www.faq-arquitectura.com\/index.php\/2016\/10\/06\/casa-becu-reforma-ampliacion-vivienda-unifamiliar-alcala-guadaira-obra-octubre-2016\/#article","isPartOf":{"@id":"https:\/\/www.faq-arquitectura.com\/index.php\/2016\/10\/06\/casa-becu-reforma-ampliacion-vivienda-unifamiliar-alcala-guadaira-obra-octubre-2016\/"},"author":{"name":"FAQarquitectura","@id":"https:\/\/www.faq-arquitectura.com\/#\/schema\/person\/cd6aa407b3379cabf347d5d886448860"},"headline":"Casa BeCu. Reforma y Ampliaci\u00f3n de vivienda unifamiliar. Alcal\u00e1 de Guada\u00edra. Obra. Octubre 2016","datePublished":"2016-10-06T12:38:28+00:00","dateModified":"2016-10-06T12:38:56+00:00","mainEntityOfPage":{"@id":"https:\/\/www.faq-arquitectura.com\/index.php\/2016\/10\/06\/casa-becu-reforma-ampliacion-vivienda-unifamiliar-alcala-guadaira-obra-octubre-2016\/"},"wordCount":30,"publisher":{"@id":"https:\/\/www.faq-arquitectura.com\/#organization"},"image":{"@id":"https:\/\/www.faq-arquitectura.com\/index.php\/2016\/10\/06\/casa-becu-reforma-ampliacion-vivienda-unifamiliar-alcala-guadaira-obra-octubre-2016\/#primaryimage"},"thumbnailUrl":"https:\/\/www.faq-arquitectura.com\/wp-content\/uploads\/2016\/10\/CasaBeCu-07.jpg","keywords":["arquiandaluces","Arquitecto","enobras","Obra","Proyecto","Vivienda"],"articleSection":["arquiandaluces","arquitecto","arquitectura","enobras","Obra","proyectos"],"inLanguage":"es"},{"@type":"WebPage","@id":"https:\/\/www.faq-arquitectura.com\/index.php\/2016\/10\/06\/casa-becu-reforma-ampliacion-vivienda-unifamiliar-alcala-guadaira-obra-octubre-2016\/","url":"https:\/\/www.faq-arquitectura.com\/index.php\/2016\/10\/06\/casa-becu-reforma-ampliacion-vivienda-unifamiliar-alcala-guadaira-obra-octubre-2016\/","name":"Casa BeCu. Reforma y Ampliaci\u00f3n de vivienda unifamiliar. Alcal\u00e1 de Guada\u00edra. Obra. Octubre 2016 - FAQ arquitectura","isPartOf":{"@id":"https:\/\/www.faq-arquitectura.com\/#website"},"primaryImageOfPage":{"@id":"https:\/\/www.faq-arquitectura.com\/index.php\/2016\/10\/06\/casa-becu-reforma-ampliacion-vivienda-unifamiliar-alcala-guadaira-obra-octubre-2016\/#primaryimage"},"image":{"@id":"https:\/\/www.faq-arquitectura.com\/index.php\/2016\/10\/06\/casa-becu-reforma-ampliacion-vivienda-unifamiliar-alcala-guadaira-obra-octubre-2016\/#primaryimage"},"thumbnailUrl":"https:\/\/www.faq-arquitectura.com\/wp-content\/uploads\/2016\/10\/CasaBeCu-07.jpg","datePublished":"2016-10-06T12:38:28+00:00","dateModified":"2016-10-06T12:38:56+00:00","breadcrumb":{"@id":"https:\/\/www.faq-arquitectura.com\/index.php\/2016\/10\/06\/casa-becu-reforma-ampliacion-vivienda-unifamiliar-alcala-guadaira-obra-octubre-2016\/#breadcrumb"},"inLanguage":"es","potentialAction":[{"@type":"ReadAction","target":["https:\/\/www.faq-arquitectura.com\/index.php\/2016\/10\/06\/casa-becu-reforma-ampliacion-vivienda-unifamiliar-alcala-guadaira-obra-octubre-2016\/"]}]},{"@type":"ImageObject","inLanguage":"es","@id":"https:\/\/www.faq-arquitectura.com\/index.php\/2016\/10\/06\/casa-becu-reforma-ampliacion-vivienda-unifamiliar-alcala-guadaira-obra-octubre-2016\/#primaryimage","url":"https:\/\/www.faq-arquitectura.com\/wp-content\/uploads\/2016\/10\/CasaBeCu-07.jpg","contentUrl":"https:\/\/www.faq-arquitectura.com\/wp-content\/uploads\/2016\/10\/CasaBeCu-07.jpg","width":787,"height":591,"caption":"bego"},{"@type":"BreadcrumbList","@id":"https:\/\/www.faq-arquitectura.com\/index.php\/2016\/10\/06\/casa-becu-reforma-ampliacion-vivienda-unifamiliar-alcala-guadaira-obra-octubre-2016\/#breadcrumb","itemListElement":[{"@type":"ListItem","position":1,"name":"Portada","item":"https:\/\/www.faq-arquitectura.com\/"},{"@type":"ListItem","position":2,"name":"Casa BeCu. Reforma y Ampliaci\u00f3n de vivienda unifamiliar. Alcal\u00e1 de Guada\u00edra. Obra. Octubre 2016"}]},{"@type":"WebSite","@id":"https:\/\/www.faq-arquitectura.com\/#website","url":"https:\/\/www.faq-arquitectura.com\/","name":"FAQ arquitectura","description":"Estudio de arquitectura","publisher":{"@id":"https:\/\/www.faq-arquitectura.com\/#organization"},"potentialAction":[{"@type":"SearchAction","target":{"@type":"EntryPoint","urlTemplate":"https:\/\/www.faq-arquitectura.com\/?s={search_term_string}"},"query-input":{"@type":"PropertyValueSpecification","valueRequired":true,"valueName":"search_term_string"}}],"inLanguage":"es"},{"@type":"Organization","@id":"https:\/\/www.faq-arquitectura.com\/#organization","name":"FAQ arquitectura","url":"https:\/\/www.faq-arquitectura.com\/","logo":{"@type":"ImageObject","inLanguage":"es","@id":"https:\/\/www.faq-arquitectura.com\/#\/schema\/logo\/image\/","url":"http:\/\/www.faq-arquitectura.com\/wp-content\/uploads\/2017\/02\/LOGO-FAQ-2017.png","contentUrl":"http:\/\/www.faq-arquitectura.com\/wp-content\/uploads\/2017\/02\/LOGO-FAQ-2017.png","width":875,"height":246,"caption":"FAQ arquitectura"},"image":{"@id":"https:\/\/www.faq-arquitectura.com\/#\/schema\/logo\/image\/"},"sameAs":["https:\/\/www.facebook.com\/FAQarquitectura\/","https:\/\/x.com\/FAQarquitectura","https:\/\/www.instagram.com\/faqarquitectura\/","https:\/\/www.linkedin.com\/company\/faq-arquitectura","https:\/\/es.pinterest.com\/faqarquitectura\/"]},{"@type":"Person","@id":"https:\/\/www.faq-arquitectura.com\/#\/schema\/person\/cd6aa407b3379cabf347d5d886448860","name":"FAQarquitectura","image":{"@type":"ImageObject","inLanguage":"es","@id":"https:\/\/www.faq-arquitectura.com\/#\/schema\/person\/image\/","url":"https:\/\/secure.gravatar.com\/avatar\/71517ce7f24f89166314c7a1ebcbc2c0?s=96&d=mm&r=g","contentUrl":"https:\/\/secure.gravatar.com\/avatar\/71517ce7f24f89166314c7a1ebcbc2c0?s=96&d=mm&r=g","caption":"FAQarquitectura"},"url":"https:\/\/www.faq-arquitectura.com\/index.php\/author\/faq2016\/"}]}},"_links":{"self":[{"href":"https:\/\/www.faq-arquitectura.com\/index.php\/wp-json\/wp\/v2\/posts\/1741"}],"collection":[{"href":"https:\/\/www.faq-arquitectura.com\/index.php\/wp-json\/wp\/v2\/posts"}],"about":[{"href":"https:\/\/www.faq-arquitectura.com\/index.php\/wp-json\/wp\/v2\/types\/post"}],"author":[{"embeddable":true,"href":"https:\/\/www.faq-arquitectura.com\/index.php\/wp-json\/wp\/v2\/users\/1"}],"replies":[{"embeddable":true,"href":"https:\/\/www.faq-arquitectura.com\/index.php\/wp-json\/wp\/v2\/comments?post=1741"}],"version-history":[{"count":2,"href":"https:\/\/www.faq-arquitectura.com\/index.php\/wp-json\/wp\/v2\/posts\/1741\/revisions"}],"predecessor-version":[{"id":1745,"href":"https:\/\/www.faq-arquitectura.com\/index.php\/wp-json\/wp\/v2\/posts\/1741\/revisions\/1745"}],"wp:featuredmedia":[{"embeddable":true,"href":"https:\/\/www.faq-arquitectura.com\/index.php\/wp-json\/wp\/v2\/media\/1742"}],"wp:attachment":[{"href":"https:\/\/www.faq-arquitectura.com\/index.php\/wp-json\/wp\/v2\/media?parent=1741"}],"wp:term":[{"taxonomy":"category","embeddable":true,"href":"https:\/\/www.faq-arquitectura.com\/index.php\/wp-json\/wp\/v2\/categories?post=1741"},{"taxonomy":"post_tag","embeddable":true,"href":"https:\/\/www.faq-arquitectura.com\/index.php\/wp-json\/wp\/v2\/tags?post=1741"}],"curies":[{"name":"wp","href":"https:\/\/api.w.org\/{rel}","templated":true}]}}