{"id":1711,"date":"2016-09-28T17:53:36","date_gmt":"2016-09-28T17:53:36","guid":{"rendered":"http:\/\/www.faq-arquitectura.com\/?p=1711"},"modified":"2016-09-28T18:04:14","modified_gmt":"2016-09-28T18:04:14","slug":"arquitecto-sevilla","status":"publish","type":"post","link":"https:\/\/www.faq-arquitectura.com\/index.php\/2016\/09\/28\/arquitecto-sevilla\/","title":{"rendered":"Edificio de Apartamentos Tur\u00edsticos y Locales Comerciales en el centro de Sevilla. Obra (VII)."},"content":{"rendered":"<p>Arquitecto Sevilla.<\/p>\n<p>Hoy se ha empezado el revestimiento del patio. Ya se empieza a ver el blanco. Tambi\u00e9n empezamos con pruebas y detalles de cerrajer\u00eda.<\/p>\n<div style=\"text-align: justify;\">Arquitecto: V\u00edctor Garc\u00eda Trejo.<\/div>\n<div style=\"text-align: justify;\">\n<p>Arquitecta Colaboradora: Ariadna Zerpa Chac\u00f3n.<\/p>\n<p><img loading=\"lazy\" decoding=\"async\" class=\"aligncenter wp-image-1713 size-full\" title=\"arquitecto sevilla\" src=\"https:\/\/www.faq-arquitectura.com\/wp-content\/uploads\/2016\/09\/Obra-201-12-e1475085257871.jpg\" alt=\"obra-201-12\" width=\"787\" height=\"591\" \/><\/p>\n<p><img loading=\"lazy\" decoding=\"async\" class=\"aligncenter wp-image-1714 size-full\" title=\"arquitecto sevilla\" src=\"https:\/\/www.faq-arquitectura.com\/wp-content\/uploads\/2016\/09\/Obra-201-13.jpg\" alt=\"obra-201-13\" width=\"591\" height=\"787\" srcset=\"https:\/\/www.faq-arquitectura.com\/wp-content\/uploads\/2016\/09\/Obra-201-13.jpg 591w, https:\/\/www.faq-arquitectura.com\/wp-content\/uploads\/2016\/09\/Obra-201-13-225x300.jpg 225w, https:\/\/www.faq-arquitectura.com\/wp-content\/uploads\/2016\/09\/Obra-201-13-400x533.jpg 400w\" sizes=\"(max-width: 591px) 100vw, 591px\" \/><\/p>\n<\/div>\n","protected":false},"excerpt":{"rendered":"<p>Arquitecto Sevilla. Hoy se ha empezado el revestimiento del patio. Ya se empieza a ver el blanco. Tambi\u00e9n empezamos con pruebas y detalles de cerrajer\u00eda. Arquitecto: V\u00edctor Garc\u00eda Trejo. Arquitecta Colaboradora: Ariadna Zerpa Chac\u00f3n.<\/p>\n","protected":false},"author":1,"featured_media":1713,"comment_status":"closed","ping_status":"closed","sticky":false,"template":"","format":"standard","meta":{"footnotes":""},"categories":[21,17,22,20,18,23,19,24],"tags":[4,5,6,8,9,10,11],"class_list":["post-1711","post","type-post","status-publish","format-standard","has-post-thumbnail","hentry","category-apartamentos-turisticos","category-arquiandaluces","category-arquitecto","category-arquitectura","category-enobras","category-obra","category-proyectos","category-rehabilitacion","tag-apartamentos-turisticos","tag-arquiandaluces","tag-arquitecto","tag-enobras","tag-obra","tag-proyecto","tag-rehabilitacion"],"yoast_head":"<!-- This site is optimized with the Yoast SEO plugin v23.5 - https:\/\/yoast.com\/wordpress\/plugins\/seo\/ -->\n<title>FAQ arquitectura. Arquitecto Sevilla. Estudio de arquitectura. Proyectos.<\/title>\n<meta name=\"description\" content=\"arquitecto sevilla. Arquitectos Sevilla. Estudio de arquitectura. Proyectos. Obras. Certificacion energetica. Licencias. ITE. Reconocimientos.\" \/>\n<meta name=\"robots\" content=\"index, follow, max-snippet:-1, max-image-preview:large, max-video-preview:-1\" \/>\n<link rel=\"canonical\" href=\"https:\/\/www.faq-arquitectura.com\/index.php\/2016\/09\/28\/arquitecto-sevilla\/\" \/>\n<meta property=\"og:locale\" content=\"es_ES\" \/>\n<meta property=\"og:type\" content=\"article\" \/>\n<meta property=\"og:title\" content=\"FAQ arquitectura. Arquitecto Sevilla. Estudio de arquitectura. Proyectos.\" \/>\n<meta property=\"og:description\" content=\"arquitecto sevilla. Arquitectos Sevilla. Estudio de arquitectura. Proyectos. Obras. Certificacion energetica. Licencias. ITE. Reconocimientos.\" \/>\n<meta property=\"og:url\" content=\"https:\/\/www.faq-arquitectura.com\/index.php\/2016\/09\/28\/arquitecto-sevilla\/\" \/>\n<meta property=\"og:site_name\" content=\"FAQ arquitectura\" \/>\n<meta property=\"article:publisher\" content=\"https:\/\/www.facebook.com\/FAQarquitectura\/\" \/>\n<meta property=\"article:published_time\" content=\"2016-09-28T17:53:36+00:00\" \/>\n<meta property=\"article:modified_time\" content=\"2016-09-28T18:04:14+00:00\" \/>\n<meta property=\"og:image\" content=\"https:\/\/www.faq-arquitectura.com\/wp-content\/uploads\/2016\/09\/Obra-201-12-e1475085257871.jpg\" \/>\n\t<meta property=\"og:image:width\" content=\"787\" \/>\n\t<meta property=\"og:image:height\" content=\"591\" \/>\n\t<meta property=\"og:image:type\" content=\"image\/jpeg\" \/>\n<meta name=\"author\" content=\"FAQarquitectura\" \/>\n<meta name=\"twitter:card\" content=\"summary_large_image\" \/>\n<meta name=\"twitter:creator\" content=\"@FAQarquitectura\" \/>\n<meta name=\"twitter:site\" content=\"@FAQarquitectura\" \/>\n<meta name=\"twitter:label1\" content=\"Escrito por\" \/>\n\t<meta name=\"twitter:data1\" content=\"FAQarquitectura\" \/>\n<script type=\"application\/ld+json\" class=\"yoast-schema-graph\">{\"@context\":\"https:\/\/schema.org\",\"@graph\":[{\"@type\":\"Article\",\"@id\":\"https:\/\/www.faq-arquitectura.com\/index.php\/2016\/09\/28\/arquitecto-sevilla\/#article\",\"isPartOf\":{\"@id\":\"https:\/\/www.faq-arquitectura.com\/index.php\/2016\/09\/28\/arquitecto-sevilla\/\"},\"author\":{\"name\":\"FAQarquitectura\",\"@id\":\"https:\/\/www.faq-arquitectura.com\/#\/schema\/person\/cd6aa407b3379cabf347d5d886448860\"},\"headline\":\"Edificio de Apartamentos Tur\u00edsticos y Locales Comerciales en el centro de Sevilla. Obra (VII).\",\"datePublished\":\"2016-09-28T17:53:36+00:00\",\"dateModified\":\"2016-09-28T18:04:14+00:00\",\"mainEntityOfPage\":{\"@id\":\"https:\/\/www.faq-arquitectura.com\/index.php\/2016\/09\/28\/arquitecto-sevilla\/\"},\"wordCount\":54,\"publisher\":{\"@id\":\"https:\/\/www.faq-arquitectura.com\/#organization\"},\"image\":{\"@id\":\"https:\/\/www.faq-arquitectura.com\/index.php\/2016\/09\/28\/arquitecto-sevilla\/#primaryimage\"},\"thumbnailUrl\":\"https:\/\/www.faq-arquitectura.com\/wp-content\/uploads\/2016\/09\/Obra-201-12-e1475085257871.jpg\",\"keywords\":[\"apartamentos tur\u00edsticos\",\"arquiandaluces\",\"Arquitecto\",\"enobras\",\"Obra\",\"Proyecto\",\"Rehabilitaci\u00f3n\"],\"articleSection\":[\"apartamentos turisticos\",\"arquiandaluces\",\"arquitecto\",\"arquitectura\",\"enobras\",\"Obra\",\"proyectos\",\"Rehabilitacion\"],\"inLanguage\":\"es\"},{\"@type\":\"WebPage\",\"@id\":\"https:\/\/www.faq-arquitectura.com\/index.php\/2016\/09\/28\/arquitecto-sevilla\/\",\"url\":\"https:\/\/www.faq-arquitectura.com\/index.php\/2016\/09\/28\/arquitecto-sevilla\/\",\"name\":\"FAQ arquitectura. Arquitecto Sevilla. Estudio de arquitectura. Proyectos.\",\"isPartOf\":{\"@id\":\"https:\/\/www.faq-arquitectura.com\/#website\"},\"primaryImageOfPage\":{\"@id\":\"https:\/\/www.faq-arquitectura.com\/index.php\/2016\/09\/28\/arquitecto-sevilla\/#primaryimage\"},\"image\":{\"@id\":\"https:\/\/www.faq-arquitectura.com\/index.php\/2016\/09\/28\/arquitecto-sevilla\/#primaryimage\"},\"thumbnailUrl\":\"https:\/\/www.faq-arquitectura.com\/wp-content\/uploads\/2016\/09\/Obra-201-12-e1475085257871.jpg\",\"datePublished\":\"2016-09-28T17:53:36+00:00\",\"dateModified\":\"2016-09-28T18:04:14+00:00\",\"description\":\"arquitecto sevilla. Arquitectos Sevilla. Estudio de arquitectura. Proyectos. Obras. Certificacion energetica. Licencias. ITE. Reconocimientos.\",\"breadcrumb\":{\"@id\":\"https:\/\/www.faq-arquitectura.com\/index.php\/2016\/09\/28\/arquitecto-sevilla\/#breadcrumb\"},\"inLanguage\":\"es\",\"potentialAction\":[{\"@type\":\"ReadAction\",\"target\":[\"https:\/\/www.faq-arquitectura.com\/index.php\/2016\/09\/28\/arquitecto-sevilla\/\"]}]},{\"@type\":\"ImageObject\",\"inLanguage\":\"es\",\"@id\":\"https:\/\/www.faq-arquitectura.com\/index.php\/2016\/09\/28\/arquitecto-sevilla\/#primaryimage\",\"url\":\"https:\/\/www.faq-arquitectura.com\/wp-content\/uploads\/2016\/09\/Obra-201-12-e1475085257871.jpg\",\"contentUrl\":\"https:\/\/www.faq-arquitectura.com\/wp-content\/uploads\/2016\/09\/Obra-201-12-e1475085257871.jpg\",\"width\":787,\"height\":591,\"caption\":\"pyp\"},{\"@type\":\"BreadcrumbList\",\"@id\":\"https:\/\/www.faq-arquitectura.com\/index.php\/2016\/09\/28\/arquitecto-sevilla\/#breadcrumb\",\"itemListElement\":[{\"@type\":\"ListItem\",\"position\":1,\"name\":\"Portada\",\"item\":\"https:\/\/www.faq-arquitectura.com\/\"},{\"@type\":\"ListItem\",\"position\":2,\"name\":\"Edificio de Apartamentos Tur\u00edsticos y Locales Comerciales en el centro de Sevilla. Obra (VII).\"}]},{\"@type\":\"WebSite\",\"@id\":\"https:\/\/www.faq-arquitectura.com\/#website\",\"url\":\"https:\/\/www.faq-arquitectura.com\/\",\"name\":\"FAQ arquitectura\",\"description\":\"Estudio de arquitectura\",\"publisher\":{\"@id\":\"https:\/\/www.faq-arquitectura.com\/#organization\"},\"potentialAction\":[{\"@type\":\"SearchAction\",\"target\":{\"@type\":\"EntryPoint\",\"urlTemplate\":\"https:\/\/www.faq-arquitectura.com\/?s={search_term_string}\"},\"query-input\":{\"@type\":\"PropertyValueSpecification\",\"valueRequired\":true,\"valueName\":\"search_term_string\"}}],\"inLanguage\":\"es\"},{\"@type\":\"Organization\",\"@id\":\"https:\/\/www.faq-arquitectura.com\/#organization\",\"name\":\"FAQ arquitectura\",\"url\":\"https:\/\/www.faq-arquitectura.com\/\",\"logo\":{\"@type\":\"ImageObject\",\"inLanguage\":\"es\",\"@id\":\"https:\/\/www.faq-arquitectura.com\/#\/schema\/logo\/image\/\",\"url\":\"http:\/\/www.faq-arquitectura.com\/wp-content\/uploads\/2017\/02\/LOGO-FAQ-2017.png\",\"contentUrl\":\"http:\/\/www.faq-arquitectura.com\/wp-content\/uploads\/2017\/02\/LOGO-FAQ-2017.png\",\"width\":875,\"height\":246,\"caption\":\"FAQ arquitectura\"},\"image\":{\"@id\":\"https:\/\/www.faq-arquitectura.com\/#\/schema\/logo\/image\/\"},\"sameAs\":[\"https:\/\/www.facebook.com\/FAQarquitectura\/\",\"https:\/\/x.com\/FAQarquitectura\",\"https:\/\/www.instagram.com\/faqarquitectura\/\",\"https:\/\/www.linkedin.com\/company\/faq-arquitectura\",\"https:\/\/es.pinterest.com\/faqarquitectura\/\"]},{\"@type\":\"Person\",\"@id\":\"https:\/\/www.faq-arquitectura.com\/#\/schema\/person\/cd6aa407b3379cabf347d5d886448860\",\"name\":\"FAQarquitectura\",\"image\":{\"@type\":\"ImageObject\",\"inLanguage\":\"es\",\"@id\":\"https:\/\/www.faq-arquitectura.com\/#\/schema\/person\/image\/\",\"url\":\"https:\/\/secure.gravatar.com\/avatar\/71517ce7f24f89166314c7a1ebcbc2c0?s=96&d=mm&r=g\",\"contentUrl\":\"https:\/\/secure.gravatar.com\/avatar\/71517ce7f24f89166314c7a1ebcbc2c0?s=96&d=mm&r=g\",\"caption\":\"FAQarquitectura\"},\"url\":\"https:\/\/www.faq-arquitectura.com\/index.php\/author\/faq2016\/\"}]}<\/script>\n<!-- \/ Yoast SEO plugin. -->","yoast_head_json":{"title":"FAQ arquitectura. Arquitecto Sevilla. Estudio de arquitectura. Proyectos.","description":"arquitecto sevilla. Arquitectos Sevilla. Estudio de arquitectura. Proyectos. Obras. Certificacion energetica. Licencias. ITE. Reconocimientos.","robots":{"index":"index","follow":"follow","max-snippet":"max-snippet:-1","max-image-preview":"max-image-preview:large","max-video-preview":"max-video-preview:-1"},"canonical":"https:\/\/www.faq-arquitectura.com\/index.php\/2016\/09\/28\/arquitecto-sevilla\/","og_locale":"es_ES","og_type":"article","og_title":"FAQ arquitectura. Arquitecto Sevilla. Estudio de arquitectura. Proyectos.","og_description":"arquitecto sevilla. Arquitectos Sevilla. Estudio de arquitectura. Proyectos. Obras. Certificacion energetica. Licencias. ITE. Reconocimientos.","og_url":"https:\/\/www.faq-arquitectura.com\/index.php\/2016\/09\/28\/arquitecto-sevilla\/","og_site_name":"FAQ arquitectura","article_publisher":"https:\/\/www.facebook.com\/FAQarquitectura\/","article_published_time":"2016-09-28T17:53:36+00:00","article_modified_time":"2016-09-28T18:04:14+00:00","og_image":[{"width":787,"height":591,"url":"https:\/\/www.faq-arquitectura.com\/wp-content\/uploads\/2016\/09\/Obra-201-12-e1475085257871.jpg","type":"image\/jpeg"}],"author":"FAQarquitectura","twitter_card":"summary_large_image","twitter_creator":"@FAQarquitectura","twitter_site":"@FAQarquitectura","twitter_misc":{"Escrito por":"FAQarquitectura"},"schema":{"@context":"https:\/\/schema.org","@graph":[{"@type":"Article","@id":"https:\/\/www.faq-arquitectura.com\/index.php\/2016\/09\/28\/arquitecto-sevilla\/#article","isPartOf":{"@id":"https:\/\/www.faq-arquitectura.com\/index.php\/2016\/09\/28\/arquitecto-sevilla\/"},"author":{"name":"FAQarquitectura","@id":"https:\/\/www.faq-arquitectura.com\/#\/schema\/person\/cd6aa407b3379cabf347d5d886448860"},"headline":"Edificio de Apartamentos Tur\u00edsticos y Locales Comerciales en el centro de Sevilla. Obra (VII).","datePublished":"2016-09-28T17:53:36+00:00","dateModified":"2016-09-28T18:04:14+00:00","mainEntityOfPage":{"@id":"https:\/\/www.faq-arquitectura.com\/index.php\/2016\/09\/28\/arquitecto-sevilla\/"},"wordCount":54,"publisher":{"@id":"https:\/\/www.faq-arquitectura.com\/#organization"},"image":{"@id":"https:\/\/www.faq-arquitectura.com\/index.php\/2016\/09\/28\/arquitecto-sevilla\/#primaryimage"},"thumbnailUrl":"https:\/\/www.faq-arquitectura.com\/wp-content\/uploads\/2016\/09\/Obra-201-12-e1475085257871.jpg","keywords":["apartamentos tur\u00edsticos","arquiandaluces","Arquitecto","enobras","Obra","Proyecto","Rehabilitaci\u00f3n"],"articleSection":["apartamentos turisticos","arquiandaluces","arquitecto","arquitectura","enobras","Obra","proyectos","Rehabilitacion"],"inLanguage":"es"},{"@type":"WebPage","@id":"https:\/\/www.faq-arquitectura.com\/index.php\/2016\/09\/28\/arquitecto-sevilla\/","url":"https:\/\/www.faq-arquitectura.com\/index.php\/2016\/09\/28\/arquitecto-sevilla\/","name":"FAQ arquitectura. Arquitecto Sevilla. Estudio de arquitectura. Proyectos.","isPartOf":{"@id":"https:\/\/www.faq-arquitectura.com\/#website"},"primaryImageOfPage":{"@id":"https:\/\/www.faq-arquitectura.com\/index.php\/2016\/09\/28\/arquitecto-sevilla\/#primaryimage"},"image":{"@id":"https:\/\/www.faq-arquitectura.com\/index.php\/2016\/09\/28\/arquitecto-sevilla\/#primaryimage"},"thumbnailUrl":"https:\/\/www.faq-arquitectura.com\/wp-content\/uploads\/2016\/09\/Obra-201-12-e1475085257871.jpg","datePublished":"2016-09-28T17:53:36+00:00","dateModified":"2016-09-28T18:04:14+00:00","description":"arquitecto sevilla. Arquitectos Sevilla. Estudio de arquitectura. Proyectos. Obras. Certificacion energetica. Licencias. ITE. Reconocimientos.","breadcrumb":{"@id":"https:\/\/www.faq-arquitectura.com\/index.php\/2016\/09\/28\/arquitecto-sevilla\/#breadcrumb"},"inLanguage":"es","potentialAction":[{"@type":"ReadAction","target":["https:\/\/www.faq-arquitectura.com\/index.php\/2016\/09\/28\/arquitecto-sevilla\/"]}]},{"@type":"ImageObject","inLanguage":"es","@id":"https:\/\/www.faq-arquitectura.com\/index.php\/2016\/09\/28\/arquitecto-sevilla\/#primaryimage","url":"https:\/\/www.faq-arquitectura.com\/wp-content\/uploads\/2016\/09\/Obra-201-12-e1475085257871.jpg","contentUrl":"https:\/\/www.faq-arquitectura.com\/wp-content\/uploads\/2016\/09\/Obra-201-12-e1475085257871.jpg","width":787,"height":591,"caption":"pyp"},{"@type":"BreadcrumbList","@id":"https:\/\/www.faq-arquitectura.com\/index.php\/2016\/09\/28\/arquitecto-sevilla\/#breadcrumb","itemListElement":[{"@type":"ListItem","position":1,"name":"Portada","item":"https:\/\/www.faq-arquitectura.com\/"},{"@type":"ListItem","position":2,"name":"Edificio de Apartamentos Tur\u00edsticos y Locales Comerciales en el centro de Sevilla. Obra (VII)."}]},{"@type":"WebSite","@id":"https:\/\/www.faq-arquitectura.com\/#website","url":"https:\/\/www.faq-arquitectura.com\/","name":"FAQ arquitectura","description":"Estudio de arquitectura","publisher":{"@id":"https:\/\/www.faq-arquitectura.com\/#organization"},"potentialAction":[{"@type":"SearchAction","target":{"@type":"EntryPoint","urlTemplate":"https:\/\/www.faq-arquitectura.com\/?s={search_term_string}"},"query-input":{"@type":"PropertyValueSpecification","valueRequired":true,"valueName":"search_term_string"}}],"inLanguage":"es"},{"@type":"Organization","@id":"https:\/\/www.faq-arquitectura.com\/#organization","name":"FAQ arquitectura","url":"https:\/\/www.faq-arquitectura.com\/","logo":{"@type":"ImageObject","inLanguage":"es","@id":"https:\/\/www.faq-arquitectura.com\/#\/schema\/logo\/image\/","url":"http:\/\/www.faq-arquitectura.com\/wp-content\/uploads\/2017\/02\/LOGO-FAQ-2017.png","contentUrl":"http:\/\/www.faq-arquitectura.com\/wp-content\/uploads\/2017\/02\/LOGO-FAQ-2017.png","width":875,"height":246,"caption":"FAQ arquitectura"},"image":{"@id":"https:\/\/www.faq-arquitectura.com\/#\/schema\/logo\/image\/"},"sameAs":["https:\/\/www.facebook.com\/FAQarquitectura\/","https:\/\/x.com\/FAQarquitectura","https:\/\/www.instagram.com\/faqarquitectura\/","https:\/\/www.linkedin.com\/company\/faq-arquitectura","https:\/\/es.pinterest.com\/faqarquitectura\/"]},{"@type":"Person","@id":"https:\/\/www.faq-arquitectura.com\/#\/schema\/person\/cd6aa407b3379cabf347d5d886448860","name":"FAQarquitectura","image":{"@type":"ImageObject","inLanguage":"es","@id":"https:\/\/www.faq-arquitectura.com\/#\/schema\/person\/image\/","url":"https:\/\/secure.gravatar.com\/avatar\/71517ce7f24f89166314c7a1ebcbc2c0?s=96&d=mm&r=g","contentUrl":"https:\/\/secure.gravatar.com\/avatar\/71517ce7f24f89166314c7a1ebcbc2c0?s=96&d=mm&r=g","caption":"FAQarquitectura"},"url":"https:\/\/www.faq-arquitectura.com\/index.php\/author\/faq2016\/"}]}},"_links":{"self":[{"href":"https:\/\/www.faq-arquitectura.com\/index.php\/wp-json\/wp\/v2\/posts\/1711"}],"collection":[{"href":"https:\/\/www.faq-arquitectura.com\/index.php\/wp-json\/wp\/v2\/posts"}],"about":[{"href":"https:\/\/www.faq-arquitectura.com\/index.php\/wp-json\/wp\/v2\/types\/post"}],"author":[{"embeddable":true,"href":"https:\/\/www.faq-arquitectura.com\/index.php\/wp-json\/wp\/v2\/users\/1"}],"replies":[{"embeddable":true,"href":"https:\/\/www.faq-arquitectura.com\/index.php\/wp-json\/wp\/v2\/comments?post=1711"}],"version-history":[{"count":7,"href":"https:\/\/www.faq-arquitectura.com\/index.php\/wp-json\/wp\/v2\/posts\/1711\/revisions"}],"predecessor-version":[{"id":1721,"href":"https:\/\/www.faq-arquitectura.com\/index.php\/wp-json\/wp\/v2\/posts\/1711\/revisions\/1721"}],"wp:featuredmedia":[{"embeddable":true,"href":"https:\/\/www.faq-arquitectura.com\/index.php\/wp-json\/wp\/v2\/media\/1713"}],"wp:attachment":[{"href":"https:\/\/www.faq-arquitectura.com\/index.php\/wp-json\/wp\/v2\/media?parent=1711"}],"wp:term":[{"taxonomy":"category","embeddable":true,"href":"https:\/\/www.faq-arquitectura.com\/index.php\/wp-json\/wp\/v2\/categories?post=1711"},{"taxonomy":"post_tag","embeddable":true,"href":"https:\/\/www.faq-arquitectura.com\/index.php\/wp-json\/wp\/v2\/tags?post=1711"}],"curies":[{"name":"wp","href":"https:\/\/api.w.org\/{rel}","templated":true}]}}