{"id":1065,"date":"2010-10-25T15:50:00","date_gmt":"2010-10-25T15:50:00","guid":{"rendered":"http:\/\/www.faq-arquitectura.com\/index.php\/2010\/10\/25\/concurso-dependencias-municipales-en\/"},"modified":"2016-09-21T17:47:41","modified_gmt":"2016-09-21T17:47:41","slug":"concurso-dependencias-municipales-en","status":"publish","type":"post","link":"https:\/\/www.faq-arquitectura.com\/index.php\/2010\/10\/25\/concurso-dependencias-municipales-en\/","title":{"rendered":"Concurso Dependencias Municipales en Aljaraque (2006)"},"content":{"rendered":"<p>Concurso Dependencias Municipales en Aljaraque, Huelva (2006)<br \/>\nArquitectos: V\u00edctor Garc\u00eda Trejo con Isabel Pascual D\u00edaz. Finalista.<\/p>\n<div class=\"separator\" style=\"clear: both; text-align: center;\"><a href=\"http:\/\/4.bp.blogspot.com\/_yldR6xzJ-RE\/TMV2GKL8YtI\/AAAAAAAACxU\/YHsV00hns_E\/s1600\/M7+copia.jpg\" imageanchor=\"1\" style=\"margin-left: 1em; margin-right: 1em;\"><img loading=\"lazy\" decoding=\"async\" border=\"0\" height=\"640\" nx=\"true\" src=\"http:\/\/4.bp.blogspot.com\/_yldR6xzJ-RE\/TMV2GKL8YtI\/AAAAAAAACxU\/YHsV00hns_E\/s640\/M7+copia.jpg\" width=\"419\" \/><\/a><\/div>\n","protected":false},"excerpt":{"rendered":"<p>Concurso Dependencias Municipales en Aljaraque, Huelva (2006) Arquitectos: V\u00edctor Garc\u00eda Trejo con Isabel Pascual D\u00edaz. Finalista.<\/p>\n","protected":false},"author":1,"featured_media":0,"comment_status":"closed","ping_status":"closed","sticky":false,"template":"","format":"standard","meta":{"footnotes":""},"categories":[1],"tags":[6,14],"class_list":["post-1065","post","type-post","status-publish","format-standard","hentry","category-sin-categoria","tag-arquitecto","tag-concurso"],"yoast_head":"<!-- This site is optimized with the Yoast SEO plugin v23.5 - https:\/\/yoast.com\/wordpress\/plugins\/seo\/ -->\n<title>Concurso Dependencias Municipales en Aljaraque (2006) - FAQ arquitectura<\/title>\n<meta name=\"robots\" content=\"index, follow, max-snippet:-1, max-image-preview:large, max-video-preview:-1\" \/>\n<link rel=\"canonical\" href=\"https:\/\/www.faq-arquitectura.com\/index.php\/2010\/10\/25\/concurso-dependencias-municipales-en\/\" \/>\n<meta property=\"og:locale\" content=\"es_ES\" \/>\n<meta property=\"og:type\" content=\"article\" \/>\n<meta property=\"og:title\" content=\"Concurso Dependencias Municipales en Aljaraque (2006) - FAQ arquitectura\" \/>\n<meta property=\"og:description\" content=\"Concurso Dependencias Municipales en Aljaraque, Huelva (2006) Arquitectos: V\u00edctor Garc\u00eda Trejo con Isabel Pascual D\u00edaz. Finalista.\" \/>\n<meta property=\"og:url\" content=\"https:\/\/www.faq-arquitectura.com\/index.php\/2010\/10\/25\/concurso-dependencias-municipales-en\/\" \/>\n<meta property=\"og:site_name\" content=\"FAQ arquitectura\" \/>\n<meta property=\"article:publisher\" content=\"https:\/\/www.facebook.com\/FAQarquitectura\/\" \/>\n<meta property=\"article:published_time\" content=\"2010-10-25T15:50:00+00:00\" \/>\n<meta property=\"article:modified_time\" content=\"2016-09-21T17:47:41+00:00\" \/>\n<meta property=\"og:image\" content=\"http:\/\/4.bp.blogspot.com\/_yldR6xzJ-RE\/TMV2GKL8YtI\/AAAAAAAACxU\/YHsV00hns_E\/s640\/M7+copia.jpg\" \/>\n<meta name=\"author\" content=\"FAQarquitectura\" \/>\n<meta name=\"twitter:card\" content=\"summary_large_image\" \/>\n<meta name=\"twitter:creator\" content=\"@FAQarquitectura\" \/>\n<meta name=\"twitter:site\" content=\"@FAQarquitectura\" \/>\n<meta name=\"twitter:label1\" content=\"Escrito por\" \/>\n\t<meta name=\"twitter:data1\" content=\"FAQarquitectura\" \/>\n<script type=\"application\/ld+json\" class=\"yoast-schema-graph\">{\"@context\":\"https:\/\/schema.org\",\"@graph\":[{\"@type\":\"Article\",\"@id\":\"https:\/\/www.faq-arquitectura.com\/index.php\/2010\/10\/25\/concurso-dependencias-municipales-en\/#article\",\"isPartOf\":{\"@id\":\"https:\/\/www.faq-arquitectura.com\/index.php\/2010\/10\/25\/concurso-dependencias-municipales-en\/\"},\"author\":{\"name\":\"FAQarquitectura\",\"@id\":\"https:\/\/www.faq-arquitectura.com\/#\/schema\/person\/cd6aa407b3379cabf347d5d886448860\"},\"headline\":\"Concurso Dependencias Municipales en Aljaraque (2006)\",\"datePublished\":\"2010-10-25T15:50:00+00:00\",\"dateModified\":\"2016-09-21T17:47:41+00:00\",\"mainEntityOfPage\":{\"@id\":\"https:\/\/www.faq-arquitectura.com\/index.php\/2010\/10\/25\/concurso-dependencias-municipales-en\/\"},\"wordCount\":23,\"publisher\":{\"@id\":\"https:\/\/www.faq-arquitectura.com\/#organization\"},\"image\":{\"@id\":\"https:\/\/www.faq-arquitectura.com\/index.php\/2010\/10\/25\/concurso-dependencias-municipales-en\/#primaryimage\"},\"thumbnailUrl\":\"http:\/\/4.bp.blogspot.com\/_yldR6xzJ-RE\/TMV2GKL8YtI\/AAAAAAAACxU\/YHsV00hns_E\/s640\/M7+copia.jpg\",\"keywords\":[\"Arquitecto\",\"Concurso\"],\"inLanguage\":\"es\"},{\"@type\":\"WebPage\",\"@id\":\"https:\/\/www.faq-arquitectura.com\/index.php\/2010\/10\/25\/concurso-dependencias-municipales-en\/\",\"url\":\"https:\/\/www.faq-arquitectura.com\/index.php\/2010\/10\/25\/concurso-dependencias-municipales-en\/\",\"name\":\"Concurso Dependencias Municipales en Aljaraque (2006) - FAQ arquitectura\",\"isPartOf\":{\"@id\":\"https:\/\/www.faq-arquitectura.com\/#website\"},\"primaryImageOfPage\":{\"@id\":\"https:\/\/www.faq-arquitectura.com\/index.php\/2010\/10\/25\/concurso-dependencias-municipales-en\/#primaryimage\"},\"image\":{\"@id\":\"https:\/\/www.faq-arquitectura.com\/index.php\/2010\/10\/25\/concurso-dependencias-municipales-en\/#primaryimage\"},\"thumbnailUrl\":\"http:\/\/4.bp.blogspot.com\/_yldR6xzJ-RE\/TMV2GKL8YtI\/AAAAAAAACxU\/YHsV00hns_E\/s640\/M7+copia.jpg\",\"datePublished\":\"2010-10-25T15:50:00+00:00\",\"dateModified\":\"2016-09-21T17:47:41+00:00\",\"breadcrumb\":{\"@id\":\"https:\/\/www.faq-arquitectura.com\/index.php\/2010\/10\/25\/concurso-dependencias-municipales-en\/#breadcrumb\"},\"inLanguage\":\"es\",\"potentialAction\":[{\"@type\":\"ReadAction\",\"target\":[\"https:\/\/www.faq-arquitectura.com\/index.php\/2010\/10\/25\/concurso-dependencias-municipales-en\/\"]}]},{\"@type\":\"ImageObject\",\"inLanguage\":\"es\",\"@id\":\"https:\/\/www.faq-arquitectura.com\/index.php\/2010\/10\/25\/concurso-dependencias-municipales-en\/#primaryimage\",\"url\":\"http:\/\/4.bp.blogspot.com\/_yldR6xzJ-RE\/TMV2GKL8YtI\/AAAAAAAACxU\/YHsV00hns_E\/s640\/M7+copia.jpg\",\"contentUrl\":\"http:\/\/4.bp.blogspot.com\/_yldR6xzJ-RE\/TMV2GKL8YtI\/AAAAAAAACxU\/YHsV00hns_E\/s640\/M7+copia.jpg\"},{\"@type\":\"BreadcrumbList\",\"@id\":\"https:\/\/www.faq-arquitectura.com\/index.php\/2010\/10\/25\/concurso-dependencias-municipales-en\/#breadcrumb\",\"itemListElement\":[{\"@type\":\"ListItem\",\"position\":1,\"name\":\"Portada\",\"item\":\"https:\/\/www.faq-arquitectura.com\/\"},{\"@type\":\"ListItem\",\"position\":2,\"name\":\"Concurso Dependencias Municipales en Aljaraque (2006)\"}]},{\"@type\":\"WebSite\",\"@id\":\"https:\/\/www.faq-arquitectura.com\/#website\",\"url\":\"https:\/\/www.faq-arquitectura.com\/\",\"name\":\"FAQ arquitectura\",\"description\":\"Estudio de arquitectura\",\"publisher\":{\"@id\":\"https:\/\/www.faq-arquitectura.com\/#organization\"},\"potentialAction\":[{\"@type\":\"SearchAction\",\"target\":{\"@type\":\"EntryPoint\",\"urlTemplate\":\"https:\/\/www.faq-arquitectura.com\/?s={search_term_string}\"},\"query-input\":{\"@type\":\"PropertyValueSpecification\",\"valueRequired\":true,\"valueName\":\"search_term_string\"}}],\"inLanguage\":\"es\"},{\"@type\":\"Organization\",\"@id\":\"https:\/\/www.faq-arquitectura.com\/#organization\",\"name\":\"FAQ arquitectura\",\"url\":\"https:\/\/www.faq-arquitectura.com\/\",\"logo\":{\"@type\":\"ImageObject\",\"inLanguage\":\"es\",\"@id\":\"https:\/\/www.faq-arquitectura.com\/#\/schema\/logo\/image\/\",\"url\":\"http:\/\/www.faq-arquitectura.com\/wp-content\/uploads\/2017\/02\/LOGO-FAQ-2017.png\",\"contentUrl\":\"http:\/\/www.faq-arquitectura.com\/wp-content\/uploads\/2017\/02\/LOGO-FAQ-2017.png\",\"width\":875,\"height\":246,\"caption\":\"FAQ arquitectura\"},\"image\":{\"@id\":\"https:\/\/www.faq-arquitectura.com\/#\/schema\/logo\/image\/\"},\"sameAs\":[\"https:\/\/www.facebook.com\/FAQarquitectura\/\",\"https:\/\/x.com\/FAQarquitectura\",\"https:\/\/www.instagram.com\/faqarquitectura\/\",\"https:\/\/www.linkedin.com\/company\/faq-arquitectura\",\"https:\/\/es.pinterest.com\/faqarquitectura\/\"]},{\"@type\":\"Person\",\"@id\":\"https:\/\/www.faq-arquitectura.com\/#\/schema\/person\/cd6aa407b3379cabf347d5d886448860\",\"name\":\"FAQarquitectura\",\"image\":{\"@type\":\"ImageObject\",\"inLanguage\":\"es\",\"@id\":\"https:\/\/www.faq-arquitectura.com\/#\/schema\/person\/image\/\",\"url\":\"https:\/\/secure.gravatar.com\/avatar\/71517ce7f24f89166314c7a1ebcbc2c0?s=96&d=mm&r=g\",\"contentUrl\":\"https:\/\/secure.gravatar.com\/avatar\/71517ce7f24f89166314c7a1ebcbc2c0?s=96&d=mm&r=g\",\"caption\":\"FAQarquitectura\"},\"url\":\"https:\/\/www.faq-arquitectura.com\/index.php\/author\/faq2016\/\"}]}<\/script>\n<!-- \/ Yoast SEO plugin. -->","yoast_head_json":{"title":"Concurso Dependencias Municipales en Aljaraque (2006) - FAQ arquitectura","robots":{"index":"index","follow":"follow","max-snippet":"max-snippet:-1","max-image-preview":"max-image-preview:large","max-video-preview":"max-video-preview:-1"},"canonical":"https:\/\/www.faq-arquitectura.com\/index.php\/2010\/10\/25\/concurso-dependencias-municipales-en\/","og_locale":"es_ES","og_type":"article","og_title":"Concurso Dependencias Municipales en Aljaraque (2006) - FAQ arquitectura","og_description":"Concurso Dependencias Municipales en Aljaraque, Huelva (2006) Arquitectos: V\u00edctor Garc\u00eda Trejo con Isabel Pascual D\u00edaz. Finalista.","og_url":"https:\/\/www.faq-arquitectura.com\/index.php\/2010\/10\/25\/concurso-dependencias-municipales-en\/","og_site_name":"FAQ arquitectura","article_publisher":"https:\/\/www.facebook.com\/FAQarquitectura\/","article_published_time":"2010-10-25T15:50:00+00:00","article_modified_time":"2016-09-21T17:47:41+00:00","og_image":[{"url":"http:\/\/4.bp.blogspot.com\/_yldR6xzJ-RE\/TMV2GKL8YtI\/AAAAAAAACxU\/YHsV00hns_E\/s640\/M7+copia.jpg"}],"author":"FAQarquitectura","twitter_card":"summary_large_image","twitter_creator":"@FAQarquitectura","twitter_site":"@FAQarquitectura","twitter_misc":{"Escrito por":"FAQarquitectura"},"schema":{"@context":"https:\/\/schema.org","@graph":[{"@type":"Article","@id":"https:\/\/www.faq-arquitectura.com\/index.php\/2010\/10\/25\/concurso-dependencias-municipales-en\/#article","isPartOf":{"@id":"https:\/\/www.faq-arquitectura.com\/index.php\/2010\/10\/25\/concurso-dependencias-municipales-en\/"},"author":{"name":"FAQarquitectura","@id":"https:\/\/www.faq-arquitectura.com\/#\/schema\/person\/cd6aa407b3379cabf347d5d886448860"},"headline":"Concurso Dependencias Municipales en Aljaraque (2006)","datePublished":"2010-10-25T15:50:00+00:00","dateModified":"2016-09-21T17:47:41+00:00","mainEntityOfPage":{"@id":"https:\/\/www.faq-arquitectura.com\/index.php\/2010\/10\/25\/concurso-dependencias-municipales-en\/"},"wordCount":23,"publisher":{"@id":"https:\/\/www.faq-arquitectura.com\/#organization"},"image":{"@id":"https:\/\/www.faq-arquitectura.com\/index.php\/2010\/10\/25\/concurso-dependencias-municipales-en\/#primaryimage"},"thumbnailUrl":"http:\/\/4.bp.blogspot.com\/_yldR6xzJ-RE\/TMV2GKL8YtI\/AAAAAAAACxU\/YHsV00hns_E\/s640\/M7+copia.jpg","keywords":["Arquitecto","Concurso"],"inLanguage":"es"},{"@type":"WebPage","@id":"https:\/\/www.faq-arquitectura.com\/index.php\/2010\/10\/25\/concurso-dependencias-municipales-en\/","url":"https:\/\/www.faq-arquitectura.com\/index.php\/2010\/10\/25\/concurso-dependencias-municipales-en\/","name":"Concurso Dependencias Municipales en Aljaraque (2006) - FAQ arquitectura","isPartOf":{"@id":"https:\/\/www.faq-arquitectura.com\/#website"},"primaryImageOfPage":{"@id":"https:\/\/www.faq-arquitectura.com\/index.php\/2010\/10\/25\/concurso-dependencias-municipales-en\/#primaryimage"},"image":{"@id":"https:\/\/www.faq-arquitectura.com\/index.php\/2010\/10\/25\/concurso-dependencias-municipales-en\/#primaryimage"},"thumbnailUrl":"http:\/\/4.bp.blogspot.com\/_yldR6xzJ-RE\/TMV2GKL8YtI\/AAAAAAAACxU\/YHsV00hns_E\/s640\/M7+copia.jpg","datePublished":"2010-10-25T15:50:00+00:00","dateModified":"2016-09-21T17:47:41+00:00","breadcrumb":{"@id":"https:\/\/www.faq-arquitectura.com\/index.php\/2010\/10\/25\/concurso-dependencias-municipales-en\/#breadcrumb"},"inLanguage":"es","potentialAction":[{"@type":"ReadAction","target":["https:\/\/www.faq-arquitectura.com\/index.php\/2010\/10\/25\/concurso-dependencias-municipales-en\/"]}]},{"@type":"ImageObject","inLanguage":"es","@id":"https:\/\/www.faq-arquitectura.com\/index.php\/2010\/10\/25\/concurso-dependencias-municipales-en\/#primaryimage","url":"http:\/\/4.bp.blogspot.com\/_yldR6xzJ-RE\/TMV2GKL8YtI\/AAAAAAAACxU\/YHsV00hns_E\/s640\/M7+copia.jpg","contentUrl":"http:\/\/4.bp.blogspot.com\/_yldR6xzJ-RE\/TMV2GKL8YtI\/AAAAAAAACxU\/YHsV00hns_E\/s640\/M7+copia.jpg"},{"@type":"BreadcrumbList","@id":"https:\/\/www.faq-arquitectura.com\/index.php\/2010\/10\/25\/concurso-dependencias-municipales-en\/#breadcrumb","itemListElement":[{"@type":"ListItem","position":1,"name":"Portada","item":"https:\/\/www.faq-arquitectura.com\/"},{"@type":"ListItem","position":2,"name":"Concurso Dependencias Municipales en Aljaraque (2006)"}]},{"@type":"WebSite","@id":"https:\/\/www.faq-arquitectura.com\/#website","url":"https:\/\/www.faq-arquitectura.com\/","name":"FAQ arquitectura","description":"Estudio de arquitectura","publisher":{"@id":"https:\/\/www.faq-arquitectura.com\/#organization"},"potentialAction":[{"@type":"SearchAction","target":{"@type":"EntryPoint","urlTemplate":"https:\/\/www.faq-arquitectura.com\/?s={search_term_string}"},"query-input":{"@type":"PropertyValueSpecification","valueRequired":true,"valueName":"search_term_string"}}],"inLanguage":"es"},{"@type":"Organization","@id":"https:\/\/www.faq-arquitectura.com\/#organization","name":"FAQ arquitectura","url":"https:\/\/www.faq-arquitectura.com\/","logo":{"@type":"ImageObject","inLanguage":"es","@id":"https:\/\/www.faq-arquitectura.com\/#\/schema\/logo\/image\/","url":"http:\/\/www.faq-arquitectura.com\/wp-content\/uploads\/2017\/02\/LOGO-FAQ-2017.png","contentUrl":"http:\/\/www.faq-arquitectura.com\/wp-content\/uploads\/2017\/02\/LOGO-FAQ-2017.png","width":875,"height":246,"caption":"FAQ arquitectura"},"image":{"@id":"https:\/\/www.faq-arquitectura.com\/#\/schema\/logo\/image\/"},"sameAs":["https:\/\/www.facebook.com\/FAQarquitectura\/","https:\/\/x.com\/FAQarquitectura","https:\/\/www.instagram.com\/faqarquitectura\/","https:\/\/www.linkedin.com\/company\/faq-arquitectura","https:\/\/es.pinterest.com\/faqarquitectura\/"]},{"@type":"Person","@id":"https:\/\/www.faq-arquitectura.com\/#\/schema\/person\/cd6aa407b3379cabf347d5d886448860","name":"FAQarquitectura","image":{"@type":"ImageObject","inLanguage":"es","@id":"https:\/\/www.faq-arquitectura.com\/#\/schema\/person\/image\/","url":"https:\/\/secure.gravatar.com\/avatar\/71517ce7f24f89166314c7a1ebcbc2c0?s=96&d=mm&r=g","contentUrl":"https:\/\/secure.gravatar.com\/avatar\/71517ce7f24f89166314c7a1ebcbc2c0?s=96&d=mm&r=g","caption":"FAQarquitectura"},"url":"https:\/\/www.faq-arquitectura.com\/index.php\/author\/faq2016\/"}]}},"_links":{"self":[{"href":"https:\/\/www.faq-arquitectura.com\/index.php\/wp-json\/wp\/v2\/posts\/1065"}],"collection":[{"href":"https:\/\/www.faq-arquitectura.com\/index.php\/wp-json\/wp\/v2\/posts"}],"about":[{"href":"https:\/\/www.faq-arquitectura.com\/index.php\/wp-json\/wp\/v2\/types\/post"}],"author":[{"embeddable":true,"href":"https:\/\/www.faq-arquitectura.com\/index.php\/wp-json\/wp\/v2\/users\/1"}],"replies":[{"embeddable":true,"href":"https:\/\/www.faq-arquitectura.com\/index.php\/wp-json\/wp\/v2\/comments?post=1065"}],"version-history":[{"count":1,"href":"https:\/\/www.faq-arquitectura.com\/index.php\/wp-json\/wp\/v2\/posts\/1065\/revisions"}],"predecessor-version":[{"id":1587,"href":"https:\/\/www.faq-arquitectura.com\/index.php\/wp-json\/wp\/v2\/posts\/1065\/revisions\/1587"}],"wp:attachment":[{"href":"https:\/\/www.faq-arquitectura.com\/index.php\/wp-json\/wp\/v2\/media?parent=1065"}],"wp:term":[{"taxonomy":"category","embeddable":true,"href":"https:\/\/www.faq-arquitectura.com\/index.php\/wp-json\/wp\/v2\/categories?post=1065"},{"taxonomy":"post_tag","embeddable":true,"href":"https:\/\/www.faq-arquitectura.com\/index.php\/wp-json\/wp\/v2\/tags?post=1065"}],"curies":[{"name":"wp","href":"https:\/\/api.w.org\/{rel}","templated":true}]}}