{"id":1056,"date":"2010-11-01T16:42:00","date_gmt":"2010-11-01T16:42:00","guid":{"rendered":"http:\/\/www.faq-arquitectura.com\/index.php\/2010\/11\/01\/vivienda-unifamiliar-en-carmona-2006\/"},"modified":"2016-09-21T17:47:40","modified_gmt":"2016-09-21T17:47:40","slug":"vivienda-unifamiliar-en-carmona-2006","status":"publish","type":"post","link":"https:\/\/www.faq-arquitectura.com\/index.php\/2010\/11\/01\/vivienda-unifamiliar-en-carmona-2006\/","title":{"rendered":"Vivienda Unifamiliar en Carmona (2006)"},"content":{"rendered":"<p>Vivienda Unifamiliar en el t\u00e9rmino municipal de Carmona, Sevilla. (2006)<br \/>\nArquitectos: V\u00edctor Garc\u00eda Trejo con Javier Valdivieso Comesa\u00f1a.<\/p>\n<div class=\"separator\" style=\"clear: both; text-align: center;\">\n<a href=\"http:\/\/3.bp.blogspot.com\/_yldR6xzJ-RE\/TMVlnc_zXDI\/AAAAAAAACuo\/M7johJz6L9U\/s1600\/IMG_0570.JPG\" imageanchor=\"1\" style=\"margin-left: 1em; margin-right: 1em;\"><img loading=\"lazy\" decoding=\"async\" border=\"0\" height=\"300\" nx=\"true\" src=\"http:\/\/3.bp.blogspot.com\/_yldR6xzJ-RE\/TMVlnc_zXDI\/AAAAAAAACuo\/M7johJz6L9U\/s400\/IMG_0570.JPG\" width=\"400\" \/><\/a><\/div>\n<div class=\"separator\" style=\"clear: both; text-align: center;\">\n<\/div>\n<p><a name='more'><\/a><\/p>\n<div class=\"separator\" style=\"clear: both; text-align: center;\">\n<a href=\"http:\/\/2.bp.blogspot.com\/_yldR6xzJ-RE\/TMVloquU-cI\/AAAAAAAACus\/IefpIMIl8IQ\/s1600\/IMG_0571.JPG\" imageanchor=\"1\" style=\"margin-left: 1em; margin-right: 1em;\"><img loading=\"lazy\" decoding=\"async\" border=\"0\" height=\"300\" nx=\"true\" src=\"http:\/\/2.bp.blogspot.com\/_yldR6xzJ-RE\/TMVloquU-cI\/AAAAAAAACus\/IefpIMIl8IQ\/s400\/IMG_0571.JPG\" width=\"400\" \/><\/a><\/div>\n<p><\/p>\n<div class=\"separator\" style=\"clear: both; text-align: center;\">\n<a href=\"http:\/\/2.bp.blogspot.com\/_yldR6xzJ-RE\/TMVlp_121cI\/AAAAAAAACuw\/dPUOaSgepM4\/s1600\/IMG_0572.JPG\" imageanchor=\"1\" style=\"margin-left: 1em; margin-right: 1em;\"><img loading=\"lazy\" decoding=\"async\" border=\"0\" height=\"300\" nx=\"true\" src=\"http:\/\/2.bp.blogspot.com\/_yldR6xzJ-RE\/TMVlp_121cI\/AAAAAAAACuw\/dPUOaSgepM4\/s400\/IMG_0572.JPG\" width=\"400\" \/><\/a><\/div>\n<p>\n<a href=\"http:\/\/4.bp.blogspot.com\/_yldR6xzJ-RE\/TMVk_3EgCcI\/AAAAAAAACyU\/thYpsA394vg\/s1600\/IMG_0646.JPG\" imageanchor=\"1\" style=\"margin-left: 1em; margin-right: 1em;\"><\/a><\/p>\n<div class=\"separator\" style=\"clear: both; text-align: center;\">\n<a href=\"http:\/\/4.bp.blogspot.com\/_yldR6xzJ-RE\/TMVk_EdgajI\/AAAAAAAACt8\/nGgCuCXp7hQ\/s1600\/IMG_0633.JPG\" imageanchor=\"1\" style=\"margin-left: 1em; margin-right: 1em;\"><img loading=\"lazy\" decoding=\"async\" border=\"0\" height=\"300\" nx=\"true\" src=\"http:\/\/4.bp.blogspot.com\/_yldR6xzJ-RE\/TMVk_EdgajI\/AAAAAAAACt8\/nGgCuCXp7hQ\/s400\/IMG_0633.JPG\" width=\"400\" \/><\/a><\/div>\n<div class=\"separator\" style=\"clear: both; text-align: center;\">\n<a href=\"http:\/\/4.bp.blogspot.com\/_yldR6xzJ-RE\/TMVk_3EgCcI\/AAAAAAAACyU\/thYpsA394vg\/s1600\/IMG_0646.JPG\" imageanchor=\"1\" style=\"margin-left: 1em; margin-right: 1em;\"><img loading=\"lazy\" decoding=\"async\" border=\"0\" height=\"400\" nx=\"true\" src=\"http:\/\/4.bp.blogspot.com\/_yldR6xzJ-RE\/TMVk_3EgCcI\/AAAAAAAACyU\/thYpsA394vg\/s400\/IMG_0646.JPG\" width=\"300\" \/><\/a><\/div>\n<p><\/p>\n<div class=\"separator\" style=\"clear: both; text-align: center;\">\n<a href=\"http:\/\/1.bp.blogspot.com\/_yldR6xzJ-RE\/TMVlb6tuZXI\/AAAAAAAACuE\/qUil-SciBFQ\/s1600\/IMG_0540.JPG\" imageanchor=\"1\" style=\"margin-left: 1em; margin-right: 1em;\"><img loading=\"lazy\" decoding=\"async\" border=\"0\" height=\"300\" nx=\"true\" src=\"http:\/\/1.bp.blogspot.com\/_yldR6xzJ-RE\/TMVlb6tuZXI\/AAAAAAAACuE\/qUil-SciBFQ\/s400\/IMG_0540.JPG\" width=\"400\" \/><\/a><\/div>\n<p><\/p>\n<div class=\"separator\" style=\"clear: both; text-align: center;\">\n<a href=\"http:\/\/4.bp.blogspot.com\/_yldR6xzJ-RE\/TMVldLmNziI\/AAAAAAAACuI\/ASwTHcQaTdM\/s1600\/IMG_0543.JPG\" imageanchor=\"1\" style=\"margin-left: 1em; margin-right: 1em;\"><img loading=\"lazy\" decoding=\"async\" border=\"0\" height=\"300\" nx=\"true\" src=\"http:\/\/4.bp.blogspot.com\/_yldR6xzJ-RE\/TMVldLmNziI\/AAAAAAAACuI\/ASwTHcQaTdM\/s400\/IMG_0543.JPG\" width=\"400\" \/><\/a><\/div>\n<p><\/p>\n<div class=\"separator\" style=\"clear: both; text-align: center;\">\n<a href=\"http:\/\/4.bp.blogspot.com\/_yldR6xzJ-RE\/TMVlinnlcMI\/AAAAAAAACuY\/ykM0VsKvA_c\/s1600\/IMG_0556.JPG\" imageanchor=\"1\" style=\"margin-left: 1em; margin-right: 1em;\"><img loading=\"lazy\" decoding=\"async\" border=\"0\" height=\"300\" nx=\"true\" src=\"http:\/\/4.bp.blogspot.com\/_yldR6xzJ-RE\/TMVlinnlcMI\/AAAAAAAACuY\/ykM0VsKvA_c\/s400\/IMG_0556.JPG\" width=\"400\" \/><\/a><\/div>\n<p><\/p>\n<div class=\"separator\" style=\"clear: both; text-align: center;\">\n<a href=\"http:\/\/3.bp.blogspot.com\/_yldR6xzJ-RE\/TMVlhHUKcKI\/AAAAAAAACuU\/8gXDzzxPAmQ\/s1600\/IMG_0553.JPG\" imageanchor=\"1\" style=\"margin-left: 1em; margin-right: 1em;\"><img loading=\"lazy\" decoding=\"async\" border=\"0\" height=\"400\" nx=\"true\" src=\"http:\/\/3.bp.blogspot.com\/_yldR6xzJ-RE\/TMVlhHUKcKI\/AAAAAAAACuU\/8gXDzzxPAmQ\/s400\/IMG_0553.JPG\" width=\"300\" \/><\/a><\/div>\n<p><\/p>\n<div class=\"separator\" style=\"clear: both; text-align: center;\">\n<a href=\"http:\/\/1.bp.blogspot.com\/_yldR6xzJ-RE\/TMVlf_Ph1JI\/AAAAAAAACuQ\/IELPuFD4ubI\/s1600\/IMG_0550.JPG\" imageanchor=\"1\" style=\"margin-left: 1em; margin-right: 1em;\"><img loading=\"lazy\" decoding=\"async\" border=\"0\" height=\"300\" nx=\"true\" src=\"http:\/\/1.bp.blogspot.com\/_yldR6xzJ-RE\/TMVlf_Ph1JI\/AAAAAAAACuQ\/IELPuFD4ubI\/s400\/IMG_0550.JPG\" width=\"400\" \/><\/a><\/div>\n<p><\/p>\n<div class=\"separator\" style=\"clear: both; text-align: center;\">\n<a href=\"http:\/\/3.bp.blogspot.com\/_yldR6xzJ-RE\/TMVleK7i3FI\/AAAAAAAACuM\/zPblpW-JiEI\/s1600\/IMG_0548.JPG\" imageanchor=\"1\" style=\"margin-left: 1em; margin-right: 1em;\"><img loading=\"lazy\" decoding=\"async\" border=\"0\" height=\"400\" nx=\"true\" src=\"http:\/\/3.bp.blogspot.com\/_yldR6xzJ-RE\/TMVleK7i3FI\/AAAAAAAACuM\/zPblpW-JiEI\/s400\/IMG_0548.JPG\" width=\"300\" \/><\/a><\/div>\n<p><\/p>\n<div class=\"separator\" style=\"clear: both; text-align: center;\">\n<a href=\"http:\/\/4.bp.blogspot.com\/_yldR6xzJ-RE\/TMVlkLEs3oI\/AAAAAAAACuc\/ctyNwC5oPkY\/s1600\/IMG_0564.JPG\" imageanchor=\"1\" style=\"margin-left: 1em; margin-right: 1em;\"><img loading=\"lazy\" decoding=\"async\" border=\"0\" height=\"400\" nx=\"true\" src=\"http:\/\/4.bp.blogspot.com\/_yldR6xzJ-RE\/TMVlkLEs3oI\/AAAAAAAACuc\/ctyNwC5oPkY\/s400\/IMG_0564.JPG\" width=\"300\" \/><\/a><\/div>\n<p><\/p>\n<div class=\"separator\" style=\"clear: both; text-align: center;\">\n<a href=\"http:\/\/4.bp.blogspot.com\/_yldR6xzJ-RE\/TMVllQF_2MI\/AAAAAAAACug\/w29lYvnDWBI\/s1600\/IMG_0565.JPG\" imageanchor=\"1\" style=\"margin-left: 1em; margin-right: 1em;\"><img loading=\"lazy\" decoding=\"async\" border=\"0\" height=\"300\" nx=\"true\" src=\"http:\/\/4.bp.blogspot.com\/_yldR6xzJ-RE\/TMVllQF_2MI\/AAAAAAAACug\/w29lYvnDWBI\/s400\/IMG_0565.JPG\" width=\"400\" \/><\/a><\/div>\n<p><\/p>\n<div class=\"separator\" style=\"clear: both; text-align: center;\">\n<a href=\"http:\/\/2.bp.blogspot.com\/_yldR6xzJ-RE\/TMVlmolke4I\/AAAAAAAACuk\/9xABHfn0CdI\/s1600\/IMG_0569.JPG\" imageanchor=\"1\" style=\"margin-left: 1em; margin-right: 1em;\"><img loading=\"lazy\" decoding=\"async\" border=\"0\" height=\"300\" nx=\"true\" src=\"http:\/\/2.bp.blogspot.com\/_yldR6xzJ-RE\/TMVlmolke4I\/AAAAAAAACuk\/9xABHfn0CdI\/s400\/IMG_0569.JPG\" width=\"400\" \/><\/a><\/div>\n<p><\/p>\n<div class=\"separator\" style=\"clear: both; text-align: center;\">\n<a href=\"http:\/\/2.bp.blogspot.com\/_yldR6xzJ-RE\/TMVl-zTnqVI\/AAAAAAAACvI\/9I3lBS2V-6w\/s1600\/063-alz.jpg\" imageanchor=\"1\" style=\"margin-left: 1em; margin-right: 1em;\"><img loading=\"lazy\" decoding=\"async\" border=\"0\" height=\"203\" nx=\"true\" src=\"http:\/\/2.bp.blogspot.com\/_yldR6xzJ-RE\/TMVl-zTnqVI\/AAAAAAAACvI\/9I3lBS2V-6w\/s400\/063-alz.jpg\" width=\"400\" \/><\/a><\/div>\n<p><\/p>\n<div class=\"separator\" style=\"clear: both; text-align: center;\">\n<a href=\"http:\/\/3.bp.blogspot.com\/_yldR6xzJ-RE\/TMVmOTglx3I\/AAAAAAAACvM\/Y86w9IOrLWE\/s1600\/Alz063-2r.jpg\" imageanchor=\"1\" style=\"margin-left: 1em; margin-right: 1em;\"><img loading=\"lazy\" decoding=\"async\" border=\"0\" height=\"140\" nx=\"true\" src=\"http:\/\/3.bp.blogspot.com\/_yldR6xzJ-RE\/TMVmOTglx3I\/AAAAAAAACvM\/Y86w9IOrLWE\/s400\/Alz063-2r.jpg\" width=\"400\" \/><\/a><\/div>\n<p><\/p>\n<div class=\"separator\" style=\"clear: both; text-align: center;\">\n<a href=\"http:\/\/3.bp.blogspot.com\/_yldR6xzJ-RE\/TMVmO_He4zI\/AAAAAAAACvQ\/aj36RTt_f7o\/s1600\/Alz063-3r.jpg\" imageanchor=\"1\" style=\"margin-left: 1em; margin-right: 1em;\"><img loading=\"lazy\" decoding=\"async\" border=\"0\" height=\"132\" nx=\"true\" src=\"http:\/\/3.bp.blogspot.com\/_yldR6xzJ-RE\/TMVmO_He4zI\/AAAAAAAACvQ\/aj36RTt_f7o\/s400\/Alz063-3r.jpg\" width=\"400\" \/><\/a><\/div>\n<p><\/p>\n<div class=\"separator\" style=\"clear: both; text-align: center;\">\n<a href=\"http:\/\/2.bp.blogspot.com\/_yldR6xzJ-RE\/TMVmPhjp3AI\/AAAAAAAACvU\/h7Ts11olzUU\/s1600\/Alz063-4r+copia.jpg\" imageanchor=\"1\" style=\"margin-left: 1em; margin-right: 1em;\"><img loading=\"lazy\" decoding=\"async\" border=\"0\" height=\"146\" nx=\"true\" src=\"http:\/\/2.bp.blogspot.com\/_yldR6xzJ-RE\/TMVmPhjp3AI\/AAAAAAAACvU\/h7Ts11olzUU\/s400\/Alz063-4r+copia.jpg\" width=\"400\" \/><\/a><\/div>\n<p><\/p>\n<div class=\"separator\" style=\"clear: both; text-align: center;\">\n<a href=\"http:\/\/4.bp.blogspot.com\/_yldR6xzJ-RE\/TMVmQTclDbI\/AAAAAAAACvY\/NoatvzJbpQQ\/s1600\/Alz063-1r.jpg\" imageanchor=\"1\" style=\"margin-left: 1em; margin-right: 1em;\"><img loading=\"lazy\" decoding=\"async\" border=\"0\" height=\"148\" nx=\"true\" src=\"http:\/\/4.bp.blogspot.com\/_yldR6xzJ-RE\/TMVmQTclDbI\/AAAAAAAACvY\/NoatvzJbpQQ\/s400\/Alz063-1r.jpg\" width=\"400\" \/><\/a><\/div>\n","protected":false},"excerpt":{"rendered":"<p>Vivienda Unifamiliar en el t\u00e9rmino municipal de Carmona, Sevilla. (2006) Arquitectos: V\u00edctor Garc\u00eda Trejo con Javier Valdivieso Comesa\u00f1a.<\/p>\n","protected":false},"author":1,"featured_media":0,"comment_status":"closed","ping_status":"closed","sticky":false,"template":"","format":"standard","meta":{"footnotes":""},"categories":[1],"tags":[6,9,10],"class_list":["post-1056","post","type-post","status-publish","format-standard","hentry","category-sin-categoria","tag-arquitecto","tag-obra","tag-proyecto"],"yoast_head":"<!-- This site is optimized with the Yoast SEO plugin v23.5 - https:\/\/yoast.com\/wordpress\/plugins\/seo\/ -->\n<title>Vivienda Unifamiliar en Carmona (2006) - FAQ arquitectura<\/title>\n<meta name=\"robots\" content=\"index, follow, max-snippet:-1, max-image-preview:large, max-video-preview:-1\" \/>\n<link rel=\"canonical\" href=\"https:\/\/www.faq-arquitectura.com\/index.php\/2010\/11\/01\/vivienda-unifamiliar-en-carmona-2006\/\" \/>\n<meta property=\"og:locale\" content=\"es_ES\" \/>\n<meta property=\"og:type\" content=\"article\" \/>\n<meta property=\"og:title\" content=\"Vivienda Unifamiliar en Carmona (2006) - FAQ arquitectura\" \/>\n<meta property=\"og:description\" content=\"Vivienda Unifamiliar en el t\u00e9rmino municipal de Carmona, Sevilla. (2006) Arquitectos: V\u00edctor Garc\u00eda Trejo con Javier Valdivieso Comesa\u00f1a.\" \/>\n<meta property=\"og:url\" content=\"https:\/\/www.faq-arquitectura.com\/index.php\/2010\/11\/01\/vivienda-unifamiliar-en-carmona-2006\/\" \/>\n<meta property=\"og:site_name\" content=\"FAQ arquitectura\" \/>\n<meta property=\"article:publisher\" content=\"https:\/\/www.facebook.com\/FAQarquitectura\/\" \/>\n<meta property=\"article:published_time\" content=\"2010-11-01T16:42:00+00:00\" \/>\n<meta property=\"article:modified_time\" content=\"2016-09-21T17:47:40+00:00\" \/>\n<meta property=\"og:image\" content=\"http:\/\/3.bp.blogspot.com\/_yldR6xzJ-RE\/TMVlnc_zXDI\/AAAAAAAACuo\/M7johJz6L9U\/s400\/IMG_0570.JPG\" \/>\n<meta name=\"author\" content=\"FAQarquitectura\" \/>\n<meta name=\"twitter:card\" content=\"summary_large_image\" \/>\n<meta name=\"twitter:creator\" content=\"@FAQarquitectura\" \/>\n<meta name=\"twitter:site\" content=\"@FAQarquitectura\" \/>\n<meta name=\"twitter:label1\" content=\"Escrito por\" \/>\n\t<meta name=\"twitter:data1\" content=\"FAQarquitectura\" \/>\n<script type=\"application\/ld+json\" class=\"yoast-schema-graph\">{\"@context\":\"https:\/\/schema.org\",\"@graph\":[{\"@type\":\"Article\",\"@id\":\"https:\/\/www.faq-arquitectura.com\/index.php\/2010\/11\/01\/vivienda-unifamiliar-en-carmona-2006\/#article\",\"isPartOf\":{\"@id\":\"https:\/\/www.faq-arquitectura.com\/index.php\/2010\/11\/01\/vivienda-unifamiliar-en-carmona-2006\/\"},\"author\":{\"name\":\"FAQarquitectura\",\"@id\":\"https:\/\/www.faq-arquitectura.com\/#\/schema\/person\/cd6aa407b3379cabf347d5d886448860\"},\"headline\":\"Vivienda Unifamiliar en Carmona (2006)\",\"datePublished\":\"2010-11-01T16:42:00+00:00\",\"dateModified\":\"2016-09-21T17:47:40+00:00\",\"mainEntityOfPage\":{\"@id\":\"https:\/\/www.faq-arquitectura.com\/index.php\/2010\/11\/01\/vivienda-unifamiliar-en-carmona-2006\/\"},\"wordCount\":25,\"publisher\":{\"@id\":\"https:\/\/www.faq-arquitectura.com\/#organization\"},\"image\":{\"@id\":\"https:\/\/www.faq-arquitectura.com\/index.php\/2010\/11\/01\/vivienda-unifamiliar-en-carmona-2006\/#primaryimage\"},\"thumbnailUrl\":\"http:\/\/3.bp.blogspot.com\/_yldR6xzJ-RE\/TMVlnc_zXDI\/AAAAAAAACuo\/M7johJz6L9U\/s400\/IMG_0570.JPG\",\"keywords\":[\"Arquitecto\",\"Obra\",\"Proyecto\"],\"inLanguage\":\"es\"},{\"@type\":\"WebPage\",\"@id\":\"https:\/\/www.faq-arquitectura.com\/index.php\/2010\/11\/01\/vivienda-unifamiliar-en-carmona-2006\/\",\"url\":\"https:\/\/www.faq-arquitectura.com\/index.php\/2010\/11\/01\/vivienda-unifamiliar-en-carmona-2006\/\",\"name\":\"Vivienda Unifamiliar en Carmona (2006) - FAQ arquitectura\",\"isPartOf\":{\"@id\":\"https:\/\/www.faq-arquitectura.com\/#website\"},\"primaryImageOfPage\":{\"@id\":\"https:\/\/www.faq-arquitectura.com\/index.php\/2010\/11\/01\/vivienda-unifamiliar-en-carmona-2006\/#primaryimage\"},\"image\":{\"@id\":\"https:\/\/www.faq-arquitectura.com\/index.php\/2010\/11\/01\/vivienda-unifamiliar-en-carmona-2006\/#primaryimage\"},\"thumbnailUrl\":\"http:\/\/3.bp.blogspot.com\/_yldR6xzJ-RE\/TMVlnc_zXDI\/AAAAAAAACuo\/M7johJz6L9U\/s400\/IMG_0570.JPG\",\"datePublished\":\"2010-11-01T16:42:00+00:00\",\"dateModified\":\"2016-09-21T17:47:40+00:00\",\"breadcrumb\":{\"@id\":\"https:\/\/www.faq-arquitectura.com\/index.php\/2010\/11\/01\/vivienda-unifamiliar-en-carmona-2006\/#breadcrumb\"},\"inLanguage\":\"es\",\"potentialAction\":[{\"@type\":\"ReadAction\",\"target\":[\"https:\/\/www.faq-arquitectura.com\/index.php\/2010\/11\/01\/vivienda-unifamiliar-en-carmona-2006\/\"]}]},{\"@type\":\"ImageObject\",\"inLanguage\":\"es\",\"@id\":\"https:\/\/www.faq-arquitectura.com\/index.php\/2010\/11\/01\/vivienda-unifamiliar-en-carmona-2006\/#primaryimage\",\"url\":\"http:\/\/3.bp.blogspot.com\/_yldR6xzJ-RE\/TMVlnc_zXDI\/AAAAAAAACuo\/M7johJz6L9U\/s400\/IMG_0570.JPG\",\"contentUrl\":\"http:\/\/3.bp.blogspot.com\/_yldR6xzJ-RE\/TMVlnc_zXDI\/AAAAAAAACuo\/M7johJz6L9U\/s400\/IMG_0570.JPG\"},{\"@type\":\"BreadcrumbList\",\"@id\":\"https:\/\/www.faq-arquitectura.com\/index.php\/2010\/11\/01\/vivienda-unifamiliar-en-carmona-2006\/#breadcrumb\",\"itemListElement\":[{\"@type\":\"ListItem\",\"position\":1,\"name\":\"Portada\",\"item\":\"https:\/\/www.faq-arquitectura.com\/\"},{\"@type\":\"ListItem\",\"position\":2,\"name\":\"Vivienda Unifamiliar en Carmona (2006)\"}]},{\"@type\":\"WebSite\",\"@id\":\"https:\/\/www.faq-arquitectura.com\/#website\",\"url\":\"https:\/\/www.faq-arquitectura.com\/\",\"name\":\"FAQ arquitectura\",\"description\":\"Estudio de arquitectura\",\"publisher\":{\"@id\":\"https:\/\/www.faq-arquitectura.com\/#organization\"},\"potentialAction\":[{\"@type\":\"SearchAction\",\"target\":{\"@type\":\"EntryPoint\",\"urlTemplate\":\"https:\/\/www.faq-arquitectura.com\/?s={search_term_string}\"},\"query-input\":{\"@type\":\"PropertyValueSpecification\",\"valueRequired\":true,\"valueName\":\"search_term_string\"}}],\"inLanguage\":\"es\"},{\"@type\":\"Organization\",\"@id\":\"https:\/\/www.faq-arquitectura.com\/#organization\",\"name\":\"FAQ arquitectura\",\"url\":\"https:\/\/www.faq-arquitectura.com\/\",\"logo\":{\"@type\":\"ImageObject\",\"inLanguage\":\"es\",\"@id\":\"https:\/\/www.faq-arquitectura.com\/#\/schema\/logo\/image\/\",\"url\":\"http:\/\/www.faq-arquitectura.com\/wp-content\/uploads\/2017\/02\/LOGO-FAQ-2017.png\",\"contentUrl\":\"http:\/\/www.faq-arquitectura.com\/wp-content\/uploads\/2017\/02\/LOGO-FAQ-2017.png\",\"width\":875,\"height\":246,\"caption\":\"FAQ arquitectura\"},\"image\":{\"@id\":\"https:\/\/www.faq-arquitectura.com\/#\/schema\/logo\/image\/\"},\"sameAs\":[\"https:\/\/www.facebook.com\/FAQarquitectura\/\",\"https:\/\/x.com\/FAQarquitectura\",\"https:\/\/www.instagram.com\/faqarquitectura\/\",\"https:\/\/www.linkedin.com\/company\/faq-arquitectura\",\"https:\/\/es.pinterest.com\/faqarquitectura\/\"]},{\"@type\":\"Person\",\"@id\":\"https:\/\/www.faq-arquitectura.com\/#\/schema\/person\/cd6aa407b3379cabf347d5d886448860\",\"name\":\"FAQarquitectura\",\"image\":{\"@type\":\"ImageObject\",\"inLanguage\":\"es\",\"@id\":\"https:\/\/www.faq-arquitectura.com\/#\/schema\/person\/image\/\",\"url\":\"https:\/\/secure.gravatar.com\/avatar\/71517ce7f24f89166314c7a1ebcbc2c0?s=96&d=mm&r=g\",\"contentUrl\":\"https:\/\/secure.gravatar.com\/avatar\/71517ce7f24f89166314c7a1ebcbc2c0?s=96&d=mm&r=g\",\"caption\":\"FAQarquitectura\"},\"url\":\"https:\/\/www.faq-arquitectura.com\/index.php\/author\/faq2016\/\"}]}<\/script>\n<!-- \/ Yoast SEO plugin. -->","yoast_head_json":{"title":"Vivienda Unifamiliar en Carmona (2006) - FAQ arquitectura","robots":{"index":"index","follow":"follow","max-snippet":"max-snippet:-1","max-image-preview":"max-image-preview:large","max-video-preview":"max-video-preview:-1"},"canonical":"https:\/\/www.faq-arquitectura.com\/index.php\/2010\/11\/01\/vivienda-unifamiliar-en-carmona-2006\/","og_locale":"es_ES","og_type":"article","og_title":"Vivienda Unifamiliar en Carmona (2006) - FAQ arquitectura","og_description":"Vivienda Unifamiliar en el t\u00e9rmino municipal de Carmona, Sevilla. (2006) Arquitectos: V\u00edctor Garc\u00eda Trejo con Javier Valdivieso Comesa\u00f1a.","og_url":"https:\/\/www.faq-arquitectura.com\/index.php\/2010\/11\/01\/vivienda-unifamiliar-en-carmona-2006\/","og_site_name":"FAQ arquitectura","article_publisher":"https:\/\/www.facebook.com\/FAQarquitectura\/","article_published_time":"2010-11-01T16:42:00+00:00","article_modified_time":"2016-09-21T17:47:40+00:00","og_image":[{"url":"http:\/\/3.bp.blogspot.com\/_yldR6xzJ-RE\/TMVlnc_zXDI\/AAAAAAAACuo\/M7johJz6L9U\/s400\/IMG_0570.JPG"}],"author":"FAQarquitectura","twitter_card":"summary_large_image","twitter_creator":"@FAQarquitectura","twitter_site":"@FAQarquitectura","twitter_misc":{"Escrito por":"FAQarquitectura"},"schema":{"@context":"https:\/\/schema.org","@graph":[{"@type":"Article","@id":"https:\/\/www.faq-arquitectura.com\/index.php\/2010\/11\/01\/vivienda-unifamiliar-en-carmona-2006\/#article","isPartOf":{"@id":"https:\/\/www.faq-arquitectura.com\/index.php\/2010\/11\/01\/vivienda-unifamiliar-en-carmona-2006\/"},"author":{"name":"FAQarquitectura","@id":"https:\/\/www.faq-arquitectura.com\/#\/schema\/person\/cd6aa407b3379cabf347d5d886448860"},"headline":"Vivienda Unifamiliar en Carmona (2006)","datePublished":"2010-11-01T16:42:00+00:00","dateModified":"2016-09-21T17:47:40+00:00","mainEntityOfPage":{"@id":"https:\/\/www.faq-arquitectura.com\/index.php\/2010\/11\/01\/vivienda-unifamiliar-en-carmona-2006\/"},"wordCount":25,"publisher":{"@id":"https:\/\/www.faq-arquitectura.com\/#organization"},"image":{"@id":"https:\/\/www.faq-arquitectura.com\/index.php\/2010\/11\/01\/vivienda-unifamiliar-en-carmona-2006\/#primaryimage"},"thumbnailUrl":"http:\/\/3.bp.blogspot.com\/_yldR6xzJ-RE\/TMVlnc_zXDI\/AAAAAAAACuo\/M7johJz6L9U\/s400\/IMG_0570.JPG","keywords":["Arquitecto","Obra","Proyecto"],"inLanguage":"es"},{"@type":"WebPage","@id":"https:\/\/www.faq-arquitectura.com\/index.php\/2010\/11\/01\/vivienda-unifamiliar-en-carmona-2006\/","url":"https:\/\/www.faq-arquitectura.com\/index.php\/2010\/11\/01\/vivienda-unifamiliar-en-carmona-2006\/","name":"Vivienda Unifamiliar en Carmona (2006) - FAQ arquitectura","isPartOf":{"@id":"https:\/\/www.faq-arquitectura.com\/#website"},"primaryImageOfPage":{"@id":"https:\/\/www.faq-arquitectura.com\/index.php\/2010\/11\/01\/vivienda-unifamiliar-en-carmona-2006\/#primaryimage"},"image":{"@id":"https:\/\/www.faq-arquitectura.com\/index.php\/2010\/11\/01\/vivienda-unifamiliar-en-carmona-2006\/#primaryimage"},"thumbnailUrl":"http:\/\/3.bp.blogspot.com\/_yldR6xzJ-RE\/TMVlnc_zXDI\/AAAAAAAACuo\/M7johJz6L9U\/s400\/IMG_0570.JPG","datePublished":"2010-11-01T16:42:00+00:00","dateModified":"2016-09-21T17:47:40+00:00","breadcrumb":{"@id":"https:\/\/www.faq-arquitectura.com\/index.php\/2010\/11\/01\/vivienda-unifamiliar-en-carmona-2006\/#breadcrumb"},"inLanguage":"es","potentialAction":[{"@type":"ReadAction","target":["https:\/\/www.faq-arquitectura.com\/index.php\/2010\/11\/01\/vivienda-unifamiliar-en-carmona-2006\/"]}]},{"@type":"ImageObject","inLanguage":"es","@id":"https:\/\/www.faq-arquitectura.com\/index.php\/2010\/11\/01\/vivienda-unifamiliar-en-carmona-2006\/#primaryimage","url":"http:\/\/3.bp.blogspot.com\/_yldR6xzJ-RE\/TMVlnc_zXDI\/AAAAAAAACuo\/M7johJz6L9U\/s400\/IMG_0570.JPG","contentUrl":"http:\/\/3.bp.blogspot.com\/_yldR6xzJ-RE\/TMVlnc_zXDI\/AAAAAAAACuo\/M7johJz6L9U\/s400\/IMG_0570.JPG"},{"@type":"BreadcrumbList","@id":"https:\/\/www.faq-arquitectura.com\/index.php\/2010\/11\/01\/vivienda-unifamiliar-en-carmona-2006\/#breadcrumb","itemListElement":[{"@type":"ListItem","position":1,"name":"Portada","item":"https:\/\/www.faq-arquitectura.com\/"},{"@type":"ListItem","position":2,"name":"Vivienda Unifamiliar en Carmona (2006)"}]},{"@type":"WebSite","@id":"https:\/\/www.faq-arquitectura.com\/#website","url":"https:\/\/www.faq-arquitectura.com\/","name":"FAQ arquitectura","description":"Estudio de arquitectura","publisher":{"@id":"https:\/\/www.faq-arquitectura.com\/#organization"},"potentialAction":[{"@type":"SearchAction","target":{"@type":"EntryPoint","urlTemplate":"https:\/\/www.faq-arquitectura.com\/?s={search_term_string}"},"query-input":{"@type":"PropertyValueSpecification","valueRequired":true,"valueName":"search_term_string"}}],"inLanguage":"es"},{"@type":"Organization","@id":"https:\/\/www.faq-arquitectura.com\/#organization","name":"FAQ arquitectura","url":"https:\/\/www.faq-arquitectura.com\/","logo":{"@type":"ImageObject","inLanguage":"es","@id":"https:\/\/www.faq-arquitectura.com\/#\/schema\/logo\/image\/","url":"http:\/\/www.faq-arquitectura.com\/wp-content\/uploads\/2017\/02\/LOGO-FAQ-2017.png","contentUrl":"http:\/\/www.faq-arquitectura.com\/wp-content\/uploads\/2017\/02\/LOGO-FAQ-2017.png","width":875,"height":246,"caption":"FAQ arquitectura"},"image":{"@id":"https:\/\/www.faq-arquitectura.com\/#\/schema\/logo\/image\/"},"sameAs":["https:\/\/www.facebook.com\/FAQarquitectura\/","https:\/\/x.com\/FAQarquitectura","https:\/\/www.instagram.com\/faqarquitectura\/","https:\/\/www.linkedin.com\/company\/faq-arquitectura","https:\/\/es.pinterest.com\/faqarquitectura\/"]},{"@type":"Person","@id":"https:\/\/www.faq-arquitectura.com\/#\/schema\/person\/cd6aa407b3379cabf347d5d886448860","name":"FAQarquitectura","image":{"@type":"ImageObject","inLanguage":"es","@id":"https:\/\/www.faq-arquitectura.com\/#\/schema\/person\/image\/","url":"https:\/\/secure.gravatar.com\/avatar\/71517ce7f24f89166314c7a1ebcbc2c0?s=96&d=mm&r=g","contentUrl":"https:\/\/secure.gravatar.com\/avatar\/71517ce7f24f89166314c7a1ebcbc2c0?s=96&d=mm&r=g","caption":"FAQarquitectura"},"url":"https:\/\/www.faq-arquitectura.com\/index.php\/author\/faq2016\/"}]}},"_links":{"self":[{"href":"https:\/\/www.faq-arquitectura.com\/index.php\/wp-json\/wp\/v2\/posts\/1056"}],"collection":[{"href":"https:\/\/www.faq-arquitectura.com\/index.php\/wp-json\/wp\/v2\/posts"}],"about":[{"href":"https:\/\/www.faq-arquitectura.com\/index.php\/wp-json\/wp\/v2\/types\/post"}],"author":[{"embeddable":true,"href":"https:\/\/www.faq-arquitectura.com\/index.php\/wp-json\/wp\/v2\/users\/1"}],"replies":[{"embeddable":true,"href":"https:\/\/www.faq-arquitectura.com\/index.php\/wp-json\/wp\/v2\/comments?post=1056"}],"version-history":[{"count":1,"href":"https:\/\/www.faq-arquitectura.com\/index.php\/wp-json\/wp\/v2\/posts\/1056\/revisions"}],"predecessor-version":[{"id":1573,"href":"https:\/\/www.faq-arquitectura.com\/index.php\/wp-json\/wp\/v2\/posts\/1056\/revisions\/1573"}],"wp:attachment":[{"href":"https:\/\/www.faq-arquitectura.com\/index.php\/wp-json\/wp\/v2\/media?parent=1056"}],"wp:term":[{"taxonomy":"category","embeddable":true,"href":"https:\/\/www.faq-arquitectura.com\/index.php\/wp-json\/wp\/v2\/categories?post=1056"},{"taxonomy":"post_tag","embeddable":true,"href":"https:\/\/www.faq-arquitectura.com\/index.php\/wp-json\/wp\/v2\/tags?post=1056"}],"curies":[{"name":"wp","href":"https:\/\/api.w.org\/{rel}","templated":true}]}}