{"id":1048,"date":"2010-11-29T17:21:00","date_gmt":"2010-11-29T17:21:00","guid":{"rendered":"http:\/\/www.faq-arquitectura.com\/index.php\/2010\/11\/29\/109-vpo-locales-y-garaje-poligono\/"},"modified":"2016-09-21T17:47:39","modified_gmt":"2016-09-21T17:47:39","slug":"109-vpo-locales-y-garaje-poligono","status":"publish","type":"post","link":"https:\/\/www.faq-arquitectura.com\/index.php\/2010\/11\/29\/109-vpo-locales-y-garaje-poligono\/","title":{"rendered":"109 VPO, locales y garaje. Pol\u00edgono Aeropuerto. Sevilla (2010)"},"content":{"rendered":"<p>109 VPO, locales y garaje. Pol\u00edgono Aeropuerto. Sevilla (2010)<br \/>\nV\u00edctor Garc\u00eda Trejo con Fernando Carrascal Calle y Jos\u00e9 M\u00aa Fdez. de la Puente Irigoyen<\/p>\n<div style=\"text-align: center;\">\n<a href=\"http:\/\/1.bp.blogspot.com\/_yldR6xzJ-RE\/TMV2oLLklhI\/AAAAAAAACx0\/a3wpw_0Zs_U\/s1600\/01.jpg\" imageanchor=\"1\" style=\"margin-left: 1em; margin-right: 1em;\"><img loading=\"lazy\" decoding=\"async\" border=\"0\" height=\"400\" nx=\"true\" src=\"http:\/\/1.bp.blogspot.com\/_yldR6xzJ-RE\/TMV2oLLklhI\/AAAAAAAACx0\/a3wpw_0Zs_U\/s400\/01.jpg\" width=\"265\" \/><\/a><\/div>\n<p><a name='more'><\/a><\/p>\n<div class=\"separator\" style=\"clear: both; text-align: center;\">\n<a href=\"http:\/\/4.bp.blogspot.com\/_yldR6xzJ-RE\/TMV2kDDz-gI\/AAAAAAAACxk\/8lAeCZj-kZE\/s1600\/07.jpg\" imageanchor=\"1\" style=\"margin-left: 1em; margin-right: 1em;\"><img loading=\"lazy\" decoding=\"async\" border=\"0\" height=\"400\" nx=\"true\" src=\"http:\/\/4.bp.blogspot.com\/_yldR6xzJ-RE\/TMV2kDDz-gI\/AAAAAAAACxk\/8lAeCZj-kZE\/s400\/07.jpg\" width=\"265\" \/><\/a><\/div>\n<p><\/p>\n<div class=\"separator\" style=\"clear: both; text-align: center;\">\n<a href=\"http:\/\/2.bp.blogspot.com\/_yldR6xzJ-RE\/TMV2k-DyE0I\/AAAAAAAACxo\/qRknHWVooDI\/s1600\/06.jpg\" imageanchor=\"1\" style=\"margin-left: 1em; margin-right: 1em;\"><img loading=\"lazy\" decoding=\"async\" border=\"0\" height=\"400\" nx=\"true\" src=\"http:\/\/2.bp.blogspot.com\/_yldR6xzJ-RE\/TMV2k-DyE0I\/AAAAAAAACxo\/qRknHWVooDI\/s400\/06.jpg\" width=\"265\" \/><\/a><\/div>\n<p><\/p>\n<div class=\"separator\" style=\"clear: both; text-align: center;\">\n<a href=\"http:\/\/1.bp.blogspot.com\/_yldR6xzJ-RE\/TMV2l-eSEUI\/AAAAAAAACxs\/pi8WgDUYZ6E\/s1600\/04.jpg\" imageanchor=\"1\" style=\"margin-left: 1em; margin-right: 1em;\"><img loading=\"lazy\" decoding=\"async\" border=\"0\" height=\"265\" nx=\"true\" src=\"http:\/\/1.bp.blogspot.com\/_yldR6xzJ-RE\/TMV2l-eSEUI\/AAAAAAAACxs\/pi8WgDUYZ6E\/s400\/04.jpg\" width=\"400\" \/><\/a><\/div>\n<p><\/p>\n<div class=\"separator\" style=\"clear: both; text-align: center;\">\n<a href=\"http:\/\/1.bp.blogspot.com\/_yldR6xzJ-RE\/TMV2najtUCI\/AAAAAAAACxw\/Z1BUK7Fmgro\/s1600\/02.jpg\" imageanchor=\"1\" style=\"margin-left: 1em; margin-right: 1em;\"><img loading=\"lazy\" decoding=\"async\" border=\"0\" height=\"400\" nx=\"true\" src=\"http:\/\/1.bp.blogspot.com\/_yldR6xzJ-RE\/TMV2najtUCI\/AAAAAAAACxw\/Z1BUK7Fmgro\/s400\/02.jpg\" width=\"265\" \/><\/a><\/div>\n<p><\/p>\n<div class=\"separator\" style=\"clear: both; text-align: center;\">\n<a href=\"http:\/\/2.bp.blogspot.com\/_yldR6xzJ-RE\/TMV2pYIFnII\/AAAAAAAACx4\/vzg0znJ0Ygw\/s1600\/05.jpg\" imageanchor=\"1\" style=\"margin-left: 1em; margin-right: 1em;\"><img loading=\"lazy\" decoding=\"async\" border=\"0\" height=\"400\" nx=\"true\" src=\"http:\/\/2.bp.blogspot.com\/_yldR6xzJ-RE\/TMV2pYIFnII\/AAAAAAAACx4\/vzg0znJ0Ygw\/s400\/05.jpg\" width=\"336\" \/><\/a><\/div>\n<p><\/p>\n<div class=\"separator\" style=\"clear: both; text-align: center;\">\n<a href=\"http:\/\/4.bp.blogspot.com\/_yldR6xzJ-RE\/TMV2rwHcQDI\/AAAAAAAACyA\/TQPob-9pK1E\/s1600\/03.jpg\" imageanchor=\"1\" style=\"margin-left: 1em; margin-right: 1em;\"><img loading=\"lazy\" decoding=\"async\" border=\"0\" height=\"400\" nx=\"true\" src=\"http:\/\/4.bp.blogspot.com\/_yldR6xzJ-RE\/TMV2rwHcQDI\/AAAAAAAACyA\/TQPob-9pK1E\/s400\/03.jpg\" width=\"278\" \/><\/a><\/div>\n<div class=\"separator\" style=\"clear: both; text-align: center;\">\n<\/div>\n<div class=\"separator\" style=\"clear: both; text-align: center;\">\n<a href=\"http:\/\/2.bp.blogspot.com\/_yldR6xzJ-RE\/TMV2qudxKBI\/AAAAAAAACx8\/yeN49Imqky4\/s1600\/08.jpg\" imageanchor=\"1\" style=\"margin-left: 1em; margin-right: 1em;\"><img loading=\"lazy\" decoding=\"async\" border=\"0\" height=\"265\" nx=\"true\" src=\"http:\/\/2.bp.blogspot.com\/_yldR6xzJ-RE\/TMV2qudxKBI\/AAAAAAAACx8\/yeN49Imqky4\/s400\/08.jpg\" width=\"400\" \/><\/a><\/div>\n<div align=\"center\">\n\ufeff<\/div>\n","protected":false},"excerpt":{"rendered":"<p>109 VPO, locales y garaje. Pol\u00edgono Aeropuerto. Sevilla (2010) V\u00edctor Garc\u00eda Trejo con Fernando Carrascal Calle y Jos\u00e9 M\u00aa Fdez. de la Puente Irigoyen \ufeff<\/p>\n","protected":false},"author":1,"featured_media":0,"comment_status":"closed","ping_status":"closed","sticky":false,"template":"","format":"standard","meta":{"footnotes":""},"categories":[1],"tags":[6,9,10],"class_list":["post-1048","post","type-post","status-publish","format-standard","hentry","category-sin-categoria","tag-arquitecto","tag-obra","tag-proyecto"],"yoast_head":"<!-- This site is optimized with the Yoast SEO plugin v23.5 - https:\/\/yoast.com\/wordpress\/plugins\/seo\/ -->\n<title>109 VPO, locales y garaje. Pol\u00edgono Aeropuerto. Sevilla (2010) - FAQ arquitectura<\/title>\n<meta name=\"robots\" content=\"index, follow, max-snippet:-1, max-image-preview:large, max-video-preview:-1\" \/>\n<link rel=\"canonical\" href=\"https:\/\/www.faq-arquitectura.com\/index.php\/2010\/11\/29\/109-vpo-locales-y-garaje-poligono\/\" \/>\n<meta property=\"og:locale\" content=\"es_ES\" \/>\n<meta property=\"og:type\" content=\"article\" \/>\n<meta property=\"og:title\" content=\"109 VPO, locales y garaje. Pol\u00edgono Aeropuerto. Sevilla (2010) - FAQ arquitectura\" \/>\n<meta property=\"og:description\" content=\"109 VPO, locales y garaje. Pol\u00edgono Aeropuerto. Sevilla (2010) V\u00edctor Garc\u00eda Trejo con Fernando Carrascal Calle y Jos\u00e9 M\u00aa Fdez. de la Puente Irigoyen \ufeff\" \/>\n<meta property=\"og:url\" content=\"https:\/\/www.faq-arquitectura.com\/index.php\/2010\/11\/29\/109-vpo-locales-y-garaje-poligono\/\" \/>\n<meta property=\"og:site_name\" content=\"FAQ arquitectura\" \/>\n<meta property=\"article:publisher\" content=\"https:\/\/www.facebook.com\/FAQarquitectura\/\" \/>\n<meta property=\"article:published_time\" content=\"2010-11-29T17:21:00+00:00\" \/>\n<meta property=\"article:modified_time\" content=\"2016-09-21T17:47:39+00:00\" \/>\n<meta property=\"og:image\" content=\"http:\/\/1.bp.blogspot.com\/_yldR6xzJ-RE\/TMV2oLLklhI\/AAAAAAAACx0\/a3wpw_0Zs_U\/s400\/01.jpg\" \/>\n<meta name=\"author\" content=\"FAQarquitectura\" \/>\n<meta name=\"twitter:card\" content=\"summary_large_image\" \/>\n<meta name=\"twitter:creator\" content=\"@FAQarquitectura\" \/>\n<meta name=\"twitter:site\" content=\"@FAQarquitectura\" \/>\n<meta name=\"twitter:label1\" content=\"Escrito por\" \/>\n\t<meta name=\"twitter:data1\" content=\"FAQarquitectura\" \/>\n<script type=\"application\/ld+json\" class=\"yoast-schema-graph\">{\"@context\":\"https:\/\/schema.org\",\"@graph\":[{\"@type\":\"Article\",\"@id\":\"https:\/\/www.faq-arquitectura.com\/index.php\/2010\/11\/29\/109-vpo-locales-y-garaje-poligono\/#article\",\"isPartOf\":{\"@id\":\"https:\/\/www.faq-arquitectura.com\/index.php\/2010\/11\/29\/109-vpo-locales-y-garaje-poligono\/\"},\"author\":{\"name\":\"FAQarquitectura\",\"@id\":\"https:\/\/www.faq-arquitectura.com\/#\/schema\/person\/cd6aa407b3379cabf347d5d886448860\"},\"headline\":\"109 VPO, locales y garaje. Pol\u00edgono Aeropuerto. Sevilla (2010)\",\"datePublished\":\"2010-11-29T17:21:00+00:00\",\"dateModified\":\"2016-09-21T17:47:39+00:00\",\"mainEntityOfPage\":{\"@id\":\"https:\/\/www.faq-arquitectura.com\/index.php\/2010\/11\/29\/109-vpo-locales-y-garaje-poligono\/\"},\"wordCount\":33,\"publisher\":{\"@id\":\"https:\/\/www.faq-arquitectura.com\/#organization\"},\"image\":{\"@id\":\"https:\/\/www.faq-arquitectura.com\/index.php\/2010\/11\/29\/109-vpo-locales-y-garaje-poligono\/#primaryimage\"},\"thumbnailUrl\":\"http:\/\/1.bp.blogspot.com\/_yldR6xzJ-RE\/TMV2oLLklhI\/AAAAAAAACx0\/a3wpw_0Zs_U\/s400\/01.jpg\",\"keywords\":[\"Arquitecto\",\"Obra\",\"Proyecto\"],\"inLanguage\":\"es\"},{\"@type\":\"WebPage\",\"@id\":\"https:\/\/www.faq-arquitectura.com\/index.php\/2010\/11\/29\/109-vpo-locales-y-garaje-poligono\/\",\"url\":\"https:\/\/www.faq-arquitectura.com\/index.php\/2010\/11\/29\/109-vpo-locales-y-garaje-poligono\/\",\"name\":\"109 VPO, locales y garaje. Pol\u00edgono Aeropuerto. Sevilla (2010) - FAQ arquitectura\",\"isPartOf\":{\"@id\":\"https:\/\/www.faq-arquitectura.com\/#website\"},\"primaryImageOfPage\":{\"@id\":\"https:\/\/www.faq-arquitectura.com\/index.php\/2010\/11\/29\/109-vpo-locales-y-garaje-poligono\/#primaryimage\"},\"image\":{\"@id\":\"https:\/\/www.faq-arquitectura.com\/index.php\/2010\/11\/29\/109-vpo-locales-y-garaje-poligono\/#primaryimage\"},\"thumbnailUrl\":\"http:\/\/1.bp.blogspot.com\/_yldR6xzJ-RE\/TMV2oLLklhI\/AAAAAAAACx0\/a3wpw_0Zs_U\/s400\/01.jpg\",\"datePublished\":\"2010-11-29T17:21:00+00:00\",\"dateModified\":\"2016-09-21T17:47:39+00:00\",\"breadcrumb\":{\"@id\":\"https:\/\/www.faq-arquitectura.com\/index.php\/2010\/11\/29\/109-vpo-locales-y-garaje-poligono\/#breadcrumb\"},\"inLanguage\":\"es\",\"potentialAction\":[{\"@type\":\"ReadAction\",\"target\":[\"https:\/\/www.faq-arquitectura.com\/index.php\/2010\/11\/29\/109-vpo-locales-y-garaje-poligono\/\"]}]},{\"@type\":\"ImageObject\",\"inLanguage\":\"es\",\"@id\":\"https:\/\/www.faq-arquitectura.com\/index.php\/2010\/11\/29\/109-vpo-locales-y-garaje-poligono\/#primaryimage\",\"url\":\"http:\/\/1.bp.blogspot.com\/_yldR6xzJ-RE\/TMV2oLLklhI\/AAAAAAAACx0\/a3wpw_0Zs_U\/s400\/01.jpg\",\"contentUrl\":\"http:\/\/1.bp.blogspot.com\/_yldR6xzJ-RE\/TMV2oLLklhI\/AAAAAAAACx0\/a3wpw_0Zs_U\/s400\/01.jpg\"},{\"@type\":\"BreadcrumbList\",\"@id\":\"https:\/\/www.faq-arquitectura.com\/index.php\/2010\/11\/29\/109-vpo-locales-y-garaje-poligono\/#breadcrumb\",\"itemListElement\":[{\"@type\":\"ListItem\",\"position\":1,\"name\":\"Portada\",\"item\":\"https:\/\/www.faq-arquitectura.com\/\"},{\"@type\":\"ListItem\",\"position\":2,\"name\":\"109 VPO, locales y garaje. Pol\u00edgono Aeropuerto. Sevilla (2010)\"}]},{\"@type\":\"WebSite\",\"@id\":\"https:\/\/www.faq-arquitectura.com\/#website\",\"url\":\"https:\/\/www.faq-arquitectura.com\/\",\"name\":\"FAQ arquitectura\",\"description\":\"Estudio de arquitectura\",\"publisher\":{\"@id\":\"https:\/\/www.faq-arquitectura.com\/#organization\"},\"potentialAction\":[{\"@type\":\"SearchAction\",\"target\":{\"@type\":\"EntryPoint\",\"urlTemplate\":\"https:\/\/www.faq-arquitectura.com\/?s={search_term_string}\"},\"query-input\":{\"@type\":\"PropertyValueSpecification\",\"valueRequired\":true,\"valueName\":\"search_term_string\"}}],\"inLanguage\":\"es\"},{\"@type\":\"Organization\",\"@id\":\"https:\/\/www.faq-arquitectura.com\/#organization\",\"name\":\"FAQ arquitectura\",\"url\":\"https:\/\/www.faq-arquitectura.com\/\",\"logo\":{\"@type\":\"ImageObject\",\"inLanguage\":\"es\",\"@id\":\"https:\/\/www.faq-arquitectura.com\/#\/schema\/logo\/image\/\",\"url\":\"http:\/\/www.faq-arquitectura.com\/wp-content\/uploads\/2017\/02\/LOGO-FAQ-2017.png\",\"contentUrl\":\"http:\/\/www.faq-arquitectura.com\/wp-content\/uploads\/2017\/02\/LOGO-FAQ-2017.png\",\"width\":875,\"height\":246,\"caption\":\"FAQ arquitectura\"},\"image\":{\"@id\":\"https:\/\/www.faq-arquitectura.com\/#\/schema\/logo\/image\/\"},\"sameAs\":[\"https:\/\/www.facebook.com\/FAQarquitectura\/\",\"https:\/\/x.com\/FAQarquitectura\",\"https:\/\/www.instagram.com\/faqarquitectura\/\",\"https:\/\/www.linkedin.com\/company\/faq-arquitectura\",\"https:\/\/es.pinterest.com\/faqarquitectura\/\"]},{\"@type\":\"Person\",\"@id\":\"https:\/\/www.faq-arquitectura.com\/#\/schema\/person\/cd6aa407b3379cabf347d5d886448860\",\"name\":\"FAQarquitectura\",\"image\":{\"@type\":\"ImageObject\",\"inLanguage\":\"es\",\"@id\":\"https:\/\/www.faq-arquitectura.com\/#\/schema\/person\/image\/\",\"url\":\"https:\/\/secure.gravatar.com\/avatar\/71517ce7f24f89166314c7a1ebcbc2c0?s=96&d=mm&r=g\",\"contentUrl\":\"https:\/\/secure.gravatar.com\/avatar\/71517ce7f24f89166314c7a1ebcbc2c0?s=96&d=mm&r=g\",\"caption\":\"FAQarquitectura\"},\"url\":\"https:\/\/www.faq-arquitectura.com\/index.php\/author\/faq2016\/\"}]}<\/script>\n<!-- \/ Yoast SEO plugin. -->","yoast_head_json":{"title":"109 VPO, locales y garaje. Pol\u00edgono Aeropuerto. Sevilla (2010) - FAQ arquitectura","robots":{"index":"index","follow":"follow","max-snippet":"max-snippet:-1","max-image-preview":"max-image-preview:large","max-video-preview":"max-video-preview:-1"},"canonical":"https:\/\/www.faq-arquitectura.com\/index.php\/2010\/11\/29\/109-vpo-locales-y-garaje-poligono\/","og_locale":"es_ES","og_type":"article","og_title":"109 VPO, locales y garaje. Pol\u00edgono Aeropuerto. Sevilla (2010) - FAQ arquitectura","og_description":"109 VPO, locales y garaje. Pol\u00edgono Aeropuerto. Sevilla (2010) V\u00edctor Garc\u00eda Trejo con Fernando Carrascal Calle y Jos\u00e9 M\u00aa Fdez. de la Puente Irigoyen \ufeff","og_url":"https:\/\/www.faq-arquitectura.com\/index.php\/2010\/11\/29\/109-vpo-locales-y-garaje-poligono\/","og_site_name":"FAQ arquitectura","article_publisher":"https:\/\/www.facebook.com\/FAQarquitectura\/","article_published_time":"2010-11-29T17:21:00+00:00","article_modified_time":"2016-09-21T17:47:39+00:00","og_image":[{"url":"http:\/\/1.bp.blogspot.com\/_yldR6xzJ-RE\/TMV2oLLklhI\/AAAAAAAACx0\/a3wpw_0Zs_U\/s400\/01.jpg"}],"author":"FAQarquitectura","twitter_card":"summary_large_image","twitter_creator":"@FAQarquitectura","twitter_site":"@FAQarquitectura","twitter_misc":{"Escrito por":"FAQarquitectura"},"schema":{"@context":"https:\/\/schema.org","@graph":[{"@type":"Article","@id":"https:\/\/www.faq-arquitectura.com\/index.php\/2010\/11\/29\/109-vpo-locales-y-garaje-poligono\/#article","isPartOf":{"@id":"https:\/\/www.faq-arquitectura.com\/index.php\/2010\/11\/29\/109-vpo-locales-y-garaje-poligono\/"},"author":{"name":"FAQarquitectura","@id":"https:\/\/www.faq-arquitectura.com\/#\/schema\/person\/cd6aa407b3379cabf347d5d886448860"},"headline":"109 VPO, locales y garaje. Pol\u00edgono Aeropuerto. Sevilla (2010)","datePublished":"2010-11-29T17:21:00+00:00","dateModified":"2016-09-21T17:47:39+00:00","mainEntityOfPage":{"@id":"https:\/\/www.faq-arquitectura.com\/index.php\/2010\/11\/29\/109-vpo-locales-y-garaje-poligono\/"},"wordCount":33,"publisher":{"@id":"https:\/\/www.faq-arquitectura.com\/#organization"},"image":{"@id":"https:\/\/www.faq-arquitectura.com\/index.php\/2010\/11\/29\/109-vpo-locales-y-garaje-poligono\/#primaryimage"},"thumbnailUrl":"http:\/\/1.bp.blogspot.com\/_yldR6xzJ-RE\/TMV2oLLklhI\/AAAAAAAACx0\/a3wpw_0Zs_U\/s400\/01.jpg","keywords":["Arquitecto","Obra","Proyecto"],"inLanguage":"es"},{"@type":"WebPage","@id":"https:\/\/www.faq-arquitectura.com\/index.php\/2010\/11\/29\/109-vpo-locales-y-garaje-poligono\/","url":"https:\/\/www.faq-arquitectura.com\/index.php\/2010\/11\/29\/109-vpo-locales-y-garaje-poligono\/","name":"109 VPO, locales y garaje. Pol\u00edgono Aeropuerto. Sevilla (2010) - FAQ arquitectura","isPartOf":{"@id":"https:\/\/www.faq-arquitectura.com\/#website"},"primaryImageOfPage":{"@id":"https:\/\/www.faq-arquitectura.com\/index.php\/2010\/11\/29\/109-vpo-locales-y-garaje-poligono\/#primaryimage"},"image":{"@id":"https:\/\/www.faq-arquitectura.com\/index.php\/2010\/11\/29\/109-vpo-locales-y-garaje-poligono\/#primaryimage"},"thumbnailUrl":"http:\/\/1.bp.blogspot.com\/_yldR6xzJ-RE\/TMV2oLLklhI\/AAAAAAAACx0\/a3wpw_0Zs_U\/s400\/01.jpg","datePublished":"2010-11-29T17:21:00+00:00","dateModified":"2016-09-21T17:47:39+00:00","breadcrumb":{"@id":"https:\/\/www.faq-arquitectura.com\/index.php\/2010\/11\/29\/109-vpo-locales-y-garaje-poligono\/#breadcrumb"},"inLanguage":"es","potentialAction":[{"@type":"ReadAction","target":["https:\/\/www.faq-arquitectura.com\/index.php\/2010\/11\/29\/109-vpo-locales-y-garaje-poligono\/"]}]},{"@type":"ImageObject","inLanguage":"es","@id":"https:\/\/www.faq-arquitectura.com\/index.php\/2010\/11\/29\/109-vpo-locales-y-garaje-poligono\/#primaryimage","url":"http:\/\/1.bp.blogspot.com\/_yldR6xzJ-RE\/TMV2oLLklhI\/AAAAAAAACx0\/a3wpw_0Zs_U\/s400\/01.jpg","contentUrl":"http:\/\/1.bp.blogspot.com\/_yldR6xzJ-RE\/TMV2oLLklhI\/AAAAAAAACx0\/a3wpw_0Zs_U\/s400\/01.jpg"},{"@type":"BreadcrumbList","@id":"https:\/\/www.faq-arquitectura.com\/index.php\/2010\/11\/29\/109-vpo-locales-y-garaje-poligono\/#breadcrumb","itemListElement":[{"@type":"ListItem","position":1,"name":"Portada","item":"https:\/\/www.faq-arquitectura.com\/"},{"@type":"ListItem","position":2,"name":"109 VPO, locales y garaje. Pol\u00edgono Aeropuerto. Sevilla (2010)"}]},{"@type":"WebSite","@id":"https:\/\/www.faq-arquitectura.com\/#website","url":"https:\/\/www.faq-arquitectura.com\/","name":"FAQ arquitectura","description":"Estudio de arquitectura","publisher":{"@id":"https:\/\/www.faq-arquitectura.com\/#organization"},"potentialAction":[{"@type":"SearchAction","target":{"@type":"EntryPoint","urlTemplate":"https:\/\/www.faq-arquitectura.com\/?s={search_term_string}"},"query-input":{"@type":"PropertyValueSpecification","valueRequired":true,"valueName":"search_term_string"}}],"inLanguage":"es"},{"@type":"Organization","@id":"https:\/\/www.faq-arquitectura.com\/#organization","name":"FAQ arquitectura","url":"https:\/\/www.faq-arquitectura.com\/","logo":{"@type":"ImageObject","inLanguage":"es","@id":"https:\/\/www.faq-arquitectura.com\/#\/schema\/logo\/image\/","url":"http:\/\/www.faq-arquitectura.com\/wp-content\/uploads\/2017\/02\/LOGO-FAQ-2017.png","contentUrl":"http:\/\/www.faq-arquitectura.com\/wp-content\/uploads\/2017\/02\/LOGO-FAQ-2017.png","width":875,"height":246,"caption":"FAQ arquitectura"},"image":{"@id":"https:\/\/www.faq-arquitectura.com\/#\/schema\/logo\/image\/"},"sameAs":["https:\/\/www.facebook.com\/FAQarquitectura\/","https:\/\/x.com\/FAQarquitectura","https:\/\/www.instagram.com\/faqarquitectura\/","https:\/\/www.linkedin.com\/company\/faq-arquitectura","https:\/\/es.pinterest.com\/faqarquitectura\/"]},{"@type":"Person","@id":"https:\/\/www.faq-arquitectura.com\/#\/schema\/person\/cd6aa407b3379cabf347d5d886448860","name":"FAQarquitectura","image":{"@type":"ImageObject","inLanguage":"es","@id":"https:\/\/www.faq-arquitectura.com\/#\/schema\/person\/image\/","url":"https:\/\/secure.gravatar.com\/avatar\/71517ce7f24f89166314c7a1ebcbc2c0?s=96&d=mm&r=g","contentUrl":"https:\/\/secure.gravatar.com\/avatar\/71517ce7f24f89166314c7a1ebcbc2c0?s=96&d=mm&r=g","caption":"FAQarquitectura"},"url":"https:\/\/www.faq-arquitectura.com\/index.php\/author\/faq2016\/"}]}},"_links":{"self":[{"href":"https:\/\/www.faq-arquitectura.com\/index.php\/wp-json\/wp\/v2\/posts\/1048"}],"collection":[{"href":"https:\/\/www.faq-arquitectura.com\/index.php\/wp-json\/wp\/v2\/posts"}],"about":[{"href":"https:\/\/www.faq-arquitectura.com\/index.php\/wp-json\/wp\/v2\/types\/post"}],"author":[{"embeddable":true,"href":"https:\/\/www.faq-arquitectura.com\/index.php\/wp-json\/wp\/v2\/users\/1"}],"replies":[{"embeddable":true,"href":"https:\/\/www.faq-arquitectura.com\/index.php\/wp-json\/wp\/v2\/comments?post=1048"}],"version-history":[{"count":1,"href":"https:\/\/www.faq-arquitectura.com\/index.php\/wp-json\/wp\/v2\/posts\/1048\/revisions"}],"predecessor-version":[{"id":1562,"href":"https:\/\/www.faq-arquitectura.com\/index.php\/wp-json\/wp\/v2\/posts\/1048\/revisions\/1562"}],"wp:attachment":[{"href":"https:\/\/www.faq-arquitectura.com\/index.php\/wp-json\/wp\/v2\/media?parent=1048"}],"wp:term":[{"taxonomy":"category","embeddable":true,"href":"https:\/\/www.faq-arquitectura.com\/index.php\/wp-json\/wp\/v2\/categories?post=1048"},{"taxonomy":"post_tag","embeddable":true,"href":"https:\/\/www.faq-arquitectura.com\/index.php\/wp-json\/wp\/v2\/tags?post=1048"}],"curies":[{"name":"wp","href":"https:\/\/api.w.org\/{rel}","templated":true}]}}