{"id":1039,"date":"2011-03-29T19:42:00","date_gmt":"2011-03-29T19:42:00","guid":{"rendered":"http:\/\/www.faq-arquitectura.com\/index.php\/2011\/03\/29\/reportaje-fotografico-de-jesus-granada\/"},"modified":"2016-09-21T17:47:34","modified_gmt":"2016-09-21T17:47:34","slug":"reportaje-fotografico-de-jesus-granada","status":"publish","type":"post","link":"https:\/\/www.faq-arquitectura.com\/index.php\/2011\/03\/29\/reportaje-fotografico-de-jesus-granada\/","title":{"rendered":"Reportaje Fotogr\u00e1fico de Jes\u00fas Granada de las 109 VPO en Pol\u00edgono Aeropuerto. Sevilla."},"content":{"rendered":"<div style=\"margin-bottom: 0px; margin-left: 0px; margin-right: 0px; margin-top: 0px;\">109 VPO, locales y garaje. Pol\u00edgono Aeropuerto. Sevilla (2010)<\/div>\n<div style=\"margin-bottom: 0px; margin-left: 0px; margin-right: 0px; margin-top: 0px;\">V\u00edctor Garc\u00eda Trejo con Fernando Carrascal Calle y Jos\u00e9 M\u00aa Fdez. de la Puente Irigoyen<\/div>\n<div>\n<\/div>\n<p>\nReportaje Fotogr\u00e1fico de Jes\u00fas Granada.&nbsp;www.jesusgranada.com<\/p>\n<div style=\"text-align: center;\"><a href=\"http:\/\/3.bp.blogspot.com\/-HDjXWPHXoR4\/TZDiq4fSFVI\/AAAAAAAAC6M\/raVis3EbgwE\/s1600\/109+VPO+Pol%25C3%25ADgono+Aeropuerto+Sevilla-+JG-34814-BR.jpg\" imageanchor=\"1\" style=\"margin-left: 1em; margin-right: 1em;\"><img loading=\"lazy\" decoding=\"async\" border=\"0\" height=\"320\" src=\"https:\/\/www.faq-arquitectura.com\/wp-content\/uploads\/2011\/03\/109-VPO-PolC3ADgono-Aeropuerto-Sevilla-JG-34814-BR.jpg\" style=\"cursor: move;\" width=\"235\" \/><\/a><\/div>\n<div class=\"separator\" style=\"clear: both; text-align: center;\"><\/div>\n<p><a name='more'><\/a><\/p>\n<div style=\"text-align: center;\"><a href=\"http:\/\/4.bp.blogspot.com\/-OoO0d0FvcUA\/TZDiLnmONcI\/AAAAAAAAC5Y\/enGxjRJgKhI\/s1600\/109+VPO+Pol%25C3%25ADgono+Aeropuerto+Sevilla-+JG-34801.jpg\" imageanchor=\"1\" style=\"margin-left: 1em; margin-right: 1em;\"><img loading=\"lazy\" decoding=\"async\" border=\"0\" height=\"241\" src=\"https:\/\/www.faq-arquitectura.com\/wp-content\/uploads\/2011\/03\/109-VPO-PolC3ADgono-Aeropuerto-Sevilla-JG-34801.jpg\" width=\"320\" \/><\/a><\/div>\n<div style=\"text-align: center;\">\n<\/div>\n<div class=\"separator\" style=\"clear: both; text-align: center;\"><a href=\"http:\/\/4.bp.blogspot.com\/--VRBvd5xaHs\/TZDiPitRQuI\/AAAAAAAAC5g\/Pmtqwah3AIE\/s1600\/109+VPO+Pol%25C3%25ADgono+Aeropuerto+Sevilla-+JG-34803.jpg\" imageanchor=\"1\" style=\"margin-left: 1em; margin-right: 1em;\"><img loading=\"lazy\" decoding=\"async\" border=\"0\" height=\"218\" src=\"https:\/\/www.faq-arquitectura.com\/wp-content\/uploads\/2011\/03\/109-VPO-PolC3ADgono-Aeropuerto-Sevilla-JG-34803.jpg\" width=\"320\" \/><\/a><\/div>\n<p><\/p>\n<div class=\"separator\" style=\"clear: both; text-align: center;\"><a href=\"http:\/\/4.bp.blogspot.com\/-nmOq8jEKDaw\/TZDiSCO0p4I\/AAAAAAAAC5k\/pJaYgDQTaP4\/s1600\/109+VPO+Pol%25C3%25ADgono+Aeropuerto+Sevilla-+JG-34804.jpg\" imageanchor=\"1\" style=\"margin-left: 1em; margin-right: 1em;\"><img loading=\"lazy\" decoding=\"async\" border=\"0\" height=\"320\" src=\"https:\/\/www.faq-arquitectura.com\/wp-content\/uploads\/2011\/03\/109-VPO-PolC3ADgono-Aeropuerto-Sevilla-JG-34804.jpg\" width=\"240\" \/><\/a><\/div>\n<p><\/p>\n<div class=\"separator\" style=\"clear: both; text-align: center;\"><a href=\"http:\/\/2.bp.blogspot.com\/-YdpXF_mrZ0Y\/TZDiT1hnyDI\/AAAAAAAAC5o\/xIQ-eSvIf9Y\/s1600\/109+VPO+Pol%25C3%25ADgono+Aeropuerto+Sevilla-+JG-34805.jpg\" imageanchor=\"1\" style=\"margin-left: 1em; margin-right: 1em;\"><img loading=\"lazy\" decoding=\"async\" border=\"0\" height=\"320\" src=\"https:\/\/www.faq-arquitectura.com\/wp-content\/uploads\/2011\/03\/109-VPO-PolC3ADgono-Aeropuerto-Sevilla-JG-34805.jpg\" width=\"240\" \/><\/a><\/div>\n<p><\/p>\n<div class=\"separator\" style=\"clear: both; text-align: center;\"><a href=\"http:\/\/3.bp.blogspot.com\/-AN1IxsnMos8\/TZDiWFWjlxI\/AAAAAAAAC5s\/kswVlWi22VI\/s1600\/109+VPO+Pol%25C3%25ADgono+Aeropuerto+Sevilla-+JG-34806.jpg\" imageanchor=\"1\" style=\"margin-left: 1em; margin-right: 1em;\"><img loading=\"lazy\" decoding=\"async\" border=\"0\" height=\"320\" src=\"https:\/\/www.faq-arquitectura.com\/wp-content\/uploads\/2011\/03\/109-VPO-PolC3ADgono-Aeropuerto-Sevilla-JG-34806.jpg\" width=\"243\" \/><\/a><\/div>\n<p><\/p>\n<div class=\"separator\" style=\"clear: both; text-align: center;\"><a href=\"http:\/\/2.bp.blogspot.com\/-ynZoQVobMiw\/TZDiY2HzVeI\/AAAAAAAAC5w\/17Ut9CEICI8\/s1600\/109+VPO+Pol%25C3%25ADgono+Aeropuerto+Sevilla-+JG-34807.jpg\" imageanchor=\"1\" style=\"margin-left: 1em; margin-right: 1em;\"><img loading=\"lazy\" decoding=\"async\" border=\"0\" height=\"320\" src=\"https:\/\/www.faq-arquitectura.com\/wp-content\/uploads\/2011\/03\/109-VPO-PolC3ADgono-Aeropuerto-Sevilla-JG-34807.jpg\" width=\"224\" \/><\/a><\/div>\n<p><\/p>\n<div class=\"separator\" style=\"clear: both; text-align: center;\"><a href=\"http:\/\/3.bp.blogspot.com\/-PZ0Kz_Tabz0\/TZDibgaf7VI\/AAAAAAAAC50\/JuoIAvvIyCw\/s1600\/109+VPO+Pol%25C3%25ADgono+Aeropuerto+Sevilla-+JG-34808.jpg\" imageanchor=\"1\" style=\"margin-left: 1em; margin-right: 1em;\"><img loading=\"lazy\" decoding=\"async\" border=\"0\" height=\"320\" src=\"https:\/\/www.faq-arquitectura.com\/wp-content\/uploads\/2011\/03\/109-VPO-PolC3ADgono-Aeropuerto-Sevilla-JG-34808.jpg\" width=\"210\" \/><\/a><\/div>\n<p><\/p>\n<div class=\"separator\" style=\"clear: both; text-align: center;\"><a href=\"http:\/\/2.bp.blogspot.com\/-INs_RQi3T5I\/TZDid_oXp9I\/AAAAAAAAC54\/WCIcmSQZWGw\/s1600\/109+VPO+Pol%25C3%25ADgono+Aeropuerto+Sevilla-+JG-34809.jpg\" imageanchor=\"1\" style=\"margin-left: 1em; margin-right: 1em;\"><img loading=\"lazy\" decoding=\"async\" border=\"0\" height=\"320\" src=\"https:\/\/www.faq-arquitectura.com\/wp-content\/uploads\/2011\/03\/109-VPO-PolC3ADgono-Aeropuerto-Sevilla-JG-34809.jpg\" width=\"240\" \/><\/a><\/div>\n<p><\/p>\n<div class=\"separator\" style=\"clear: both; text-align: center;\"><a href=\"http:\/\/4.bp.blogspot.com\/-1ZicFv8ZWFY\/TZDigIxCF0I\/AAAAAAAAC58\/9xnWXRaPGU4\/s1600\/109+VPO+Pol%25C3%25ADgono+Aeropuerto+Sevilla-+JG-34810.jpg\" imageanchor=\"1\" style=\"margin-left: 1em; margin-right: 1em;\"><img loading=\"lazy\" decoding=\"async\" border=\"0\" height=\"320\" src=\"https:\/\/www.faq-arquitectura.com\/wp-content\/uploads\/2011\/03\/109-VPO-PolC3ADgono-Aeropuerto-Sevilla-JG-34810.jpg\" width=\"240\" \/><\/a><\/div>\n<p><\/p>\n<div class=\"separator\" style=\"clear: both; text-align: center;\"><a href=\"http:\/\/2.bp.blogspot.com\/-YdWoqdfQD20\/TZDikLCCrxI\/AAAAAAAAC6A\/Jqgxc9dOWJ4\/s1600\/109+VPO+Pol%25C3%25ADgono+Aeropuerto+Sevilla-+JG-34811.jpg\" imageanchor=\"1\" style=\"margin-left: 1em; margin-right: 1em;\"><img loading=\"lazy\" decoding=\"async\" border=\"0\" height=\"140\" src=\"https:\/\/www.faq-arquitectura.com\/wp-content\/uploads\/2011\/03\/109-VPO-PolC3ADgono-Aeropuerto-Sevilla-JG-34811.jpg\" width=\"320\" \/><\/a><\/div>\n<p><\/p>\n<div class=\"separator\" style=\"clear: both; text-align: center;\"><a href=\"http:\/\/1.bp.blogspot.com\/-Irohz0Bu0Dg\/TZDima0LD_I\/AAAAAAAAC6E\/58LnVrYHWKA\/s1600\/109+VPO+Pol%25C3%25ADgono+Aeropuerto+Sevilla-+JG-34812.jpg\" imageanchor=\"1\" style=\"margin-left: 1em; margin-right: 1em;\"><img loading=\"lazy\" decoding=\"async\" border=\"0\" height=\"320\" src=\"https:\/\/www.faq-arquitectura.com\/wp-content\/uploads\/2011\/03\/109-VPO-PolC3ADgono-Aeropuerto-Sevilla-JG-34812.jpg\" width=\"224\" \/><\/a><\/div>\n<p><\/p>\n<div class=\"separator\" style=\"clear: both; text-align: center;\"><a href=\"http:\/\/2.bp.blogspot.com\/-6Nrn1XdWwZM\/TZDiotYb_eI\/AAAAAAAAC6I\/LeDts93Yadg\/s1600\/109+VPO+Pol%25C3%25ADgono+Aeropuerto+Sevilla-+JG-34813.jpg\" imageanchor=\"1\" style=\"margin-left: 1em; margin-right: 1em;\"><img loading=\"lazy\" decoding=\"async\" border=\"0\" height=\"320\" src=\"https:\/\/www.faq-arquitectura.com\/wp-content\/uploads\/2011\/03\/109-VPO-PolC3ADgono-Aeropuerto-Sevilla-JG-34813.jpg\" width=\"241\" \/><\/a><\/div>\n<p><\/p>\n<div class=\"separator\" style=\"clear: both; text-align: center;\"><a href=\"http:\/\/4.bp.blogspot.com\/-ke_4YzpDC6c\/TZDitGVEPZI\/AAAAAAAAC6Q\/vTbHjso9XCA\/s1600\/109+VPO+Pol%25C3%25ADgono+Aeropuerto+Sevilla-+JG-34816.jpg\" imageanchor=\"1\" style=\"margin-left: 1em; margin-right: 1em;\"><img loading=\"lazy\" decoding=\"async\" border=\"0\" height=\"320\" src=\"https:\/\/www.faq-arquitectura.com\/wp-content\/uploads\/2011\/03\/109-VPO-PolC3ADgono-Aeropuerto-Sevilla-JG-34816.jpg\" width=\"240\" \/><\/a><\/div>\n<p><\/p>\n<div class=\"separator\" style=\"clear: both; text-align: center;\"><a href=\"http:\/\/4.bp.blogspot.com\/-FoY7GPDy0w4\/TZDiv7GSxII\/AAAAAAAAC6U\/Z9nD3h0QG-4\/s1600\/109+VPO+Pol%25C3%25ADgono+Aeropuerto+Sevilla-+JG-34817.jpg\" imageanchor=\"1\" style=\"margin-left: 1em; margin-right: 1em;\"><img loading=\"lazy\" decoding=\"async\" border=\"0\" height=\"182\" src=\"https:\/\/www.faq-arquitectura.com\/wp-content\/uploads\/2011\/03\/109-VPO-PolC3ADgono-Aeropuerto-Sevilla-JG-34817.jpg\" width=\"320\" \/><\/a><\/div>\n<p><\/p>\n<div class=\"separator\" style=\"clear: both; text-align: center;\"><a href=\"http:\/\/3.bp.blogspot.com\/-5PKgcsD0nlQ\/TZDix50m8HI\/AAAAAAAAC6Y\/OtKATLEASk8\/s1600\/109+VPO+Pol%25C3%25ADgono+Aeropuerto+Sevilla-+JG-34818.jpg\" imageanchor=\"1\" style=\"margin-left: 1em; margin-right: 1em;\"><img loading=\"lazy\" decoding=\"async\" border=\"0\" height=\"320\" src=\"https:\/\/www.faq-arquitectura.com\/wp-content\/uploads\/2011\/03\/109-VPO-PolC3ADgono-Aeropuerto-Sevilla-JG-34818.jpg\" width=\"244\" \/><\/a><\/div>\n<p><\/p>\n<div class=\"separator\" style=\"clear: both; text-align: center;\"><a href=\"http:\/\/1.bp.blogspot.com\/-GKudsCHFmY0\/TZDiz9t-14I\/AAAAAAAAC6c\/liKWNEOSDuE\/s1600\/109+VPO+Pol%25C3%25ADgono+Aeropuerto+Sevilla-+JG-34819.jpg\" imageanchor=\"1\" style=\"margin-left: 1em; margin-right: 1em;\"><img loading=\"lazy\" decoding=\"async\" border=\"0\" height=\"279\" src=\"https:\/\/www.faq-arquitectura.com\/wp-content\/uploads\/2011\/03\/109-VPO-PolC3ADgono-Aeropuerto-Sevilla-JG-34819.jpg\" width=\"320\" \/><\/a><\/div>\n<p><\/p>\n<div class=\"separator\" style=\"clear: both; text-align: center;\"><a href=\"http:\/\/2.bp.blogspot.com\/-cN0HjVECTu8\/TZDi2qh4RmI\/AAAAAAAAC6g\/m5eQ2Nq0QWg\/s1600\/109+VPO+Pol%25C3%25ADgono+Aeropuerto+Sevilla-+JG-34820.jpg\" imageanchor=\"1\" style=\"margin-left: 1em; margin-right: 1em;\"><img loading=\"lazy\" decoding=\"async\" border=\"0\" height=\"213\" src=\"https:\/\/www.faq-arquitectura.com\/wp-content\/uploads\/2011\/03\/109-VPO-PolC3ADgono-Aeropuerto-Sevilla-JG-34820.jpg\" width=\"320\" \/><\/a><\/div>\n<p><\/p>\n<div class=\"separator\" style=\"clear: both; text-align: center;\"><a href=\"http:\/\/3.bp.blogspot.com\/-iiQcvdOfnB8\/TZDi4SPfo6I\/AAAAAAAAC6k\/sLXnMtPYNos\/s1600\/109+VPO+Pol%25C3%25ADgono+Aeropuerto+Sevilla-+JG-34821.jpg\" imageanchor=\"1\" style=\"margin-left: 1em; margin-right: 1em;\"><img loading=\"lazy\" decoding=\"async\" border=\"0\" height=\"320\" src=\"https:\/\/www.faq-arquitectura.com\/wp-content\/uploads\/2011\/03\/109-VPO-PolC3ADgono-Aeropuerto-Sevilla-JG-34821.jpg\" width=\"240\" \/><\/a><\/div>\n","protected":false},"excerpt":{"rendered":"<p>109 VPO, locales y garaje. Pol\u00edgono Aeropuerto. Sevilla (2010) V\u00edctor Garc\u00eda Trejo con Fernando Carrascal Calle y Jos\u00e9 M\u00aa Fdez. de la Puente Irigoyen Reportaje Fotogr\u00e1fico de Jes\u00fas Granada.&nbsp;www.jesusgranada.com<\/p>\n","protected":false},"author":1,"featured_media":1517,"comment_status":"closed","ping_status":"closed","sticky":false,"template":"","format":"standard","meta":{"footnotes":""},"categories":[1],"tags":[6,7,9,10],"class_list":["post-1039","post","type-post","status-publish","format-standard","has-post-thumbnail","hentry","category-sin-categoria","tag-arquitecto","tag-colaboradores","tag-obra","tag-proyecto"],"yoast_head":"<!-- This site is optimized with the Yoast SEO plugin v23.5 - https:\/\/yoast.com\/wordpress\/plugins\/seo\/ -->\n<title>Reportaje Fotogr\u00e1fico de Jes\u00fas Granada de las 109 VPO en Pol\u00edgono Aeropuerto. Sevilla. - FAQ arquitectura<\/title>\n<meta name=\"robots\" content=\"index, follow, max-snippet:-1, max-image-preview:large, max-video-preview:-1\" \/>\n<link rel=\"canonical\" href=\"https:\/\/www.faq-arquitectura.com\/index.php\/2011\/03\/29\/reportaje-fotografico-de-jesus-granada\/\" \/>\n<meta property=\"og:locale\" content=\"es_ES\" \/>\n<meta property=\"og:type\" content=\"article\" \/>\n<meta property=\"og:title\" content=\"Reportaje Fotogr\u00e1fico de Jes\u00fas Granada de las 109 VPO en Pol\u00edgono Aeropuerto. Sevilla. - FAQ arquitectura\" \/>\n<meta property=\"og:description\" content=\"109 VPO, locales y garaje. Pol\u00edgono Aeropuerto. Sevilla (2010) V\u00edctor Garc\u00eda Trejo con Fernando Carrascal Calle y Jos\u00e9 M\u00aa Fdez. de la Puente Irigoyen Reportaje Fotogr\u00e1fico de Jes\u00fas Granada.&nbsp;www.jesusgranada.com\" \/>\n<meta property=\"og:url\" content=\"https:\/\/www.faq-arquitectura.com\/index.php\/2011\/03\/29\/reportaje-fotografico-de-jesus-granada\/\" \/>\n<meta property=\"og:site_name\" content=\"FAQ arquitectura\" \/>\n<meta property=\"article:publisher\" content=\"https:\/\/www.facebook.com\/FAQarquitectura\/\" \/>\n<meta property=\"article:published_time\" content=\"2011-03-29T19:42:00+00:00\" \/>\n<meta property=\"article:modified_time\" content=\"2016-09-21T17:47:34+00:00\" \/>\n<meta property=\"og:image\" content=\"https:\/\/www.faq-arquitectura.com\/wp-content\/uploads\/2011\/03\/109-VPO-PolC3ADgono-Aeropuerto-Sevilla-JG-34814-BR.jpg\" \/>\n\t<meta property=\"og:image:width\" content=\"235\" \/>\n\t<meta property=\"og:image:height\" content=\"320\" \/>\n\t<meta property=\"og:image:type\" content=\"image\/jpeg\" \/>\n<meta name=\"author\" content=\"FAQarquitectura\" \/>\n<meta name=\"twitter:card\" content=\"summary_large_image\" \/>\n<meta name=\"twitter:creator\" content=\"@FAQarquitectura\" \/>\n<meta name=\"twitter:site\" content=\"@FAQarquitectura\" \/>\n<meta name=\"twitter:label1\" content=\"Escrito por\" \/>\n\t<meta name=\"twitter:data1\" content=\"FAQarquitectura\" \/>\n<script type=\"application\/ld+json\" class=\"yoast-schema-graph\">{\"@context\":\"https:\/\/schema.org\",\"@graph\":[{\"@type\":\"Article\",\"@id\":\"https:\/\/www.faq-arquitectura.com\/index.php\/2011\/03\/29\/reportaje-fotografico-de-jesus-granada\/#article\",\"isPartOf\":{\"@id\":\"https:\/\/www.faq-arquitectura.com\/index.php\/2011\/03\/29\/reportaje-fotografico-de-jesus-granada\/\"},\"author\":{\"name\":\"FAQarquitectura\",\"@id\":\"https:\/\/www.faq-arquitectura.com\/#\/schema\/person\/cd6aa407b3379cabf347d5d886448860\"},\"headline\":\"Reportaje Fotogr\u00e1fico de Jes\u00fas Granada de las 109 VPO en Pol\u00edgono Aeropuerto. Sevilla.\",\"datePublished\":\"2011-03-29T19:42:00+00:00\",\"dateModified\":\"2016-09-21T17:47:34+00:00\",\"mainEntityOfPage\":{\"@id\":\"https:\/\/www.faq-arquitectura.com\/index.php\/2011\/03\/29\/reportaje-fotografico-de-jesus-granada\/\"},\"wordCount\":51,\"publisher\":{\"@id\":\"https:\/\/www.faq-arquitectura.com\/#organization\"},\"image\":{\"@id\":\"https:\/\/www.faq-arquitectura.com\/index.php\/2011\/03\/29\/reportaje-fotografico-de-jesus-granada\/#primaryimage\"},\"thumbnailUrl\":\"https:\/\/www.faq-arquitectura.com\/wp-content\/uploads\/2011\/03\/109-VPO-PolC3ADgono-Aeropuerto-Sevilla-JG-34814-BR.jpg\",\"keywords\":[\"Arquitecto\",\"Colaboradores\",\"Obra\",\"Proyecto\"],\"inLanguage\":\"es\"},{\"@type\":\"WebPage\",\"@id\":\"https:\/\/www.faq-arquitectura.com\/index.php\/2011\/03\/29\/reportaje-fotografico-de-jesus-granada\/\",\"url\":\"https:\/\/www.faq-arquitectura.com\/index.php\/2011\/03\/29\/reportaje-fotografico-de-jesus-granada\/\",\"name\":\"Reportaje Fotogr\u00e1fico de Jes\u00fas Granada de las 109 VPO en Pol\u00edgono Aeropuerto. Sevilla. - FAQ arquitectura\",\"isPartOf\":{\"@id\":\"https:\/\/www.faq-arquitectura.com\/#website\"},\"primaryImageOfPage\":{\"@id\":\"https:\/\/www.faq-arquitectura.com\/index.php\/2011\/03\/29\/reportaje-fotografico-de-jesus-granada\/#primaryimage\"},\"image\":{\"@id\":\"https:\/\/www.faq-arquitectura.com\/index.php\/2011\/03\/29\/reportaje-fotografico-de-jesus-granada\/#primaryimage\"},\"thumbnailUrl\":\"https:\/\/www.faq-arquitectura.com\/wp-content\/uploads\/2011\/03\/109-VPO-PolC3ADgono-Aeropuerto-Sevilla-JG-34814-BR.jpg\",\"datePublished\":\"2011-03-29T19:42:00+00:00\",\"dateModified\":\"2016-09-21T17:47:34+00:00\",\"breadcrumb\":{\"@id\":\"https:\/\/www.faq-arquitectura.com\/index.php\/2011\/03\/29\/reportaje-fotografico-de-jesus-granada\/#breadcrumb\"},\"inLanguage\":\"es\",\"potentialAction\":[{\"@type\":\"ReadAction\",\"target\":[\"https:\/\/www.faq-arquitectura.com\/index.php\/2011\/03\/29\/reportaje-fotografico-de-jesus-granada\/\"]}]},{\"@type\":\"ImageObject\",\"inLanguage\":\"es\",\"@id\":\"https:\/\/www.faq-arquitectura.com\/index.php\/2011\/03\/29\/reportaje-fotografico-de-jesus-granada\/#primaryimage\",\"url\":\"https:\/\/www.faq-arquitectura.com\/wp-content\/uploads\/2011\/03\/109-VPO-PolC3ADgono-Aeropuerto-Sevilla-JG-34814-BR.jpg\",\"contentUrl\":\"https:\/\/www.faq-arquitectura.com\/wp-content\/uploads\/2011\/03\/109-VPO-PolC3ADgono-Aeropuerto-Sevilla-JG-34814-BR.jpg\",\"width\":235,\"height\":320},{\"@type\":\"BreadcrumbList\",\"@id\":\"https:\/\/www.faq-arquitectura.com\/index.php\/2011\/03\/29\/reportaje-fotografico-de-jesus-granada\/#breadcrumb\",\"itemListElement\":[{\"@type\":\"ListItem\",\"position\":1,\"name\":\"Portada\",\"item\":\"https:\/\/www.faq-arquitectura.com\/\"},{\"@type\":\"ListItem\",\"position\":2,\"name\":\"Reportaje Fotogr\u00e1fico de Jes\u00fas Granada de las 109 VPO en Pol\u00edgono Aeropuerto. Sevilla.\"}]},{\"@type\":\"WebSite\",\"@id\":\"https:\/\/www.faq-arquitectura.com\/#website\",\"url\":\"https:\/\/www.faq-arquitectura.com\/\",\"name\":\"FAQ arquitectura\",\"description\":\"Estudio de arquitectura\",\"publisher\":{\"@id\":\"https:\/\/www.faq-arquitectura.com\/#organization\"},\"potentialAction\":[{\"@type\":\"SearchAction\",\"target\":{\"@type\":\"EntryPoint\",\"urlTemplate\":\"https:\/\/www.faq-arquitectura.com\/?s={search_term_string}\"},\"query-input\":{\"@type\":\"PropertyValueSpecification\",\"valueRequired\":true,\"valueName\":\"search_term_string\"}}],\"inLanguage\":\"es\"},{\"@type\":\"Organization\",\"@id\":\"https:\/\/www.faq-arquitectura.com\/#organization\",\"name\":\"FAQ arquitectura\",\"url\":\"https:\/\/www.faq-arquitectura.com\/\",\"logo\":{\"@type\":\"ImageObject\",\"inLanguage\":\"es\",\"@id\":\"https:\/\/www.faq-arquitectura.com\/#\/schema\/logo\/image\/\",\"url\":\"http:\/\/www.faq-arquitectura.com\/wp-content\/uploads\/2017\/02\/LOGO-FAQ-2017.png\",\"contentUrl\":\"http:\/\/www.faq-arquitectura.com\/wp-content\/uploads\/2017\/02\/LOGO-FAQ-2017.png\",\"width\":875,\"height\":246,\"caption\":\"FAQ arquitectura\"},\"image\":{\"@id\":\"https:\/\/www.faq-arquitectura.com\/#\/schema\/logo\/image\/\"},\"sameAs\":[\"https:\/\/www.facebook.com\/FAQarquitectura\/\",\"https:\/\/x.com\/FAQarquitectura\",\"https:\/\/www.instagram.com\/faqarquitectura\/\",\"https:\/\/www.linkedin.com\/company\/faq-arquitectura\",\"https:\/\/es.pinterest.com\/faqarquitectura\/\"]},{\"@type\":\"Person\",\"@id\":\"https:\/\/www.faq-arquitectura.com\/#\/schema\/person\/cd6aa407b3379cabf347d5d886448860\",\"name\":\"FAQarquitectura\",\"image\":{\"@type\":\"ImageObject\",\"inLanguage\":\"es\",\"@id\":\"https:\/\/www.faq-arquitectura.com\/#\/schema\/person\/image\/\",\"url\":\"https:\/\/secure.gravatar.com\/avatar\/71517ce7f24f89166314c7a1ebcbc2c0?s=96&d=mm&r=g\",\"contentUrl\":\"https:\/\/secure.gravatar.com\/avatar\/71517ce7f24f89166314c7a1ebcbc2c0?s=96&d=mm&r=g\",\"caption\":\"FAQarquitectura\"},\"url\":\"https:\/\/www.faq-arquitectura.com\/index.php\/author\/faq2016\/\"}]}<\/script>\n<!-- \/ Yoast SEO plugin. -->","yoast_head_json":{"title":"Reportaje Fotogr\u00e1fico de Jes\u00fas Granada de las 109 VPO en Pol\u00edgono Aeropuerto. Sevilla. - FAQ arquitectura","robots":{"index":"index","follow":"follow","max-snippet":"max-snippet:-1","max-image-preview":"max-image-preview:large","max-video-preview":"max-video-preview:-1"},"canonical":"https:\/\/www.faq-arquitectura.com\/index.php\/2011\/03\/29\/reportaje-fotografico-de-jesus-granada\/","og_locale":"es_ES","og_type":"article","og_title":"Reportaje Fotogr\u00e1fico de Jes\u00fas Granada de las 109 VPO en Pol\u00edgono Aeropuerto. Sevilla. - FAQ arquitectura","og_description":"109 VPO, locales y garaje. Pol\u00edgono Aeropuerto. Sevilla (2010) V\u00edctor Garc\u00eda Trejo con Fernando Carrascal Calle y Jos\u00e9 M\u00aa Fdez. de la Puente Irigoyen Reportaje Fotogr\u00e1fico de Jes\u00fas Granada.&nbsp;www.jesusgranada.com","og_url":"https:\/\/www.faq-arquitectura.com\/index.php\/2011\/03\/29\/reportaje-fotografico-de-jesus-granada\/","og_site_name":"FAQ arquitectura","article_publisher":"https:\/\/www.facebook.com\/FAQarquitectura\/","article_published_time":"2011-03-29T19:42:00+00:00","article_modified_time":"2016-09-21T17:47:34+00:00","og_image":[{"width":235,"height":320,"url":"https:\/\/www.faq-arquitectura.com\/wp-content\/uploads\/2011\/03\/109-VPO-PolC3ADgono-Aeropuerto-Sevilla-JG-34814-BR.jpg","type":"image\/jpeg"}],"author":"FAQarquitectura","twitter_card":"summary_large_image","twitter_creator":"@FAQarquitectura","twitter_site":"@FAQarquitectura","twitter_misc":{"Escrito por":"FAQarquitectura"},"schema":{"@context":"https:\/\/schema.org","@graph":[{"@type":"Article","@id":"https:\/\/www.faq-arquitectura.com\/index.php\/2011\/03\/29\/reportaje-fotografico-de-jesus-granada\/#article","isPartOf":{"@id":"https:\/\/www.faq-arquitectura.com\/index.php\/2011\/03\/29\/reportaje-fotografico-de-jesus-granada\/"},"author":{"name":"FAQarquitectura","@id":"https:\/\/www.faq-arquitectura.com\/#\/schema\/person\/cd6aa407b3379cabf347d5d886448860"},"headline":"Reportaje Fotogr\u00e1fico de Jes\u00fas Granada de las 109 VPO en Pol\u00edgono Aeropuerto. Sevilla.","datePublished":"2011-03-29T19:42:00+00:00","dateModified":"2016-09-21T17:47:34+00:00","mainEntityOfPage":{"@id":"https:\/\/www.faq-arquitectura.com\/index.php\/2011\/03\/29\/reportaje-fotografico-de-jesus-granada\/"},"wordCount":51,"publisher":{"@id":"https:\/\/www.faq-arquitectura.com\/#organization"},"image":{"@id":"https:\/\/www.faq-arquitectura.com\/index.php\/2011\/03\/29\/reportaje-fotografico-de-jesus-granada\/#primaryimage"},"thumbnailUrl":"https:\/\/www.faq-arquitectura.com\/wp-content\/uploads\/2011\/03\/109-VPO-PolC3ADgono-Aeropuerto-Sevilla-JG-34814-BR.jpg","keywords":["Arquitecto","Colaboradores","Obra","Proyecto"],"inLanguage":"es"},{"@type":"WebPage","@id":"https:\/\/www.faq-arquitectura.com\/index.php\/2011\/03\/29\/reportaje-fotografico-de-jesus-granada\/","url":"https:\/\/www.faq-arquitectura.com\/index.php\/2011\/03\/29\/reportaje-fotografico-de-jesus-granada\/","name":"Reportaje Fotogr\u00e1fico de Jes\u00fas Granada de las 109 VPO en Pol\u00edgono Aeropuerto. Sevilla. - FAQ arquitectura","isPartOf":{"@id":"https:\/\/www.faq-arquitectura.com\/#website"},"primaryImageOfPage":{"@id":"https:\/\/www.faq-arquitectura.com\/index.php\/2011\/03\/29\/reportaje-fotografico-de-jesus-granada\/#primaryimage"},"image":{"@id":"https:\/\/www.faq-arquitectura.com\/index.php\/2011\/03\/29\/reportaje-fotografico-de-jesus-granada\/#primaryimage"},"thumbnailUrl":"https:\/\/www.faq-arquitectura.com\/wp-content\/uploads\/2011\/03\/109-VPO-PolC3ADgono-Aeropuerto-Sevilla-JG-34814-BR.jpg","datePublished":"2011-03-29T19:42:00+00:00","dateModified":"2016-09-21T17:47:34+00:00","breadcrumb":{"@id":"https:\/\/www.faq-arquitectura.com\/index.php\/2011\/03\/29\/reportaje-fotografico-de-jesus-granada\/#breadcrumb"},"inLanguage":"es","potentialAction":[{"@type":"ReadAction","target":["https:\/\/www.faq-arquitectura.com\/index.php\/2011\/03\/29\/reportaje-fotografico-de-jesus-granada\/"]}]},{"@type":"ImageObject","inLanguage":"es","@id":"https:\/\/www.faq-arquitectura.com\/index.php\/2011\/03\/29\/reportaje-fotografico-de-jesus-granada\/#primaryimage","url":"https:\/\/www.faq-arquitectura.com\/wp-content\/uploads\/2011\/03\/109-VPO-PolC3ADgono-Aeropuerto-Sevilla-JG-34814-BR.jpg","contentUrl":"https:\/\/www.faq-arquitectura.com\/wp-content\/uploads\/2011\/03\/109-VPO-PolC3ADgono-Aeropuerto-Sevilla-JG-34814-BR.jpg","width":235,"height":320},{"@type":"BreadcrumbList","@id":"https:\/\/www.faq-arquitectura.com\/index.php\/2011\/03\/29\/reportaje-fotografico-de-jesus-granada\/#breadcrumb","itemListElement":[{"@type":"ListItem","position":1,"name":"Portada","item":"https:\/\/www.faq-arquitectura.com\/"},{"@type":"ListItem","position":2,"name":"Reportaje Fotogr\u00e1fico de Jes\u00fas Granada de las 109 VPO en Pol\u00edgono Aeropuerto. Sevilla."}]},{"@type":"WebSite","@id":"https:\/\/www.faq-arquitectura.com\/#website","url":"https:\/\/www.faq-arquitectura.com\/","name":"FAQ arquitectura","description":"Estudio de arquitectura","publisher":{"@id":"https:\/\/www.faq-arquitectura.com\/#organization"},"potentialAction":[{"@type":"SearchAction","target":{"@type":"EntryPoint","urlTemplate":"https:\/\/www.faq-arquitectura.com\/?s={search_term_string}"},"query-input":{"@type":"PropertyValueSpecification","valueRequired":true,"valueName":"search_term_string"}}],"inLanguage":"es"},{"@type":"Organization","@id":"https:\/\/www.faq-arquitectura.com\/#organization","name":"FAQ arquitectura","url":"https:\/\/www.faq-arquitectura.com\/","logo":{"@type":"ImageObject","inLanguage":"es","@id":"https:\/\/www.faq-arquitectura.com\/#\/schema\/logo\/image\/","url":"http:\/\/www.faq-arquitectura.com\/wp-content\/uploads\/2017\/02\/LOGO-FAQ-2017.png","contentUrl":"http:\/\/www.faq-arquitectura.com\/wp-content\/uploads\/2017\/02\/LOGO-FAQ-2017.png","width":875,"height":246,"caption":"FAQ arquitectura"},"image":{"@id":"https:\/\/www.faq-arquitectura.com\/#\/schema\/logo\/image\/"},"sameAs":["https:\/\/www.facebook.com\/FAQarquitectura\/","https:\/\/x.com\/FAQarquitectura","https:\/\/www.instagram.com\/faqarquitectura\/","https:\/\/www.linkedin.com\/company\/faq-arquitectura","https:\/\/es.pinterest.com\/faqarquitectura\/"]},{"@type":"Person","@id":"https:\/\/www.faq-arquitectura.com\/#\/schema\/person\/cd6aa407b3379cabf347d5d886448860","name":"FAQarquitectura","image":{"@type":"ImageObject","inLanguage":"es","@id":"https:\/\/www.faq-arquitectura.com\/#\/schema\/person\/image\/","url":"https:\/\/secure.gravatar.com\/avatar\/71517ce7f24f89166314c7a1ebcbc2c0?s=96&d=mm&r=g","contentUrl":"https:\/\/secure.gravatar.com\/avatar\/71517ce7f24f89166314c7a1ebcbc2c0?s=96&d=mm&r=g","caption":"FAQarquitectura"},"url":"https:\/\/www.faq-arquitectura.com\/index.php\/author\/faq2016\/"}]}},"_links":{"self":[{"href":"https:\/\/www.faq-arquitectura.com\/index.php\/wp-json\/wp\/v2\/posts\/1039"}],"collection":[{"href":"https:\/\/www.faq-arquitectura.com\/index.php\/wp-json\/wp\/v2\/posts"}],"about":[{"href":"https:\/\/www.faq-arquitectura.com\/index.php\/wp-json\/wp\/v2\/types\/post"}],"author":[{"embeddable":true,"href":"https:\/\/www.faq-arquitectura.com\/index.php\/wp-json\/wp\/v2\/users\/1"}],"replies":[{"embeddable":true,"href":"https:\/\/www.faq-arquitectura.com\/index.php\/wp-json\/wp\/v2\/comments?post=1039"}],"version-history":[{"count":1,"href":"https:\/\/www.faq-arquitectura.com\/index.php\/wp-json\/wp\/v2\/posts\/1039\/revisions"}],"predecessor-version":[{"id":1536,"href":"https:\/\/www.faq-arquitectura.com\/index.php\/wp-json\/wp\/v2\/posts\/1039\/revisions\/1536"}],"wp:featuredmedia":[{"embeddable":true,"href":"https:\/\/www.faq-arquitectura.com\/index.php\/wp-json\/wp\/v2\/media\/1517"}],"wp:attachment":[{"href":"https:\/\/www.faq-arquitectura.com\/index.php\/wp-json\/wp\/v2\/media?parent=1039"}],"wp:term":[{"taxonomy":"category","embeddable":true,"href":"https:\/\/www.faq-arquitectura.com\/index.php\/wp-json\/wp\/v2\/categories?post=1039"},{"taxonomy":"post_tag","embeddable":true,"href":"https:\/\/www.faq-arquitectura.com\/index.php\/wp-json\/wp\/v2\/tags?post=1039"}],"curies":[{"name":"wp","href":"https:\/\/api.w.org\/{rel}","templated":true}]}}