{"id":1034,"date":"2011-05-26T15:59:00","date_gmt":"2011-05-26T15:59:00","guid":{"rendered":"http:\/\/www.faq-arquitectura.com\/index.php\/2011\/05\/26\/3jostudio-diseno-para-futuro-loca\/"},"modified":"2016-09-21T17:47:34","modified_gmt":"2016-09-21T17:47:34","slug":"3jostudio-diseno-para-futuro-loca","status":"publish","type":"post","link":"https:\/\/www.faq-arquitectura.com\/index.php\/2011\/05\/26\/3jostudio-diseno-para-futuro-loca\/","title":{"rendered":"3JOSTUDIO: Dise\u00f1o para futuro local comercial en Sevilla."},"content":{"rendered":"<div style=\"color: #191919; font-family: Trebuchet, 'Trebuchet MS', Arial, sans-serif; font-size: 12px; line-height: 19px;\">3JOSTUDIO: Dise\u00f1o para futuro local comercial en Sevilla.<\/div>\n<div style=\"color: #191919; font-family: Trebuchet, 'Trebuchet MS', Arial, sans-serif; font-size: 12px; line-height: 19px;\">Colaboraci\u00f3n para ICJ. Equipamiento y arquitectura comercial.<\/div>\n<div style=\"color: #191919; font-family: Trebuchet, 'Trebuchet MS', Arial, sans-serif; font-size: 12px; line-height: 19px;\">\n<\/div>\n<div style=\"color: #191919; font-family: Trebuchet, 'Trebuchet MS', Arial, sans-serif; font-size: 12px; line-height: 19px;\">\n<div class=\"separator\" style=\"clear: both; text-align: center;\"><a href=\"http:\/\/2.bp.blogspot.com\/-C_j_y_2iJss\/Te5v6c6_geI\/AAAAAAAAC8Q\/eJDr2P6n9K4\/s1600\/001.jpg\" imageanchor=\"1\" style=\"margin-left: 1em; margin-right: 1em;\"><img loading=\"lazy\" decoding=\"async\" border=\"0\" height=\"215\" src=\"https:\/\/www.faq-arquitectura.com\/wp-content\/uploads\/2011\/05\/001.jpg\" width=\"320\" \/><\/a><\/div>\n<p>\n<\/div>\n<p><a href=\"http:\/\/3jo-studio.blogspot.com\/2011\/05\/diseno-para-futuro-local-comercial-en.html\">http:\/\/3jo-studio.blogspot.com\/2011\/05\/diseno-para-futuro-local-comercial-en.html<\/a><\/p>\n","protected":false},"excerpt":{"rendered":"<p>3JOSTUDIO: Dise\u00f1o para futuro local comercial en Sevilla. Colaboraci\u00f3n para ICJ. Equipamiento y arquitectura comercial. http:\/\/3jo-studio.blogspot.com\/2011\/05\/diseno-para-futuro-local-comercial-en.html<\/p>\n","protected":false},"author":1,"featured_media":1506,"comment_status":"closed","ping_status":"closed","sticky":false,"template":"","format":"standard","meta":{"footnotes":""},"categories":[1],"tags":[6,7,9,10],"class_list":["post-1034","post","type-post","status-publish","format-standard","has-post-thumbnail","hentry","category-sin-categoria","tag-arquitecto","tag-colaboradores","tag-obra","tag-proyecto"],"yoast_head":"<!-- This site is optimized with the Yoast SEO plugin v23.5 - https:\/\/yoast.com\/wordpress\/plugins\/seo\/ -->\n<title>3JOSTUDIO: Dise\u00f1o para futuro local comercial en Sevilla. - FAQ arquitectura<\/title>\n<meta name=\"robots\" content=\"index, follow, max-snippet:-1, max-image-preview:large, max-video-preview:-1\" \/>\n<link rel=\"canonical\" href=\"https:\/\/www.faq-arquitectura.com\/index.php\/2011\/05\/26\/3jostudio-diseno-para-futuro-loca\/\" \/>\n<meta property=\"og:locale\" content=\"es_ES\" \/>\n<meta property=\"og:type\" content=\"article\" \/>\n<meta property=\"og:title\" content=\"3JOSTUDIO: Dise\u00f1o para futuro local comercial en Sevilla. - FAQ arquitectura\" \/>\n<meta property=\"og:description\" content=\"3JOSTUDIO: Dise\u00f1o para futuro local comercial en Sevilla. Colaboraci\u00f3n para ICJ. Equipamiento y arquitectura comercial. http:\/\/3jo-studio.blogspot.com\/2011\/05\/diseno-para-futuro-local-comercial-en.html\" \/>\n<meta property=\"og:url\" content=\"https:\/\/www.faq-arquitectura.com\/index.php\/2011\/05\/26\/3jostudio-diseno-para-futuro-loca\/\" \/>\n<meta property=\"og:site_name\" content=\"FAQ arquitectura\" \/>\n<meta property=\"article:publisher\" content=\"https:\/\/www.facebook.com\/FAQarquitectura\/\" \/>\n<meta property=\"article:published_time\" content=\"2011-05-26T15:59:00+00:00\" \/>\n<meta property=\"article:modified_time\" content=\"2016-09-21T17:47:34+00:00\" \/>\n<meta property=\"og:image\" content=\"https:\/\/www.faq-arquitectura.com\/wp-content\/uploads\/2011\/05\/001.jpg\" \/>\n\t<meta property=\"og:image:width\" content=\"320\" \/>\n\t<meta property=\"og:image:height\" content=\"216\" \/>\n\t<meta property=\"og:image:type\" content=\"image\/jpeg\" \/>\n<meta name=\"author\" content=\"FAQarquitectura\" \/>\n<meta name=\"twitter:card\" content=\"summary_large_image\" \/>\n<meta name=\"twitter:creator\" content=\"@FAQarquitectura\" \/>\n<meta name=\"twitter:site\" content=\"@FAQarquitectura\" \/>\n<meta name=\"twitter:label1\" content=\"Escrito por\" \/>\n\t<meta name=\"twitter:data1\" content=\"FAQarquitectura\" \/>\n<script type=\"application\/ld+json\" class=\"yoast-schema-graph\">{\"@context\":\"https:\/\/schema.org\",\"@graph\":[{\"@type\":\"Article\",\"@id\":\"https:\/\/www.faq-arquitectura.com\/index.php\/2011\/05\/26\/3jostudio-diseno-para-futuro-loca\/#article\",\"isPartOf\":{\"@id\":\"https:\/\/www.faq-arquitectura.com\/index.php\/2011\/05\/26\/3jostudio-diseno-para-futuro-loca\/\"},\"author\":{\"name\":\"FAQarquitectura\",\"@id\":\"https:\/\/www.faq-arquitectura.com\/#\/schema\/person\/cd6aa407b3379cabf347d5d886448860\"},\"headline\":\"3JOSTUDIO: Dise\u00f1o para futuro local comercial en Sevilla.\",\"datePublished\":\"2011-05-26T15:59:00+00:00\",\"dateModified\":\"2016-09-21T17:47:34+00:00\",\"mainEntityOfPage\":{\"@id\":\"https:\/\/www.faq-arquitectura.com\/index.php\/2011\/05\/26\/3jostudio-diseno-para-futuro-loca\/\"},\"wordCount\":32,\"publisher\":{\"@id\":\"https:\/\/www.faq-arquitectura.com\/#organization\"},\"image\":{\"@id\":\"https:\/\/www.faq-arquitectura.com\/index.php\/2011\/05\/26\/3jostudio-diseno-para-futuro-loca\/#primaryimage\"},\"thumbnailUrl\":\"https:\/\/www.faq-arquitectura.com\/wp-content\/uploads\/2011\/05\/001.jpg\",\"keywords\":[\"Arquitecto\",\"Colaboradores\",\"Obra\",\"Proyecto\"],\"inLanguage\":\"es\"},{\"@type\":\"WebPage\",\"@id\":\"https:\/\/www.faq-arquitectura.com\/index.php\/2011\/05\/26\/3jostudio-diseno-para-futuro-loca\/\",\"url\":\"https:\/\/www.faq-arquitectura.com\/index.php\/2011\/05\/26\/3jostudio-diseno-para-futuro-loca\/\",\"name\":\"3JOSTUDIO: Dise\u00f1o para futuro local comercial en Sevilla. - FAQ arquitectura\",\"isPartOf\":{\"@id\":\"https:\/\/www.faq-arquitectura.com\/#website\"},\"primaryImageOfPage\":{\"@id\":\"https:\/\/www.faq-arquitectura.com\/index.php\/2011\/05\/26\/3jostudio-diseno-para-futuro-loca\/#primaryimage\"},\"image\":{\"@id\":\"https:\/\/www.faq-arquitectura.com\/index.php\/2011\/05\/26\/3jostudio-diseno-para-futuro-loca\/#primaryimage\"},\"thumbnailUrl\":\"https:\/\/www.faq-arquitectura.com\/wp-content\/uploads\/2011\/05\/001.jpg\",\"datePublished\":\"2011-05-26T15:59:00+00:00\",\"dateModified\":\"2016-09-21T17:47:34+00:00\",\"breadcrumb\":{\"@id\":\"https:\/\/www.faq-arquitectura.com\/index.php\/2011\/05\/26\/3jostudio-diseno-para-futuro-loca\/#breadcrumb\"},\"inLanguage\":\"es\",\"potentialAction\":[{\"@type\":\"ReadAction\",\"target\":[\"https:\/\/www.faq-arquitectura.com\/index.php\/2011\/05\/26\/3jostudio-diseno-para-futuro-loca\/\"]}]},{\"@type\":\"ImageObject\",\"inLanguage\":\"es\",\"@id\":\"https:\/\/www.faq-arquitectura.com\/index.php\/2011\/05\/26\/3jostudio-diseno-para-futuro-loca\/#primaryimage\",\"url\":\"https:\/\/www.faq-arquitectura.com\/wp-content\/uploads\/2011\/05\/001.jpg\",\"contentUrl\":\"https:\/\/www.faq-arquitectura.com\/wp-content\/uploads\/2011\/05\/001.jpg\",\"width\":320,\"height\":216},{\"@type\":\"BreadcrumbList\",\"@id\":\"https:\/\/www.faq-arquitectura.com\/index.php\/2011\/05\/26\/3jostudio-diseno-para-futuro-loca\/#breadcrumb\",\"itemListElement\":[{\"@type\":\"ListItem\",\"position\":1,\"name\":\"Portada\",\"item\":\"https:\/\/www.faq-arquitectura.com\/\"},{\"@type\":\"ListItem\",\"position\":2,\"name\":\"3JOSTUDIO: Dise\u00f1o para futuro local comercial en Sevilla.\"}]},{\"@type\":\"WebSite\",\"@id\":\"https:\/\/www.faq-arquitectura.com\/#website\",\"url\":\"https:\/\/www.faq-arquitectura.com\/\",\"name\":\"FAQ arquitectura\",\"description\":\"Estudio de arquitectura\",\"publisher\":{\"@id\":\"https:\/\/www.faq-arquitectura.com\/#organization\"},\"potentialAction\":[{\"@type\":\"SearchAction\",\"target\":{\"@type\":\"EntryPoint\",\"urlTemplate\":\"https:\/\/www.faq-arquitectura.com\/?s={search_term_string}\"},\"query-input\":{\"@type\":\"PropertyValueSpecification\",\"valueRequired\":true,\"valueName\":\"search_term_string\"}}],\"inLanguage\":\"es\"},{\"@type\":\"Organization\",\"@id\":\"https:\/\/www.faq-arquitectura.com\/#organization\",\"name\":\"FAQ arquitectura\",\"url\":\"https:\/\/www.faq-arquitectura.com\/\",\"logo\":{\"@type\":\"ImageObject\",\"inLanguage\":\"es\",\"@id\":\"https:\/\/www.faq-arquitectura.com\/#\/schema\/logo\/image\/\",\"url\":\"http:\/\/www.faq-arquitectura.com\/wp-content\/uploads\/2017\/02\/LOGO-FAQ-2017.png\",\"contentUrl\":\"http:\/\/www.faq-arquitectura.com\/wp-content\/uploads\/2017\/02\/LOGO-FAQ-2017.png\",\"width\":875,\"height\":246,\"caption\":\"FAQ arquitectura\"},\"image\":{\"@id\":\"https:\/\/www.faq-arquitectura.com\/#\/schema\/logo\/image\/\"},\"sameAs\":[\"https:\/\/www.facebook.com\/FAQarquitectura\/\",\"https:\/\/x.com\/FAQarquitectura\",\"https:\/\/www.instagram.com\/faqarquitectura\/\",\"https:\/\/www.linkedin.com\/company\/faq-arquitectura\",\"https:\/\/es.pinterest.com\/faqarquitectura\/\"]},{\"@type\":\"Person\",\"@id\":\"https:\/\/www.faq-arquitectura.com\/#\/schema\/person\/cd6aa407b3379cabf347d5d886448860\",\"name\":\"FAQarquitectura\",\"image\":{\"@type\":\"ImageObject\",\"inLanguage\":\"es\",\"@id\":\"https:\/\/www.faq-arquitectura.com\/#\/schema\/person\/image\/\",\"url\":\"https:\/\/secure.gravatar.com\/avatar\/71517ce7f24f89166314c7a1ebcbc2c0?s=96&d=mm&r=g\",\"contentUrl\":\"https:\/\/secure.gravatar.com\/avatar\/71517ce7f24f89166314c7a1ebcbc2c0?s=96&d=mm&r=g\",\"caption\":\"FAQarquitectura\"},\"url\":\"https:\/\/www.faq-arquitectura.com\/index.php\/author\/faq2016\/\"}]}<\/script>\n<!-- \/ Yoast SEO plugin. -->","yoast_head_json":{"title":"3JOSTUDIO: Dise\u00f1o para futuro local comercial en Sevilla. - FAQ arquitectura","robots":{"index":"index","follow":"follow","max-snippet":"max-snippet:-1","max-image-preview":"max-image-preview:large","max-video-preview":"max-video-preview:-1"},"canonical":"https:\/\/www.faq-arquitectura.com\/index.php\/2011\/05\/26\/3jostudio-diseno-para-futuro-loca\/","og_locale":"es_ES","og_type":"article","og_title":"3JOSTUDIO: Dise\u00f1o para futuro local comercial en Sevilla. - FAQ arquitectura","og_description":"3JOSTUDIO: Dise\u00f1o para futuro local comercial en Sevilla. Colaboraci\u00f3n para ICJ. Equipamiento y arquitectura comercial. http:\/\/3jo-studio.blogspot.com\/2011\/05\/diseno-para-futuro-local-comercial-en.html","og_url":"https:\/\/www.faq-arquitectura.com\/index.php\/2011\/05\/26\/3jostudio-diseno-para-futuro-loca\/","og_site_name":"FAQ arquitectura","article_publisher":"https:\/\/www.facebook.com\/FAQarquitectura\/","article_published_time":"2011-05-26T15:59:00+00:00","article_modified_time":"2016-09-21T17:47:34+00:00","og_image":[{"width":320,"height":216,"url":"https:\/\/www.faq-arquitectura.com\/wp-content\/uploads\/2011\/05\/001.jpg","type":"image\/jpeg"}],"author":"FAQarquitectura","twitter_card":"summary_large_image","twitter_creator":"@FAQarquitectura","twitter_site":"@FAQarquitectura","twitter_misc":{"Escrito por":"FAQarquitectura"},"schema":{"@context":"https:\/\/schema.org","@graph":[{"@type":"Article","@id":"https:\/\/www.faq-arquitectura.com\/index.php\/2011\/05\/26\/3jostudio-diseno-para-futuro-loca\/#article","isPartOf":{"@id":"https:\/\/www.faq-arquitectura.com\/index.php\/2011\/05\/26\/3jostudio-diseno-para-futuro-loca\/"},"author":{"name":"FAQarquitectura","@id":"https:\/\/www.faq-arquitectura.com\/#\/schema\/person\/cd6aa407b3379cabf347d5d886448860"},"headline":"3JOSTUDIO: Dise\u00f1o para futuro local comercial en Sevilla.","datePublished":"2011-05-26T15:59:00+00:00","dateModified":"2016-09-21T17:47:34+00:00","mainEntityOfPage":{"@id":"https:\/\/www.faq-arquitectura.com\/index.php\/2011\/05\/26\/3jostudio-diseno-para-futuro-loca\/"},"wordCount":32,"publisher":{"@id":"https:\/\/www.faq-arquitectura.com\/#organization"},"image":{"@id":"https:\/\/www.faq-arquitectura.com\/index.php\/2011\/05\/26\/3jostudio-diseno-para-futuro-loca\/#primaryimage"},"thumbnailUrl":"https:\/\/www.faq-arquitectura.com\/wp-content\/uploads\/2011\/05\/001.jpg","keywords":["Arquitecto","Colaboradores","Obra","Proyecto"],"inLanguage":"es"},{"@type":"WebPage","@id":"https:\/\/www.faq-arquitectura.com\/index.php\/2011\/05\/26\/3jostudio-diseno-para-futuro-loca\/","url":"https:\/\/www.faq-arquitectura.com\/index.php\/2011\/05\/26\/3jostudio-diseno-para-futuro-loca\/","name":"3JOSTUDIO: Dise\u00f1o para futuro local comercial en Sevilla. - FAQ arquitectura","isPartOf":{"@id":"https:\/\/www.faq-arquitectura.com\/#website"},"primaryImageOfPage":{"@id":"https:\/\/www.faq-arquitectura.com\/index.php\/2011\/05\/26\/3jostudio-diseno-para-futuro-loca\/#primaryimage"},"image":{"@id":"https:\/\/www.faq-arquitectura.com\/index.php\/2011\/05\/26\/3jostudio-diseno-para-futuro-loca\/#primaryimage"},"thumbnailUrl":"https:\/\/www.faq-arquitectura.com\/wp-content\/uploads\/2011\/05\/001.jpg","datePublished":"2011-05-26T15:59:00+00:00","dateModified":"2016-09-21T17:47:34+00:00","breadcrumb":{"@id":"https:\/\/www.faq-arquitectura.com\/index.php\/2011\/05\/26\/3jostudio-diseno-para-futuro-loca\/#breadcrumb"},"inLanguage":"es","potentialAction":[{"@type":"ReadAction","target":["https:\/\/www.faq-arquitectura.com\/index.php\/2011\/05\/26\/3jostudio-diseno-para-futuro-loca\/"]}]},{"@type":"ImageObject","inLanguage":"es","@id":"https:\/\/www.faq-arquitectura.com\/index.php\/2011\/05\/26\/3jostudio-diseno-para-futuro-loca\/#primaryimage","url":"https:\/\/www.faq-arquitectura.com\/wp-content\/uploads\/2011\/05\/001.jpg","contentUrl":"https:\/\/www.faq-arquitectura.com\/wp-content\/uploads\/2011\/05\/001.jpg","width":320,"height":216},{"@type":"BreadcrumbList","@id":"https:\/\/www.faq-arquitectura.com\/index.php\/2011\/05\/26\/3jostudio-diseno-para-futuro-loca\/#breadcrumb","itemListElement":[{"@type":"ListItem","position":1,"name":"Portada","item":"https:\/\/www.faq-arquitectura.com\/"},{"@type":"ListItem","position":2,"name":"3JOSTUDIO: Dise\u00f1o para futuro local comercial en Sevilla."}]},{"@type":"WebSite","@id":"https:\/\/www.faq-arquitectura.com\/#website","url":"https:\/\/www.faq-arquitectura.com\/","name":"FAQ arquitectura","description":"Estudio de arquitectura","publisher":{"@id":"https:\/\/www.faq-arquitectura.com\/#organization"},"potentialAction":[{"@type":"SearchAction","target":{"@type":"EntryPoint","urlTemplate":"https:\/\/www.faq-arquitectura.com\/?s={search_term_string}"},"query-input":{"@type":"PropertyValueSpecification","valueRequired":true,"valueName":"search_term_string"}}],"inLanguage":"es"},{"@type":"Organization","@id":"https:\/\/www.faq-arquitectura.com\/#organization","name":"FAQ arquitectura","url":"https:\/\/www.faq-arquitectura.com\/","logo":{"@type":"ImageObject","inLanguage":"es","@id":"https:\/\/www.faq-arquitectura.com\/#\/schema\/logo\/image\/","url":"http:\/\/www.faq-arquitectura.com\/wp-content\/uploads\/2017\/02\/LOGO-FAQ-2017.png","contentUrl":"http:\/\/www.faq-arquitectura.com\/wp-content\/uploads\/2017\/02\/LOGO-FAQ-2017.png","width":875,"height":246,"caption":"FAQ arquitectura"},"image":{"@id":"https:\/\/www.faq-arquitectura.com\/#\/schema\/logo\/image\/"},"sameAs":["https:\/\/www.facebook.com\/FAQarquitectura\/","https:\/\/x.com\/FAQarquitectura","https:\/\/www.instagram.com\/faqarquitectura\/","https:\/\/www.linkedin.com\/company\/faq-arquitectura","https:\/\/es.pinterest.com\/faqarquitectura\/"]},{"@type":"Person","@id":"https:\/\/www.faq-arquitectura.com\/#\/schema\/person\/cd6aa407b3379cabf347d5d886448860","name":"FAQarquitectura","image":{"@type":"ImageObject","inLanguage":"es","@id":"https:\/\/www.faq-arquitectura.com\/#\/schema\/person\/image\/","url":"https:\/\/secure.gravatar.com\/avatar\/71517ce7f24f89166314c7a1ebcbc2c0?s=96&d=mm&r=g","contentUrl":"https:\/\/secure.gravatar.com\/avatar\/71517ce7f24f89166314c7a1ebcbc2c0?s=96&d=mm&r=g","caption":"FAQarquitectura"},"url":"https:\/\/www.faq-arquitectura.com\/index.php\/author\/faq2016\/"}]}},"_links":{"self":[{"href":"https:\/\/www.faq-arquitectura.com\/index.php\/wp-json\/wp\/v2\/posts\/1034"}],"collection":[{"href":"https:\/\/www.faq-arquitectura.com\/index.php\/wp-json\/wp\/v2\/posts"}],"about":[{"href":"https:\/\/www.faq-arquitectura.com\/index.php\/wp-json\/wp\/v2\/types\/post"}],"author":[{"embeddable":true,"href":"https:\/\/www.faq-arquitectura.com\/index.php\/wp-json\/wp\/v2\/users\/1"}],"replies":[{"embeddable":true,"href":"https:\/\/www.faq-arquitectura.com\/index.php\/wp-json\/wp\/v2\/comments?post=1034"}],"version-history":[{"count":1,"href":"https:\/\/www.faq-arquitectura.com\/index.php\/wp-json\/wp\/v2\/posts\/1034\/revisions"}],"predecessor-version":[{"id":1507,"href":"https:\/\/www.faq-arquitectura.com\/index.php\/wp-json\/wp\/v2\/posts\/1034\/revisions\/1507"}],"wp:featuredmedia":[{"embeddable":true,"href":"https:\/\/www.faq-arquitectura.com\/index.php\/wp-json\/wp\/v2\/media\/1506"}],"wp:attachment":[{"href":"https:\/\/www.faq-arquitectura.com\/index.php\/wp-json\/wp\/v2\/media?parent=1034"}],"wp:term":[{"taxonomy":"category","embeddable":true,"href":"https:\/\/www.faq-arquitectura.com\/index.php\/wp-json\/wp\/v2\/categories?post=1034"},{"taxonomy":"post_tag","embeddable":true,"href":"https:\/\/www.faq-arquitectura.com\/index.php\/wp-json\/wp\/v2\/tags?post=1034"}],"curies":[{"name":"wp","href":"https:\/\/api.w.org\/{rel}","templated":true}]}}