{"id":1031,"date":"2011-06-07T18:17:00","date_gmt":"2011-06-07T18:17:00","guid":{"rendered":"http:\/\/www.faq-arquitectura.com\/index.php\/2011\/06\/07\/comienzo-de-los-trabajos-de-la-casa\/"},"modified":"2016-09-21T17:47:33","modified_gmt":"2016-09-21T17:47:33","slug":"comienzo-de-los-trabajos-de-la-casa","status":"publish","type":"post","link":"https:\/\/www.faq-arquitectura.com\/index.php\/2011\/06\/07\/comienzo-de-los-trabajos-de-la-casa\/","title":{"rendered":"Comienzo de los trabajos de la Casa V\u00e1zquez"},"content":{"rendered":"<p>Han comenzado los trabajos de la Casa V\u00e1zquez<br \/>\nEdificio para tres viviendas y garaje en Sevilla.<br \/>\nArquitecto: V\u00edctor Garc\u00eda Trejo.<br \/>\n<a href=\"https:\/\/www.faq-arquitectura.com\/index.php\/2010\/12\/21\/edificio-para-tres-viviendas-y-garaje\/\">https:\/\/www.faq-arquitectura.com\/index.php\/2010\/12\/21\/edificio-para-tres-viviendas-y-garaje\/<\/a><\/p>\n","protected":false},"excerpt":{"rendered":"<p>Han comenzado los trabajos de la Casa V\u00e1zquez Edificio para tres viviendas y garaje en Sevilla. Arquitecto: V\u00edctor Garc\u00eda Trejo. https:\/\/www.faq-arquitectura.com\/index.php\/2010\/12\/21\/edificio-para-tres-viviendas-y-garaje\/<\/p>\n","protected":false},"author":1,"featured_media":0,"comment_status":"closed","ping_status":"closed","sticky":false,"template":"","format":"standard","meta":{"footnotes":""},"categories":[1],"tags":[6,9],"class_list":["post-1031","post","type-post","status-publish","format-standard","hentry","category-sin-categoria","tag-arquitecto","tag-obra"],"yoast_head":"<!-- This site is optimized with the Yoast SEO plugin v23.5 - https:\/\/yoast.com\/wordpress\/plugins\/seo\/ -->\n<title>Comienzo de los trabajos de la Casa V\u00e1zquez - FAQ arquitectura<\/title>\n<meta name=\"robots\" content=\"index, follow, max-snippet:-1, max-image-preview:large, max-video-preview:-1\" \/>\n<link rel=\"canonical\" href=\"https:\/\/www.faq-arquitectura.com\/index.php\/2011\/06\/07\/comienzo-de-los-trabajos-de-la-casa\/\" \/>\n<meta property=\"og:locale\" content=\"es_ES\" \/>\n<meta property=\"og:type\" content=\"article\" \/>\n<meta property=\"og:title\" content=\"Comienzo de los trabajos de la Casa V\u00e1zquez - FAQ arquitectura\" \/>\n<meta property=\"og:description\" content=\"Han comenzado los trabajos de la Casa V\u00e1zquez Edificio para tres viviendas y garaje en Sevilla. Arquitecto: V\u00edctor Garc\u00eda Trejo. https:\/\/www.faq-arquitectura.com\/index.php\/2010\/12\/21\/edificio-para-tres-viviendas-y-garaje\/\" \/>\n<meta property=\"og:url\" content=\"https:\/\/www.faq-arquitectura.com\/index.php\/2011\/06\/07\/comienzo-de-los-trabajos-de-la-casa\/\" \/>\n<meta property=\"og:site_name\" content=\"FAQ arquitectura\" \/>\n<meta property=\"article:publisher\" content=\"https:\/\/www.facebook.com\/FAQarquitectura\/\" \/>\n<meta property=\"article:published_time\" content=\"2011-06-07T18:17:00+00:00\" \/>\n<meta property=\"article:modified_time\" content=\"2016-09-21T17:47:33+00:00\" \/>\n<meta name=\"author\" content=\"FAQarquitectura\" \/>\n<meta name=\"twitter:card\" content=\"summary_large_image\" \/>\n<meta name=\"twitter:creator\" content=\"@FAQarquitectura\" \/>\n<meta name=\"twitter:site\" content=\"@FAQarquitectura\" \/>\n<meta name=\"twitter:label1\" content=\"Escrito por\" \/>\n\t<meta name=\"twitter:data1\" content=\"FAQarquitectura\" \/>\n<script type=\"application\/ld+json\" class=\"yoast-schema-graph\">{\"@context\":\"https:\/\/schema.org\",\"@graph\":[{\"@type\":\"Article\",\"@id\":\"https:\/\/www.faq-arquitectura.com\/index.php\/2011\/06\/07\/comienzo-de-los-trabajos-de-la-casa\/#article\",\"isPartOf\":{\"@id\":\"https:\/\/www.faq-arquitectura.com\/index.php\/2011\/06\/07\/comienzo-de-los-trabajos-de-la-casa\/\"},\"author\":{\"name\":\"FAQarquitectura\",\"@id\":\"https:\/\/www.faq-arquitectura.com\/#\/schema\/person\/cd6aa407b3379cabf347d5d886448860\"},\"headline\":\"Comienzo de los trabajos de la Casa V\u00e1zquez\",\"datePublished\":\"2011-06-07T18:17:00+00:00\",\"dateModified\":\"2016-09-21T17:47:33+00:00\",\"mainEntityOfPage\":{\"@id\":\"https:\/\/www.faq-arquitectura.com\/index.php\/2011\/06\/07\/comienzo-de-los-trabajos-de-la-casa\/\"},\"wordCount\":39,\"publisher\":{\"@id\":\"https:\/\/www.faq-arquitectura.com\/#organization\"},\"keywords\":[\"Arquitecto\",\"Obra\"],\"inLanguage\":\"es\"},{\"@type\":\"WebPage\",\"@id\":\"https:\/\/www.faq-arquitectura.com\/index.php\/2011\/06\/07\/comienzo-de-los-trabajos-de-la-casa\/\",\"url\":\"https:\/\/www.faq-arquitectura.com\/index.php\/2011\/06\/07\/comienzo-de-los-trabajos-de-la-casa\/\",\"name\":\"Comienzo de los trabajos de la Casa V\u00e1zquez - FAQ arquitectura\",\"isPartOf\":{\"@id\":\"https:\/\/www.faq-arquitectura.com\/#website\"},\"datePublished\":\"2011-06-07T18:17:00+00:00\",\"dateModified\":\"2016-09-21T17:47:33+00:00\",\"breadcrumb\":{\"@id\":\"https:\/\/www.faq-arquitectura.com\/index.php\/2011\/06\/07\/comienzo-de-los-trabajos-de-la-casa\/#breadcrumb\"},\"inLanguage\":\"es\",\"potentialAction\":[{\"@type\":\"ReadAction\",\"target\":[\"https:\/\/www.faq-arquitectura.com\/index.php\/2011\/06\/07\/comienzo-de-los-trabajos-de-la-casa\/\"]}]},{\"@type\":\"BreadcrumbList\",\"@id\":\"https:\/\/www.faq-arquitectura.com\/index.php\/2011\/06\/07\/comienzo-de-los-trabajos-de-la-casa\/#breadcrumb\",\"itemListElement\":[{\"@type\":\"ListItem\",\"position\":1,\"name\":\"Portada\",\"item\":\"https:\/\/www.faq-arquitectura.com\/\"},{\"@type\":\"ListItem\",\"position\":2,\"name\":\"Comienzo de los trabajos de la Casa V\u00e1zquez\"}]},{\"@type\":\"WebSite\",\"@id\":\"https:\/\/www.faq-arquitectura.com\/#website\",\"url\":\"https:\/\/www.faq-arquitectura.com\/\",\"name\":\"FAQ arquitectura\",\"description\":\"Estudio de arquitectura\",\"publisher\":{\"@id\":\"https:\/\/www.faq-arquitectura.com\/#organization\"},\"potentialAction\":[{\"@type\":\"SearchAction\",\"target\":{\"@type\":\"EntryPoint\",\"urlTemplate\":\"https:\/\/www.faq-arquitectura.com\/?s={search_term_string}\"},\"query-input\":{\"@type\":\"PropertyValueSpecification\",\"valueRequired\":true,\"valueName\":\"search_term_string\"}}],\"inLanguage\":\"es\"},{\"@type\":\"Organization\",\"@id\":\"https:\/\/www.faq-arquitectura.com\/#organization\",\"name\":\"FAQ arquitectura\",\"url\":\"https:\/\/www.faq-arquitectura.com\/\",\"logo\":{\"@type\":\"ImageObject\",\"inLanguage\":\"es\",\"@id\":\"https:\/\/www.faq-arquitectura.com\/#\/schema\/logo\/image\/\",\"url\":\"http:\/\/www.faq-arquitectura.com\/wp-content\/uploads\/2017\/02\/LOGO-FAQ-2017.png\",\"contentUrl\":\"http:\/\/www.faq-arquitectura.com\/wp-content\/uploads\/2017\/02\/LOGO-FAQ-2017.png\",\"width\":875,\"height\":246,\"caption\":\"FAQ arquitectura\"},\"image\":{\"@id\":\"https:\/\/www.faq-arquitectura.com\/#\/schema\/logo\/image\/\"},\"sameAs\":[\"https:\/\/www.facebook.com\/FAQarquitectura\/\",\"https:\/\/x.com\/FAQarquitectura\",\"https:\/\/www.instagram.com\/faqarquitectura\/\",\"https:\/\/www.linkedin.com\/company\/faq-arquitectura\",\"https:\/\/es.pinterest.com\/faqarquitectura\/\"]},{\"@type\":\"Person\",\"@id\":\"https:\/\/www.faq-arquitectura.com\/#\/schema\/person\/cd6aa407b3379cabf347d5d886448860\",\"name\":\"FAQarquitectura\",\"image\":{\"@type\":\"ImageObject\",\"inLanguage\":\"es\",\"@id\":\"https:\/\/www.faq-arquitectura.com\/#\/schema\/person\/image\/\",\"url\":\"https:\/\/secure.gravatar.com\/avatar\/71517ce7f24f89166314c7a1ebcbc2c0?s=96&d=mm&r=g\",\"contentUrl\":\"https:\/\/secure.gravatar.com\/avatar\/71517ce7f24f89166314c7a1ebcbc2c0?s=96&d=mm&r=g\",\"caption\":\"FAQarquitectura\"},\"url\":\"https:\/\/www.faq-arquitectura.com\/index.php\/author\/faq2016\/\"}]}<\/script>\n<!-- \/ Yoast SEO plugin. -->","yoast_head_json":{"title":"Comienzo de los trabajos de la Casa V\u00e1zquez - FAQ arquitectura","robots":{"index":"index","follow":"follow","max-snippet":"max-snippet:-1","max-image-preview":"max-image-preview:large","max-video-preview":"max-video-preview:-1"},"canonical":"https:\/\/www.faq-arquitectura.com\/index.php\/2011\/06\/07\/comienzo-de-los-trabajos-de-la-casa\/","og_locale":"es_ES","og_type":"article","og_title":"Comienzo de los trabajos de la Casa V\u00e1zquez - FAQ arquitectura","og_description":"Han comenzado los trabajos de la Casa V\u00e1zquez Edificio para tres viviendas y garaje en Sevilla. Arquitecto: V\u00edctor Garc\u00eda Trejo. https:\/\/www.faq-arquitectura.com\/index.php\/2010\/12\/21\/edificio-para-tres-viviendas-y-garaje\/","og_url":"https:\/\/www.faq-arquitectura.com\/index.php\/2011\/06\/07\/comienzo-de-los-trabajos-de-la-casa\/","og_site_name":"FAQ arquitectura","article_publisher":"https:\/\/www.facebook.com\/FAQarquitectura\/","article_published_time":"2011-06-07T18:17:00+00:00","article_modified_time":"2016-09-21T17:47:33+00:00","author":"FAQarquitectura","twitter_card":"summary_large_image","twitter_creator":"@FAQarquitectura","twitter_site":"@FAQarquitectura","twitter_misc":{"Escrito por":"FAQarquitectura"},"schema":{"@context":"https:\/\/schema.org","@graph":[{"@type":"Article","@id":"https:\/\/www.faq-arquitectura.com\/index.php\/2011\/06\/07\/comienzo-de-los-trabajos-de-la-casa\/#article","isPartOf":{"@id":"https:\/\/www.faq-arquitectura.com\/index.php\/2011\/06\/07\/comienzo-de-los-trabajos-de-la-casa\/"},"author":{"name":"FAQarquitectura","@id":"https:\/\/www.faq-arquitectura.com\/#\/schema\/person\/cd6aa407b3379cabf347d5d886448860"},"headline":"Comienzo de los trabajos de la Casa V\u00e1zquez","datePublished":"2011-06-07T18:17:00+00:00","dateModified":"2016-09-21T17:47:33+00:00","mainEntityOfPage":{"@id":"https:\/\/www.faq-arquitectura.com\/index.php\/2011\/06\/07\/comienzo-de-los-trabajos-de-la-casa\/"},"wordCount":39,"publisher":{"@id":"https:\/\/www.faq-arquitectura.com\/#organization"},"keywords":["Arquitecto","Obra"],"inLanguage":"es"},{"@type":"WebPage","@id":"https:\/\/www.faq-arquitectura.com\/index.php\/2011\/06\/07\/comienzo-de-los-trabajos-de-la-casa\/","url":"https:\/\/www.faq-arquitectura.com\/index.php\/2011\/06\/07\/comienzo-de-los-trabajos-de-la-casa\/","name":"Comienzo de los trabajos de la Casa V\u00e1zquez - FAQ arquitectura","isPartOf":{"@id":"https:\/\/www.faq-arquitectura.com\/#website"},"datePublished":"2011-06-07T18:17:00+00:00","dateModified":"2016-09-21T17:47:33+00:00","breadcrumb":{"@id":"https:\/\/www.faq-arquitectura.com\/index.php\/2011\/06\/07\/comienzo-de-los-trabajos-de-la-casa\/#breadcrumb"},"inLanguage":"es","potentialAction":[{"@type":"ReadAction","target":["https:\/\/www.faq-arquitectura.com\/index.php\/2011\/06\/07\/comienzo-de-los-trabajos-de-la-casa\/"]}]},{"@type":"BreadcrumbList","@id":"https:\/\/www.faq-arquitectura.com\/index.php\/2011\/06\/07\/comienzo-de-los-trabajos-de-la-casa\/#breadcrumb","itemListElement":[{"@type":"ListItem","position":1,"name":"Portada","item":"https:\/\/www.faq-arquitectura.com\/"},{"@type":"ListItem","position":2,"name":"Comienzo de los trabajos de la Casa V\u00e1zquez"}]},{"@type":"WebSite","@id":"https:\/\/www.faq-arquitectura.com\/#website","url":"https:\/\/www.faq-arquitectura.com\/","name":"FAQ arquitectura","description":"Estudio de arquitectura","publisher":{"@id":"https:\/\/www.faq-arquitectura.com\/#organization"},"potentialAction":[{"@type":"SearchAction","target":{"@type":"EntryPoint","urlTemplate":"https:\/\/www.faq-arquitectura.com\/?s={search_term_string}"},"query-input":{"@type":"PropertyValueSpecification","valueRequired":true,"valueName":"search_term_string"}}],"inLanguage":"es"},{"@type":"Organization","@id":"https:\/\/www.faq-arquitectura.com\/#organization","name":"FAQ arquitectura","url":"https:\/\/www.faq-arquitectura.com\/","logo":{"@type":"ImageObject","inLanguage":"es","@id":"https:\/\/www.faq-arquitectura.com\/#\/schema\/logo\/image\/","url":"http:\/\/www.faq-arquitectura.com\/wp-content\/uploads\/2017\/02\/LOGO-FAQ-2017.png","contentUrl":"http:\/\/www.faq-arquitectura.com\/wp-content\/uploads\/2017\/02\/LOGO-FAQ-2017.png","width":875,"height":246,"caption":"FAQ arquitectura"},"image":{"@id":"https:\/\/www.faq-arquitectura.com\/#\/schema\/logo\/image\/"},"sameAs":["https:\/\/www.facebook.com\/FAQarquitectura\/","https:\/\/x.com\/FAQarquitectura","https:\/\/www.instagram.com\/faqarquitectura\/","https:\/\/www.linkedin.com\/company\/faq-arquitectura","https:\/\/es.pinterest.com\/faqarquitectura\/"]},{"@type":"Person","@id":"https:\/\/www.faq-arquitectura.com\/#\/schema\/person\/cd6aa407b3379cabf347d5d886448860","name":"FAQarquitectura","image":{"@type":"ImageObject","inLanguage":"es","@id":"https:\/\/www.faq-arquitectura.com\/#\/schema\/person\/image\/","url":"https:\/\/secure.gravatar.com\/avatar\/71517ce7f24f89166314c7a1ebcbc2c0?s=96&d=mm&r=g","contentUrl":"https:\/\/secure.gravatar.com\/avatar\/71517ce7f24f89166314c7a1ebcbc2c0?s=96&d=mm&r=g","caption":"FAQarquitectura"},"url":"https:\/\/www.faq-arquitectura.com\/index.php\/author\/faq2016\/"}]}},"_links":{"self":[{"href":"https:\/\/www.faq-arquitectura.com\/index.php\/wp-json\/wp\/v2\/posts\/1031"}],"collection":[{"href":"https:\/\/www.faq-arquitectura.com\/index.php\/wp-json\/wp\/v2\/posts"}],"about":[{"href":"https:\/\/www.faq-arquitectura.com\/index.php\/wp-json\/wp\/v2\/types\/post"}],"author":[{"embeddable":true,"href":"https:\/\/www.faq-arquitectura.com\/index.php\/wp-json\/wp\/v2\/users\/1"}],"replies":[{"embeddable":true,"href":"https:\/\/www.faq-arquitectura.com\/index.php\/wp-json\/wp\/v2\/comments?post=1031"}],"version-history":[{"count":2,"href":"https:\/\/www.faq-arquitectura.com\/index.php\/wp-json\/wp\/v2\/posts\/1031\/revisions"}],"predecessor-version":[{"id":1657,"href":"https:\/\/www.faq-arquitectura.com\/index.php\/wp-json\/wp\/v2\/posts\/1031\/revisions\/1657"}],"wp:attachment":[{"href":"https:\/\/www.faq-arquitectura.com\/index.php\/wp-json\/wp\/v2\/media?parent=1031"}],"wp:term":[{"taxonomy":"category","embeddable":true,"href":"https:\/\/www.faq-arquitectura.com\/index.php\/wp-json\/wp\/v2\/categories?post=1031"},{"taxonomy":"post_tag","embeddable":true,"href":"https:\/\/www.faq-arquitectura.com\/index.php\/wp-json\/wp\/v2\/tags?post=1031"}],"curies":[{"name":"wp","href":"https:\/\/api.w.org\/{rel}","templated":true}]}}