{"id":1029,"date":"2011-06-16T18:15:00","date_gmt":"2011-06-16T18:15:00","guid":{"rendered":"http:\/\/www.faq-arquitectura.com\/index.php\/2011\/06\/16\/casa-miranda-vivienda-unifamiliar-en-3\/"},"modified":"2016-09-21T17:47:33","modified_gmt":"2016-09-21T17:47:33","slug":"casa-miranda-vivienda-unifamiliar-en-3","status":"publish","type":"post","link":"https:\/\/www.faq-arquitectura.com\/index.php\/2011\/06\/16\/casa-miranda-vivienda-unifamiliar-en-3\/","title":{"rendered":"Casa Miranda. Proyecto de Vivienda Unifamiliar en Alcal\u00e1 de Guada\u00edra. Sevilla."},"content":{"rendered":"<p>CASA MIRANDA. Vivienda Unifamiliar en Alcal\u00e1 de Guada\u00edra, Sevilla. (2011)<br \/>\nEn Proyecto.<br \/>\nArquitecto: V\u00edctor Garc\u00eda Trejo.<\/p>\n<div class=\"separator\" style=\"clear: both; text-align: center;\"><a href=\"http:\/\/4.bp.blogspot.com\/-X7HJABOenHo\/TfsVv__dyCI\/AAAAAAAAC9E\/O8ecTJVPYO4\/s1600\/CASA+MIRANDA+1.jpg\" imageanchor=\"1\" style=\"margin-left: 1em; margin-right: 1em;\"><img loading=\"lazy\" decoding=\"async\" border=\"0\" height=\"223\" src=\"https:\/\/www.faq-arquitectura.com\/wp-content\/uploads\/2011\/06\/CASA-MIRANDA-1.jpg\" width=\"400\" \/><\/a><\/div>\n<p><\/p>\n<div class=\"separator\" style=\"clear: both; text-align: center;\"><a href=\"http:\/\/4.bp.blogspot.com\/-B8JZloDcAe0\/TfsVxvlCbLI\/AAAAAAAAC9I\/IrrCt-jqOdw\/s1600\/CASA+MIRANDA+2.jpg\" imageanchor=\"1\" style=\"margin-left: 1em; margin-right: 1em;\"><img loading=\"lazy\" decoding=\"async\" border=\"0\" height=\"222\" src=\"https:\/\/www.faq-arquitectura.com\/wp-content\/uploads\/2011\/06\/CASA-MIRANDA-2.jpg\" width=\"400\" \/><\/a><\/div>\n<p><\/p>\n<div class=\"separator\" style=\"clear: both; text-align: center;\"><a href=\"http:\/\/2.bp.blogspot.com\/-depZ70lspo8\/TfsVy9itERI\/AAAAAAAAC9M\/77h_S_2-Lcg\/s1600\/CASA+MIRANDA+3.jpg\" imageanchor=\"1\" style=\"margin-left: 1em; margin-right: 1em;\"><img loading=\"lazy\" decoding=\"async\" border=\"0\" height=\"223\" src=\"https:\/\/www.faq-arquitectura.com\/wp-content\/uploads\/2011\/06\/CASA-MIRANDA-3.jpg\" width=\"400\" \/><\/a><\/div>\n<div class=\"separator\" style=\"clear: both; text-align: center;\">Im\u00e1genes: 3JOINFOGRAFIA<\/div>\n<div class=\"separator\" style=\"clear: both; text-align: center;\"><a href=\"http:\/\/www.3joinfografia.blogspot.com\/\">http:\/\/www.3joinfografia.blogspot.com<\/a><\/div>\n<div class=\"separator\" style=\"clear: both; text-align: center;\">\n<\/div>\n","protected":false},"excerpt":{"rendered":"<p>CASA MIRANDA. Vivienda Unifamiliar en Alcal\u00e1 de Guada\u00edra, Sevilla. (2011) En Proyecto. Arquitecto: V\u00edctor Garc\u00eda Trejo. Im\u00e1genes: 3JOINFOGRAFIA http:\/\/www.3joinfografia.blogspot.com<\/p>\n","protected":false},"author":1,"featured_media":1493,"comment_status":"closed","ping_status":"closed","sticky":false,"template":"","format":"standard","meta":{"footnotes":""},"categories":[1],"tags":[6,7,10],"class_list":["post-1029","post","type-post","status-publish","format-standard","has-post-thumbnail","hentry","category-sin-categoria","tag-arquitecto","tag-colaboradores","tag-proyecto"],"yoast_head":"<!-- This site is optimized with the Yoast SEO plugin v23.5 - https:\/\/yoast.com\/wordpress\/plugins\/seo\/ -->\n<title>Casa Miranda. Proyecto de Vivienda Unifamiliar en Alcal\u00e1 de Guada\u00edra. Sevilla. - FAQ arquitectura<\/title>\n<meta name=\"robots\" content=\"index, follow, max-snippet:-1, max-image-preview:large, max-video-preview:-1\" \/>\n<link rel=\"canonical\" href=\"https:\/\/www.faq-arquitectura.com\/index.php\/2011\/06\/16\/casa-miranda-vivienda-unifamiliar-en-3\/\" \/>\n<meta property=\"og:locale\" content=\"es_ES\" \/>\n<meta property=\"og:type\" content=\"article\" \/>\n<meta property=\"og:title\" content=\"Casa Miranda. Proyecto de Vivienda Unifamiliar en Alcal\u00e1 de Guada\u00edra. Sevilla. - FAQ arquitectura\" \/>\n<meta property=\"og:description\" content=\"CASA MIRANDA. Vivienda Unifamiliar en Alcal\u00e1 de Guada\u00edra, Sevilla. (2011) En Proyecto. Arquitecto: V\u00edctor Garc\u00eda Trejo. Im\u00e1genes: 3JOINFOGRAFIA http:\/\/www.3joinfografia.blogspot.com\" \/>\n<meta property=\"og:url\" content=\"https:\/\/www.faq-arquitectura.com\/index.php\/2011\/06\/16\/casa-miranda-vivienda-unifamiliar-en-3\/\" \/>\n<meta property=\"og:site_name\" content=\"FAQ arquitectura\" \/>\n<meta property=\"article:publisher\" content=\"https:\/\/www.facebook.com\/FAQarquitectura\/\" \/>\n<meta property=\"article:published_time\" content=\"2011-06-16T18:15:00+00:00\" \/>\n<meta property=\"article:modified_time\" content=\"2016-09-21T17:47:33+00:00\" \/>\n<meta property=\"og:image\" content=\"https:\/\/www.faq-arquitectura.com\/wp-content\/uploads\/2011\/06\/CASA-MIRANDA-1.jpg\" \/>\n\t<meta property=\"og:image:width\" content=\"400\" \/>\n\t<meta property=\"og:image:height\" content=\"225\" \/>\n\t<meta property=\"og:image:type\" content=\"image\/jpeg\" \/>\n<meta name=\"author\" content=\"FAQarquitectura\" \/>\n<meta name=\"twitter:card\" content=\"summary_large_image\" \/>\n<meta name=\"twitter:creator\" content=\"@FAQarquitectura\" \/>\n<meta name=\"twitter:site\" content=\"@FAQarquitectura\" \/>\n<meta name=\"twitter:label1\" content=\"Escrito por\" \/>\n\t<meta name=\"twitter:data1\" content=\"FAQarquitectura\" \/>\n<script type=\"application\/ld+json\" class=\"yoast-schema-graph\">{\"@context\":\"https:\/\/schema.org\",\"@graph\":[{\"@type\":\"Article\",\"@id\":\"https:\/\/www.faq-arquitectura.com\/index.php\/2011\/06\/16\/casa-miranda-vivienda-unifamiliar-en-3\/#article\",\"isPartOf\":{\"@id\":\"https:\/\/www.faq-arquitectura.com\/index.php\/2011\/06\/16\/casa-miranda-vivienda-unifamiliar-en-3\/\"},\"author\":{\"name\":\"FAQarquitectura\",\"@id\":\"https:\/\/www.faq-arquitectura.com\/#\/schema\/person\/cd6aa407b3379cabf347d5d886448860\"},\"headline\":\"Casa Miranda. Proyecto de Vivienda Unifamiliar en Alcal\u00e1 de Guada\u00edra. Sevilla.\",\"datePublished\":\"2011-06-16T18:15:00+00:00\",\"dateModified\":\"2016-09-21T17:47:33+00:00\",\"mainEntityOfPage\":{\"@id\":\"https:\/\/www.faq-arquitectura.com\/index.php\/2011\/06\/16\/casa-miranda-vivienda-unifamiliar-en-3\/\"},\"wordCount\":38,\"publisher\":{\"@id\":\"https:\/\/www.faq-arquitectura.com\/#organization\"},\"image\":{\"@id\":\"https:\/\/www.faq-arquitectura.com\/index.php\/2011\/06\/16\/casa-miranda-vivienda-unifamiliar-en-3\/#primaryimage\"},\"thumbnailUrl\":\"https:\/\/www.faq-arquitectura.com\/wp-content\/uploads\/2011\/06\/CASA-MIRANDA-1.jpg\",\"keywords\":[\"Arquitecto\",\"Colaboradores\",\"Proyecto\"],\"inLanguage\":\"es\"},{\"@type\":\"WebPage\",\"@id\":\"https:\/\/www.faq-arquitectura.com\/index.php\/2011\/06\/16\/casa-miranda-vivienda-unifamiliar-en-3\/\",\"url\":\"https:\/\/www.faq-arquitectura.com\/index.php\/2011\/06\/16\/casa-miranda-vivienda-unifamiliar-en-3\/\",\"name\":\"Casa Miranda. Proyecto de Vivienda Unifamiliar en Alcal\u00e1 de Guada\u00edra. Sevilla. - FAQ arquitectura\",\"isPartOf\":{\"@id\":\"https:\/\/www.faq-arquitectura.com\/#website\"},\"primaryImageOfPage\":{\"@id\":\"https:\/\/www.faq-arquitectura.com\/index.php\/2011\/06\/16\/casa-miranda-vivienda-unifamiliar-en-3\/#primaryimage\"},\"image\":{\"@id\":\"https:\/\/www.faq-arquitectura.com\/index.php\/2011\/06\/16\/casa-miranda-vivienda-unifamiliar-en-3\/#primaryimage\"},\"thumbnailUrl\":\"https:\/\/www.faq-arquitectura.com\/wp-content\/uploads\/2011\/06\/CASA-MIRANDA-1.jpg\",\"datePublished\":\"2011-06-16T18:15:00+00:00\",\"dateModified\":\"2016-09-21T17:47:33+00:00\",\"breadcrumb\":{\"@id\":\"https:\/\/www.faq-arquitectura.com\/index.php\/2011\/06\/16\/casa-miranda-vivienda-unifamiliar-en-3\/#breadcrumb\"},\"inLanguage\":\"es\",\"potentialAction\":[{\"@type\":\"ReadAction\",\"target\":[\"https:\/\/www.faq-arquitectura.com\/index.php\/2011\/06\/16\/casa-miranda-vivienda-unifamiliar-en-3\/\"]}]},{\"@type\":\"ImageObject\",\"inLanguage\":\"es\",\"@id\":\"https:\/\/www.faq-arquitectura.com\/index.php\/2011\/06\/16\/casa-miranda-vivienda-unifamiliar-en-3\/#primaryimage\",\"url\":\"https:\/\/www.faq-arquitectura.com\/wp-content\/uploads\/2011\/06\/CASA-MIRANDA-1.jpg\",\"contentUrl\":\"https:\/\/www.faq-arquitectura.com\/wp-content\/uploads\/2011\/06\/CASA-MIRANDA-1.jpg\",\"width\":400,\"height\":225},{\"@type\":\"BreadcrumbList\",\"@id\":\"https:\/\/www.faq-arquitectura.com\/index.php\/2011\/06\/16\/casa-miranda-vivienda-unifamiliar-en-3\/#breadcrumb\",\"itemListElement\":[{\"@type\":\"ListItem\",\"position\":1,\"name\":\"Portada\",\"item\":\"https:\/\/www.faq-arquitectura.com\/\"},{\"@type\":\"ListItem\",\"position\":2,\"name\":\"Casa Miranda. Proyecto de Vivienda Unifamiliar en Alcal\u00e1 de Guada\u00edra. Sevilla.\"}]},{\"@type\":\"WebSite\",\"@id\":\"https:\/\/www.faq-arquitectura.com\/#website\",\"url\":\"https:\/\/www.faq-arquitectura.com\/\",\"name\":\"FAQ arquitectura\",\"description\":\"Estudio de arquitectura\",\"publisher\":{\"@id\":\"https:\/\/www.faq-arquitectura.com\/#organization\"},\"potentialAction\":[{\"@type\":\"SearchAction\",\"target\":{\"@type\":\"EntryPoint\",\"urlTemplate\":\"https:\/\/www.faq-arquitectura.com\/?s={search_term_string}\"},\"query-input\":{\"@type\":\"PropertyValueSpecification\",\"valueRequired\":true,\"valueName\":\"search_term_string\"}}],\"inLanguage\":\"es\"},{\"@type\":\"Organization\",\"@id\":\"https:\/\/www.faq-arquitectura.com\/#organization\",\"name\":\"FAQ arquitectura\",\"url\":\"https:\/\/www.faq-arquitectura.com\/\",\"logo\":{\"@type\":\"ImageObject\",\"inLanguage\":\"es\",\"@id\":\"https:\/\/www.faq-arquitectura.com\/#\/schema\/logo\/image\/\",\"url\":\"http:\/\/www.faq-arquitectura.com\/wp-content\/uploads\/2017\/02\/LOGO-FAQ-2017.png\",\"contentUrl\":\"http:\/\/www.faq-arquitectura.com\/wp-content\/uploads\/2017\/02\/LOGO-FAQ-2017.png\",\"width\":875,\"height\":246,\"caption\":\"FAQ arquitectura\"},\"image\":{\"@id\":\"https:\/\/www.faq-arquitectura.com\/#\/schema\/logo\/image\/\"},\"sameAs\":[\"https:\/\/www.facebook.com\/FAQarquitectura\/\",\"https:\/\/x.com\/FAQarquitectura\",\"https:\/\/www.instagram.com\/faqarquitectura\/\",\"https:\/\/www.linkedin.com\/company\/faq-arquitectura\",\"https:\/\/es.pinterest.com\/faqarquitectura\/\"]},{\"@type\":\"Person\",\"@id\":\"https:\/\/www.faq-arquitectura.com\/#\/schema\/person\/cd6aa407b3379cabf347d5d886448860\",\"name\":\"FAQarquitectura\",\"image\":{\"@type\":\"ImageObject\",\"inLanguage\":\"es\",\"@id\":\"https:\/\/www.faq-arquitectura.com\/#\/schema\/person\/image\/\",\"url\":\"https:\/\/secure.gravatar.com\/avatar\/71517ce7f24f89166314c7a1ebcbc2c0?s=96&d=mm&r=g\",\"contentUrl\":\"https:\/\/secure.gravatar.com\/avatar\/71517ce7f24f89166314c7a1ebcbc2c0?s=96&d=mm&r=g\",\"caption\":\"FAQarquitectura\"},\"url\":\"https:\/\/www.faq-arquitectura.com\/index.php\/author\/faq2016\/\"}]}<\/script>\n<!-- \/ Yoast SEO plugin. -->","yoast_head_json":{"title":"Casa Miranda. Proyecto de Vivienda Unifamiliar en Alcal\u00e1 de Guada\u00edra. Sevilla. - FAQ arquitectura","robots":{"index":"index","follow":"follow","max-snippet":"max-snippet:-1","max-image-preview":"max-image-preview:large","max-video-preview":"max-video-preview:-1"},"canonical":"https:\/\/www.faq-arquitectura.com\/index.php\/2011\/06\/16\/casa-miranda-vivienda-unifamiliar-en-3\/","og_locale":"es_ES","og_type":"article","og_title":"Casa Miranda. Proyecto de Vivienda Unifamiliar en Alcal\u00e1 de Guada\u00edra. Sevilla. - FAQ arquitectura","og_description":"CASA MIRANDA. Vivienda Unifamiliar en Alcal\u00e1 de Guada\u00edra, Sevilla. (2011) En Proyecto. Arquitecto: V\u00edctor Garc\u00eda Trejo. Im\u00e1genes: 3JOINFOGRAFIA http:\/\/www.3joinfografia.blogspot.com","og_url":"https:\/\/www.faq-arquitectura.com\/index.php\/2011\/06\/16\/casa-miranda-vivienda-unifamiliar-en-3\/","og_site_name":"FAQ arquitectura","article_publisher":"https:\/\/www.facebook.com\/FAQarquitectura\/","article_published_time":"2011-06-16T18:15:00+00:00","article_modified_time":"2016-09-21T17:47:33+00:00","og_image":[{"width":400,"height":225,"url":"https:\/\/www.faq-arquitectura.com\/wp-content\/uploads\/2011\/06\/CASA-MIRANDA-1.jpg","type":"image\/jpeg"}],"author":"FAQarquitectura","twitter_card":"summary_large_image","twitter_creator":"@FAQarquitectura","twitter_site":"@FAQarquitectura","twitter_misc":{"Escrito por":"FAQarquitectura"},"schema":{"@context":"https:\/\/schema.org","@graph":[{"@type":"Article","@id":"https:\/\/www.faq-arquitectura.com\/index.php\/2011\/06\/16\/casa-miranda-vivienda-unifamiliar-en-3\/#article","isPartOf":{"@id":"https:\/\/www.faq-arquitectura.com\/index.php\/2011\/06\/16\/casa-miranda-vivienda-unifamiliar-en-3\/"},"author":{"name":"FAQarquitectura","@id":"https:\/\/www.faq-arquitectura.com\/#\/schema\/person\/cd6aa407b3379cabf347d5d886448860"},"headline":"Casa Miranda. Proyecto de Vivienda Unifamiliar en Alcal\u00e1 de Guada\u00edra. Sevilla.","datePublished":"2011-06-16T18:15:00+00:00","dateModified":"2016-09-21T17:47:33+00:00","mainEntityOfPage":{"@id":"https:\/\/www.faq-arquitectura.com\/index.php\/2011\/06\/16\/casa-miranda-vivienda-unifamiliar-en-3\/"},"wordCount":38,"publisher":{"@id":"https:\/\/www.faq-arquitectura.com\/#organization"},"image":{"@id":"https:\/\/www.faq-arquitectura.com\/index.php\/2011\/06\/16\/casa-miranda-vivienda-unifamiliar-en-3\/#primaryimage"},"thumbnailUrl":"https:\/\/www.faq-arquitectura.com\/wp-content\/uploads\/2011\/06\/CASA-MIRANDA-1.jpg","keywords":["Arquitecto","Colaboradores","Proyecto"],"inLanguage":"es"},{"@type":"WebPage","@id":"https:\/\/www.faq-arquitectura.com\/index.php\/2011\/06\/16\/casa-miranda-vivienda-unifamiliar-en-3\/","url":"https:\/\/www.faq-arquitectura.com\/index.php\/2011\/06\/16\/casa-miranda-vivienda-unifamiliar-en-3\/","name":"Casa Miranda. Proyecto de Vivienda Unifamiliar en Alcal\u00e1 de Guada\u00edra. Sevilla. - FAQ arquitectura","isPartOf":{"@id":"https:\/\/www.faq-arquitectura.com\/#website"},"primaryImageOfPage":{"@id":"https:\/\/www.faq-arquitectura.com\/index.php\/2011\/06\/16\/casa-miranda-vivienda-unifamiliar-en-3\/#primaryimage"},"image":{"@id":"https:\/\/www.faq-arquitectura.com\/index.php\/2011\/06\/16\/casa-miranda-vivienda-unifamiliar-en-3\/#primaryimage"},"thumbnailUrl":"https:\/\/www.faq-arquitectura.com\/wp-content\/uploads\/2011\/06\/CASA-MIRANDA-1.jpg","datePublished":"2011-06-16T18:15:00+00:00","dateModified":"2016-09-21T17:47:33+00:00","breadcrumb":{"@id":"https:\/\/www.faq-arquitectura.com\/index.php\/2011\/06\/16\/casa-miranda-vivienda-unifamiliar-en-3\/#breadcrumb"},"inLanguage":"es","potentialAction":[{"@type":"ReadAction","target":["https:\/\/www.faq-arquitectura.com\/index.php\/2011\/06\/16\/casa-miranda-vivienda-unifamiliar-en-3\/"]}]},{"@type":"ImageObject","inLanguage":"es","@id":"https:\/\/www.faq-arquitectura.com\/index.php\/2011\/06\/16\/casa-miranda-vivienda-unifamiliar-en-3\/#primaryimage","url":"https:\/\/www.faq-arquitectura.com\/wp-content\/uploads\/2011\/06\/CASA-MIRANDA-1.jpg","contentUrl":"https:\/\/www.faq-arquitectura.com\/wp-content\/uploads\/2011\/06\/CASA-MIRANDA-1.jpg","width":400,"height":225},{"@type":"BreadcrumbList","@id":"https:\/\/www.faq-arquitectura.com\/index.php\/2011\/06\/16\/casa-miranda-vivienda-unifamiliar-en-3\/#breadcrumb","itemListElement":[{"@type":"ListItem","position":1,"name":"Portada","item":"https:\/\/www.faq-arquitectura.com\/"},{"@type":"ListItem","position":2,"name":"Casa Miranda. Proyecto de Vivienda Unifamiliar en Alcal\u00e1 de Guada\u00edra. Sevilla."}]},{"@type":"WebSite","@id":"https:\/\/www.faq-arquitectura.com\/#website","url":"https:\/\/www.faq-arquitectura.com\/","name":"FAQ arquitectura","description":"Estudio de arquitectura","publisher":{"@id":"https:\/\/www.faq-arquitectura.com\/#organization"},"potentialAction":[{"@type":"SearchAction","target":{"@type":"EntryPoint","urlTemplate":"https:\/\/www.faq-arquitectura.com\/?s={search_term_string}"},"query-input":{"@type":"PropertyValueSpecification","valueRequired":true,"valueName":"search_term_string"}}],"inLanguage":"es"},{"@type":"Organization","@id":"https:\/\/www.faq-arquitectura.com\/#organization","name":"FAQ arquitectura","url":"https:\/\/www.faq-arquitectura.com\/","logo":{"@type":"ImageObject","inLanguage":"es","@id":"https:\/\/www.faq-arquitectura.com\/#\/schema\/logo\/image\/","url":"http:\/\/www.faq-arquitectura.com\/wp-content\/uploads\/2017\/02\/LOGO-FAQ-2017.png","contentUrl":"http:\/\/www.faq-arquitectura.com\/wp-content\/uploads\/2017\/02\/LOGO-FAQ-2017.png","width":875,"height":246,"caption":"FAQ arquitectura"},"image":{"@id":"https:\/\/www.faq-arquitectura.com\/#\/schema\/logo\/image\/"},"sameAs":["https:\/\/www.facebook.com\/FAQarquitectura\/","https:\/\/x.com\/FAQarquitectura","https:\/\/www.instagram.com\/faqarquitectura\/","https:\/\/www.linkedin.com\/company\/faq-arquitectura","https:\/\/es.pinterest.com\/faqarquitectura\/"]},{"@type":"Person","@id":"https:\/\/www.faq-arquitectura.com\/#\/schema\/person\/cd6aa407b3379cabf347d5d886448860","name":"FAQarquitectura","image":{"@type":"ImageObject","inLanguage":"es","@id":"https:\/\/www.faq-arquitectura.com\/#\/schema\/person\/image\/","url":"https:\/\/secure.gravatar.com\/avatar\/71517ce7f24f89166314c7a1ebcbc2c0?s=96&d=mm&r=g","contentUrl":"https:\/\/secure.gravatar.com\/avatar\/71517ce7f24f89166314c7a1ebcbc2c0?s=96&d=mm&r=g","caption":"FAQarquitectura"},"url":"https:\/\/www.faq-arquitectura.com\/index.php\/author\/faq2016\/"}]}},"_links":{"self":[{"href":"https:\/\/www.faq-arquitectura.com\/index.php\/wp-json\/wp\/v2\/posts\/1029"}],"collection":[{"href":"https:\/\/www.faq-arquitectura.com\/index.php\/wp-json\/wp\/v2\/posts"}],"about":[{"href":"https:\/\/www.faq-arquitectura.com\/index.php\/wp-json\/wp\/v2\/types\/post"}],"author":[{"embeddable":true,"href":"https:\/\/www.faq-arquitectura.com\/index.php\/wp-json\/wp\/v2\/users\/1"}],"replies":[{"embeddable":true,"href":"https:\/\/www.faq-arquitectura.com\/index.php\/wp-json\/wp\/v2\/comments?post=1029"}],"version-history":[{"count":1,"href":"https:\/\/www.faq-arquitectura.com\/index.php\/wp-json\/wp\/v2\/posts\/1029\/revisions"}],"predecessor-version":[{"id":1496,"href":"https:\/\/www.faq-arquitectura.com\/index.php\/wp-json\/wp\/v2\/posts\/1029\/revisions\/1496"}],"wp:featuredmedia":[{"embeddable":true,"href":"https:\/\/www.faq-arquitectura.com\/index.php\/wp-json\/wp\/v2\/media\/1493"}],"wp:attachment":[{"href":"https:\/\/www.faq-arquitectura.com\/index.php\/wp-json\/wp\/v2\/media?parent=1029"}],"wp:term":[{"taxonomy":"category","embeddable":true,"href":"https:\/\/www.faq-arquitectura.com\/index.php\/wp-json\/wp\/v2\/categories?post=1029"},{"taxonomy":"post_tag","embeddable":true,"href":"https:\/\/www.faq-arquitectura.com\/index.php\/wp-json\/wp\/v2\/tags?post=1029"}],"curies":[{"name":"wp","href":"https:\/\/api.w.org\/{rel}","templated":true}]}}