{"id":1013,"date":"2012-01-18T12:59:00","date_gmt":"2012-01-18T12:59:00","guid":{"rendered":"http:\/\/www.faq-arquitectura.com\/index.php\/2012\/01\/18\/casa-vazquez-eleccion-de-colores-de\/"},"modified":"2016-09-21T17:47:31","modified_gmt":"2016-09-21T17:47:31","slug":"casa-vazquez-eleccion-de-colores-de","status":"publish","type":"post","link":"https:\/\/www.faq-arquitectura.com\/index.php\/2012\/01\/18\/casa-vazquez-eleccion-de-colores-de\/","title":{"rendered":"Casa V\u00e1zquez. Elecci\u00f3n de colores de ladrillo cara vista de fachada. (2012)"},"content":{"rendered":"<p>Infograf\u00edas del futuro aspecto de la Casa V\u00e1zquez con los colores blanco ibiza y flaseado negro elegidos.<br \/>\nArquitecto: V\u00edctor Garc\u00eda Trejo.<\/p>\n<div class=\"separator\" style=\"clear: both; text-align: center;\"><a href=\"http:\/\/3.bp.blogspot.com\/-AoL88U_X9u4\/TxbB4nr_gmI\/AAAAAAAADDw\/yqP-Ynd7I2w\/s1600\/Montaje+01-+ladrillo+blanco.jpg\" imageanchor=\"1\" style=\"margin-left: 1em; margin-right: 1em;\"><img loading=\"lazy\" decoding=\"async\" border=\"0\" height=\"400\" src=\"https:\/\/www.faq-arquitectura.com\/wp-content\/uploads\/2012\/01\/Montaje-01-ladrillo-blanco.jpg\" width=\"298\" \/><\/a><\/div>\n<div style=\"text-align: center;\">&nbsp;<a href=\"http:\/\/2.bp.blogspot.com\/-aoorNPBdZxc\/TxbB57A7zJI\/AAAAAAAADD4\/TQ9eMimzoEY\/s1600\/Montaje+04-ladrillo+blanco.jpg\" imageanchor=\"1\" style=\"margin-left: 1em; margin-right: 1em; text-align: center;\"><img loading=\"lazy\" decoding=\"async\" border=\"0\" height=\"400\" src=\"https:\/\/www.faq-arquitectura.com\/wp-content\/uploads\/2012\/01\/Montaje-04-ladrillo-blanco.jpg\" width=\"298\" \/><\/a><\/div>\n<div class=\"separator\" style=\"clear: both; text-align: center;\"><\/div>\n<div class=\"separator\" style=\"background-color: white; clear: both; color: #444444; font-family: Arial, Tahoma, Helvetica, FreeSans, sans-serif; line-height: 18px; text-align: justify;\">Enlaces relacionados:<\/div>\n<div class=\"separator\" style=\"background-color: white; clear: both; color: #444444; line-height: 18px; text-align: justify;\"><a href=\"http:\/\/faq-arquitectura.blogspot.com\/2011\/11\/casa-vazquez-tercera-planta-2011.html#links\" style=\"line-height: normal; text-align: left;\">FAQ arquitectura: Casa V\u00e1zquez. Tercera Planta. (2011)<\/a> <\/div>\n<div class=\"separator\" style=\"background-color: white; clear: both; color: #444444; font-family: Arial, Tahoma, Helvetica, FreeSans, sans-serif; line-height: 18px; text-align: justify;\"><a href=\"http:\/\/faq-arquitectura.blogspot.com\/2011\/10\/casa-vazquez-segunda-planta-2010.html#links\" style=\"color: #4d469c; line-height: normal; text-align: left; text-decoration: none;\">FAQ arquitectura: Casa V\u00e1zquez. Segunda Planta. (2011)<\/a><\/div>\n<div class=\"separator\" style=\"background-color: white; clear: both; color: #444444; font-family: Arial, Tahoma, Helvetica, FreeSans, sans-serif; line-height: 18px; text-align: justify;\"><a href=\"http:\/\/faq-arquitectura.blogspot.com\/2011\/10\/casa-vazquez-primera-planta.html#links\" style=\"color: #5c886c; text-decoration: none;\">FAQ arquitectura: Casa V\u00e1zquez. Primera planta. (2011)<\/a><\/div>\n<div class=\"separator\" style=\"background-color: white; clear: both; color: #444444; font-family: Arial, Tahoma, Helvetica, FreeSans, sans-serif; line-height: 18px; text-align: justify;\"><a href=\"http:\/\/faq-arquitectura.blogspot.com\/2011\/09\/casa-vazquez-obra.html#links\" style=\"color: #5c886c; font-family: Arial, Helvetica, sans-serif; text-align: -webkit-auto; text-decoration: none;\">FAQ arquitectura: Casa V\u00e1zquez. Obra<\/a>.<\/div>\n<div class=\"separator\" style=\"background-color: white; clear: both; color: #444444; font-family: Arial, Tahoma, Helvetica, FreeSans, sans-serif; line-height: 18px; text-align: justify;\"><a href=\"https:\/\/www.faq-arquitectura.com\/index.php\/2010\/12\/21\/edificio-para-tres-viviendas-y-garaje\/\" style=\"color: #5c886c; text-decoration: none;\">FAQ arquitectura: Edificio para tres viviendas y garaje. Sevilla. (2010)<\/a><\/div>\n<p><\/p>\n<div class=\"separator\" style=\"clear: both; text-align: justify;\"><a href=\"http:\/\/faq-arquitectura.blogspot.com\/2011\/06\/comienzo-de-los-trabajos-de-la-casa.html#links\" style=\"color: #5c886c; text-decoration: none;\">FAQ arquitectura: Comienzo de los trabajos de la Casa V\u00e1zquez<\/a><\/div>\n","protected":false},"excerpt":{"rendered":"<p>Infograf\u00edas del futuro aspecto de la Casa V\u00e1zquez con los colores blanco ibiza y flaseado negro elegidos. Arquitecto: V\u00edctor Garc\u00eda Trejo. &nbsp; Enlaces relacionados: FAQ arquitectura: Casa V\u00e1zquez. Tercera Planta. (2011) FAQ arquitectura: Casa V\u00e1zquez. Segunda Planta. (2011) FAQ arquitectura: Casa V\u00e1zquez. Primera planta. (2011) FAQ arquitectura: Casa V\u00e1zquez. Obra. FAQ arquitectura: Edificio para tres [&hellip;]<\/p>\n","protected":false},"author":1,"featured_media":1451,"comment_status":"closed","ping_status":"closed","sticky":false,"template":"","format":"standard","meta":{"footnotes":""},"categories":[1],"tags":[6,9,10,12],"class_list":["post-1013","post","type-post","status-publish","format-standard","has-post-thumbnail","hentry","category-sin-categoria","tag-arquitecto","tag-obra","tag-proyecto","tag-vivienda"],"yoast_head":"<!-- This site is optimized with the Yoast SEO plugin v23.5 - https:\/\/yoast.com\/wordpress\/plugins\/seo\/ -->\n<title>Casa V\u00e1zquez. Elecci\u00f3n de colores de ladrillo cara vista de fachada. (2012) - FAQ arquitectura<\/title>\n<meta name=\"robots\" content=\"index, follow, max-snippet:-1, max-image-preview:large, max-video-preview:-1\" \/>\n<link rel=\"canonical\" href=\"https:\/\/www.faq-arquitectura.com\/index.php\/2012\/01\/18\/casa-vazquez-eleccion-de-colores-de\/\" \/>\n<meta property=\"og:locale\" content=\"es_ES\" \/>\n<meta property=\"og:type\" content=\"article\" \/>\n<meta property=\"og:title\" content=\"Casa V\u00e1zquez. Elecci\u00f3n de colores de ladrillo cara vista de fachada. (2012) - FAQ arquitectura\" \/>\n<meta property=\"og:description\" content=\"Infograf\u00edas del futuro aspecto de la Casa V\u00e1zquez con los colores blanco ibiza y flaseado negro elegidos. Arquitecto: V\u00edctor Garc\u00eda Trejo. &nbsp; Enlaces relacionados: FAQ arquitectura: Casa V\u00e1zquez. Tercera Planta. (2011) FAQ arquitectura: Casa V\u00e1zquez. Segunda Planta. (2011) FAQ arquitectura: Casa V\u00e1zquez. Primera planta. (2011) FAQ arquitectura: Casa V\u00e1zquez. Obra. FAQ arquitectura: Edificio para tres [&hellip;]\" \/>\n<meta property=\"og:url\" content=\"https:\/\/www.faq-arquitectura.com\/index.php\/2012\/01\/18\/casa-vazquez-eleccion-de-colores-de\/\" \/>\n<meta property=\"og:site_name\" content=\"FAQ arquitectura\" \/>\n<meta property=\"article:publisher\" content=\"https:\/\/www.facebook.com\/FAQarquitectura\/\" \/>\n<meta property=\"article:published_time\" content=\"2012-01-18T12:59:00+00:00\" \/>\n<meta property=\"article:modified_time\" content=\"2016-09-21T17:47:31+00:00\" \/>\n<meta property=\"og:image\" content=\"https:\/\/www.faq-arquitectura.com\/wp-content\/uploads\/2012\/01\/Montaje-01-ladrillo-blanco.jpg\" \/>\n\t<meta property=\"og:image:width\" content=\"300\" \/>\n\t<meta property=\"og:image:height\" content=\"400\" \/>\n\t<meta property=\"og:image:type\" content=\"image\/jpeg\" \/>\n<meta name=\"author\" content=\"FAQarquitectura\" \/>\n<meta name=\"twitter:card\" content=\"summary_large_image\" \/>\n<meta name=\"twitter:creator\" content=\"@FAQarquitectura\" \/>\n<meta name=\"twitter:site\" content=\"@FAQarquitectura\" \/>\n<meta name=\"twitter:label1\" content=\"Escrito por\" \/>\n\t<meta name=\"twitter:data1\" content=\"FAQarquitectura\" \/>\n<script type=\"application\/ld+json\" class=\"yoast-schema-graph\">{\"@context\":\"https:\/\/schema.org\",\"@graph\":[{\"@type\":\"Article\",\"@id\":\"https:\/\/www.faq-arquitectura.com\/index.php\/2012\/01\/18\/casa-vazquez-eleccion-de-colores-de\/#article\",\"isPartOf\":{\"@id\":\"https:\/\/www.faq-arquitectura.com\/index.php\/2012\/01\/18\/casa-vazquez-eleccion-de-colores-de\/\"},\"author\":{\"name\":\"FAQarquitectura\",\"@id\":\"https:\/\/www.faq-arquitectura.com\/#\/schema\/person\/cd6aa407b3379cabf347d5d886448860\"},\"headline\":\"Casa V\u00e1zquez. Elecci\u00f3n de colores de ladrillo cara vista de fachada. (2012)\",\"datePublished\":\"2012-01-18T12:59:00+00:00\",\"dateModified\":\"2016-09-21T17:47:31+00:00\",\"mainEntityOfPage\":{\"@id\":\"https:\/\/www.faq-arquitectura.com\/index.php\/2012\/01\/18\/casa-vazquez-eleccion-de-colores-de\/\"},\"wordCount\":88,\"publisher\":{\"@id\":\"https:\/\/www.faq-arquitectura.com\/#organization\"},\"image\":{\"@id\":\"https:\/\/www.faq-arquitectura.com\/index.php\/2012\/01\/18\/casa-vazquez-eleccion-de-colores-de\/#primaryimage\"},\"thumbnailUrl\":\"https:\/\/www.faq-arquitectura.com\/wp-content\/uploads\/2012\/01\/Montaje-01-ladrillo-blanco.jpg\",\"keywords\":[\"Arquitecto\",\"Obra\",\"Proyecto\",\"Vivienda\"],\"inLanguage\":\"es\"},{\"@type\":\"WebPage\",\"@id\":\"https:\/\/www.faq-arquitectura.com\/index.php\/2012\/01\/18\/casa-vazquez-eleccion-de-colores-de\/\",\"url\":\"https:\/\/www.faq-arquitectura.com\/index.php\/2012\/01\/18\/casa-vazquez-eleccion-de-colores-de\/\",\"name\":\"Casa V\u00e1zquez. Elecci\u00f3n de colores de ladrillo cara vista de fachada. (2012) - FAQ arquitectura\",\"isPartOf\":{\"@id\":\"https:\/\/www.faq-arquitectura.com\/#website\"},\"primaryImageOfPage\":{\"@id\":\"https:\/\/www.faq-arquitectura.com\/index.php\/2012\/01\/18\/casa-vazquez-eleccion-de-colores-de\/#primaryimage\"},\"image\":{\"@id\":\"https:\/\/www.faq-arquitectura.com\/index.php\/2012\/01\/18\/casa-vazquez-eleccion-de-colores-de\/#primaryimage\"},\"thumbnailUrl\":\"https:\/\/www.faq-arquitectura.com\/wp-content\/uploads\/2012\/01\/Montaje-01-ladrillo-blanco.jpg\",\"datePublished\":\"2012-01-18T12:59:00+00:00\",\"dateModified\":\"2016-09-21T17:47:31+00:00\",\"breadcrumb\":{\"@id\":\"https:\/\/www.faq-arquitectura.com\/index.php\/2012\/01\/18\/casa-vazquez-eleccion-de-colores-de\/#breadcrumb\"},\"inLanguage\":\"es\",\"potentialAction\":[{\"@type\":\"ReadAction\",\"target\":[\"https:\/\/www.faq-arquitectura.com\/index.php\/2012\/01\/18\/casa-vazquez-eleccion-de-colores-de\/\"]}]},{\"@type\":\"ImageObject\",\"inLanguage\":\"es\",\"@id\":\"https:\/\/www.faq-arquitectura.com\/index.php\/2012\/01\/18\/casa-vazquez-eleccion-de-colores-de\/#primaryimage\",\"url\":\"https:\/\/www.faq-arquitectura.com\/wp-content\/uploads\/2012\/01\/Montaje-01-ladrillo-blanco.jpg\",\"contentUrl\":\"https:\/\/www.faq-arquitectura.com\/wp-content\/uploads\/2012\/01\/Montaje-01-ladrillo-blanco.jpg\",\"width\":300,\"height\":400},{\"@type\":\"BreadcrumbList\",\"@id\":\"https:\/\/www.faq-arquitectura.com\/index.php\/2012\/01\/18\/casa-vazquez-eleccion-de-colores-de\/#breadcrumb\",\"itemListElement\":[{\"@type\":\"ListItem\",\"position\":1,\"name\":\"Portada\",\"item\":\"https:\/\/www.faq-arquitectura.com\/\"},{\"@type\":\"ListItem\",\"position\":2,\"name\":\"Casa V\u00e1zquez. Elecci\u00f3n de colores de ladrillo cara vista de fachada. (2012)\"}]},{\"@type\":\"WebSite\",\"@id\":\"https:\/\/www.faq-arquitectura.com\/#website\",\"url\":\"https:\/\/www.faq-arquitectura.com\/\",\"name\":\"FAQ arquitectura\",\"description\":\"Estudio de arquitectura\",\"publisher\":{\"@id\":\"https:\/\/www.faq-arquitectura.com\/#organization\"},\"potentialAction\":[{\"@type\":\"SearchAction\",\"target\":{\"@type\":\"EntryPoint\",\"urlTemplate\":\"https:\/\/www.faq-arquitectura.com\/?s={search_term_string}\"},\"query-input\":{\"@type\":\"PropertyValueSpecification\",\"valueRequired\":true,\"valueName\":\"search_term_string\"}}],\"inLanguage\":\"es\"},{\"@type\":\"Organization\",\"@id\":\"https:\/\/www.faq-arquitectura.com\/#organization\",\"name\":\"FAQ arquitectura\",\"url\":\"https:\/\/www.faq-arquitectura.com\/\",\"logo\":{\"@type\":\"ImageObject\",\"inLanguage\":\"es\",\"@id\":\"https:\/\/www.faq-arquitectura.com\/#\/schema\/logo\/image\/\",\"url\":\"http:\/\/www.faq-arquitectura.com\/wp-content\/uploads\/2017\/02\/LOGO-FAQ-2017.png\",\"contentUrl\":\"http:\/\/www.faq-arquitectura.com\/wp-content\/uploads\/2017\/02\/LOGO-FAQ-2017.png\",\"width\":875,\"height\":246,\"caption\":\"FAQ arquitectura\"},\"image\":{\"@id\":\"https:\/\/www.faq-arquitectura.com\/#\/schema\/logo\/image\/\"},\"sameAs\":[\"https:\/\/www.facebook.com\/FAQarquitectura\/\",\"https:\/\/x.com\/FAQarquitectura\",\"https:\/\/www.instagram.com\/faqarquitectura\/\",\"https:\/\/www.linkedin.com\/company\/faq-arquitectura\",\"https:\/\/es.pinterest.com\/faqarquitectura\/\"]},{\"@type\":\"Person\",\"@id\":\"https:\/\/www.faq-arquitectura.com\/#\/schema\/person\/cd6aa407b3379cabf347d5d886448860\",\"name\":\"FAQarquitectura\",\"image\":{\"@type\":\"ImageObject\",\"inLanguage\":\"es\",\"@id\":\"https:\/\/www.faq-arquitectura.com\/#\/schema\/person\/image\/\",\"url\":\"https:\/\/secure.gravatar.com\/avatar\/71517ce7f24f89166314c7a1ebcbc2c0?s=96&d=mm&r=g\",\"contentUrl\":\"https:\/\/secure.gravatar.com\/avatar\/71517ce7f24f89166314c7a1ebcbc2c0?s=96&d=mm&r=g\",\"caption\":\"FAQarquitectura\"},\"url\":\"https:\/\/www.faq-arquitectura.com\/index.php\/author\/faq2016\/\"}]}<\/script>\n<!-- \/ Yoast SEO plugin. -->","yoast_head_json":{"title":"Casa V\u00e1zquez. Elecci\u00f3n de colores de ladrillo cara vista de fachada. (2012) - FAQ arquitectura","robots":{"index":"index","follow":"follow","max-snippet":"max-snippet:-1","max-image-preview":"max-image-preview:large","max-video-preview":"max-video-preview:-1"},"canonical":"https:\/\/www.faq-arquitectura.com\/index.php\/2012\/01\/18\/casa-vazquez-eleccion-de-colores-de\/","og_locale":"es_ES","og_type":"article","og_title":"Casa V\u00e1zquez. Elecci\u00f3n de colores de ladrillo cara vista de fachada. (2012) - FAQ arquitectura","og_description":"Infograf\u00edas del futuro aspecto de la Casa V\u00e1zquez con los colores blanco ibiza y flaseado negro elegidos. Arquitecto: V\u00edctor Garc\u00eda Trejo. &nbsp; Enlaces relacionados: FAQ arquitectura: Casa V\u00e1zquez. Tercera Planta. (2011) FAQ arquitectura: Casa V\u00e1zquez. Segunda Planta. (2011) FAQ arquitectura: Casa V\u00e1zquez. Primera planta. (2011) FAQ arquitectura: Casa V\u00e1zquez. Obra. FAQ arquitectura: Edificio para tres [&hellip;]","og_url":"https:\/\/www.faq-arquitectura.com\/index.php\/2012\/01\/18\/casa-vazquez-eleccion-de-colores-de\/","og_site_name":"FAQ arquitectura","article_publisher":"https:\/\/www.facebook.com\/FAQarquitectura\/","article_published_time":"2012-01-18T12:59:00+00:00","article_modified_time":"2016-09-21T17:47:31+00:00","og_image":[{"width":300,"height":400,"url":"https:\/\/www.faq-arquitectura.com\/wp-content\/uploads\/2012\/01\/Montaje-01-ladrillo-blanco.jpg","type":"image\/jpeg"}],"author":"FAQarquitectura","twitter_card":"summary_large_image","twitter_creator":"@FAQarquitectura","twitter_site":"@FAQarquitectura","twitter_misc":{"Escrito por":"FAQarquitectura"},"schema":{"@context":"https:\/\/schema.org","@graph":[{"@type":"Article","@id":"https:\/\/www.faq-arquitectura.com\/index.php\/2012\/01\/18\/casa-vazquez-eleccion-de-colores-de\/#article","isPartOf":{"@id":"https:\/\/www.faq-arquitectura.com\/index.php\/2012\/01\/18\/casa-vazquez-eleccion-de-colores-de\/"},"author":{"name":"FAQarquitectura","@id":"https:\/\/www.faq-arquitectura.com\/#\/schema\/person\/cd6aa407b3379cabf347d5d886448860"},"headline":"Casa V\u00e1zquez. Elecci\u00f3n de colores de ladrillo cara vista de fachada. (2012)","datePublished":"2012-01-18T12:59:00+00:00","dateModified":"2016-09-21T17:47:31+00:00","mainEntityOfPage":{"@id":"https:\/\/www.faq-arquitectura.com\/index.php\/2012\/01\/18\/casa-vazquez-eleccion-de-colores-de\/"},"wordCount":88,"publisher":{"@id":"https:\/\/www.faq-arquitectura.com\/#organization"},"image":{"@id":"https:\/\/www.faq-arquitectura.com\/index.php\/2012\/01\/18\/casa-vazquez-eleccion-de-colores-de\/#primaryimage"},"thumbnailUrl":"https:\/\/www.faq-arquitectura.com\/wp-content\/uploads\/2012\/01\/Montaje-01-ladrillo-blanco.jpg","keywords":["Arquitecto","Obra","Proyecto","Vivienda"],"inLanguage":"es"},{"@type":"WebPage","@id":"https:\/\/www.faq-arquitectura.com\/index.php\/2012\/01\/18\/casa-vazquez-eleccion-de-colores-de\/","url":"https:\/\/www.faq-arquitectura.com\/index.php\/2012\/01\/18\/casa-vazquez-eleccion-de-colores-de\/","name":"Casa V\u00e1zquez. Elecci\u00f3n de colores de ladrillo cara vista de fachada. (2012) - FAQ arquitectura","isPartOf":{"@id":"https:\/\/www.faq-arquitectura.com\/#website"},"primaryImageOfPage":{"@id":"https:\/\/www.faq-arquitectura.com\/index.php\/2012\/01\/18\/casa-vazquez-eleccion-de-colores-de\/#primaryimage"},"image":{"@id":"https:\/\/www.faq-arquitectura.com\/index.php\/2012\/01\/18\/casa-vazquez-eleccion-de-colores-de\/#primaryimage"},"thumbnailUrl":"https:\/\/www.faq-arquitectura.com\/wp-content\/uploads\/2012\/01\/Montaje-01-ladrillo-blanco.jpg","datePublished":"2012-01-18T12:59:00+00:00","dateModified":"2016-09-21T17:47:31+00:00","breadcrumb":{"@id":"https:\/\/www.faq-arquitectura.com\/index.php\/2012\/01\/18\/casa-vazquez-eleccion-de-colores-de\/#breadcrumb"},"inLanguage":"es","potentialAction":[{"@type":"ReadAction","target":["https:\/\/www.faq-arquitectura.com\/index.php\/2012\/01\/18\/casa-vazquez-eleccion-de-colores-de\/"]}]},{"@type":"ImageObject","inLanguage":"es","@id":"https:\/\/www.faq-arquitectura.com\/index.php\/2012\/01\/18\/casa-vazquez-eleccion-de-colores-de\/#primaryimage","url":"https:\/\/www.faq-arquitectura.com\/wp-content\/uploads\/2012\/01\/Montaje-01-ladrillo-blanco.jpg","contentUrl":"https:\/\/www.faq-arquitectura.com\/wp-content\/uploads\/2012\/01\/Montaje-01-ladrillo-blanco.jpg","width":300,"height":400},{"@type":"BreadcrumbList","@id":"https:\/\/www.faq-arquitectura.com\/index.php\/2012\/01\/18\/casa-vazquez-eleccion-de-colores-de\/#breadcrumb","itemListElement":[{"@type":"ListItem","position":1,"name":"Portada","item":"https:\/\/www.faq-arquitectura.com\/"},{"@type":"ListItem","position":2,"name":"Casa V\u00e1zquez. Elecci\u00f3n de colores de ladrillo cara vista de fachada. (2012)"}]},{"@type":"WebSite","@id":"https:\/\/www.faq-arquitectura.com\/#website","url":"https:\/\/www.faq-arquitectura.com\/","name":"FAQ arquitectura","description":"Estudio de arquitectura","publisher":{"@id":"https:\/\/www.faq-arquitectura.com\/#organization"},"potentialAction":[{"@type":"SearchAction","target":{"@type":"EntryPoint","urlTemplate":"https:\/\/www.faq-arquitectura.com\/?s={search_term_string}"},"query-input":{"@type":"PropertyValueSpecification","valueRequired":true,"valueName":"search_term_string"}}],"inLanguage":"es"},{"@type":"Organization","@id":"https:\/\/www.faq-arquitectura.com\/#organization","name":"FAQ arquitectura","url":"https:\/\/www.faq-arquitectura.com\/","logo":{"@type":"ImageObject","inLanguage":"es","@id":"https:\/\/www.faq-arquitectura.com\/#\/schema\/logo\/image\/","url":"http:\/\/www.faq-arquitectura.com\/wp-content\/uploads\/2017\/02\/LOGO-FAQ-2017.png","contentUrl":"http:\/\/www.faq-arquitectura.com\/wp-content\/uploads\/2017\/02\/LOGO-FAQ-2017.png","width":875,"height":246,"caption":"FAQ arquitectura"},"image":{"@id":"https:\/\/www.faq-arquitectura.com\/#\/schema\/logo\/image\/"},"sameAs":["https:\/\/www.facebook.com\/FAQarquitectura\/","https:\/\/x.com\/FAQarquitectura","https:\/\/www.instagram.com\/faqarquitectura\/","https:\/\/www.linkedin.com\/company\/faq-arquitectura","https:\/\/es.pinterest.com\/faqarquitectura\/"]},{"@type":"Person","@id":"https:\/\/www.faq-arquitectura.com\/#\/schema\/person\/cd6aa407b3379cabf347d5d886448860","name":"FAQarquitectura","image":{"@type":"ImageObject","inLanguage":"es","@id":"https:\/\/www.faq-arquitectura.com\/#\/schema\/person\/image\/","url":"https:\/\/secure.gravatar.com\/avatar\/71517ce7f24f89166314c7a1ebcbc2c0?s=96&d=mm&r=g","contentUrl":"https:\/\/secure.gravatar.com\/avatar\/71517ce7f24f89166314c7a1ebcbc2c0?s=96&d=mm&r=g","caption":"FAQarquitectura"},"url":"https:\/\/www.faq-arquitectura.com\/index.php\/author\/faq2016\/"}]}},"_links":{"self":[{"href":"https:\/\/www.faq-arquitectura.com\/index.php\/wp-json\/wp\/v2\/posts\/1013"}],"collection":[{"href":"https:\/\/www.faq-arquitectura.com\/index.php\/wp-json\/wp\/v2\/posts"}],"about":[{"href":"https:\/\/www.faq-arquitectura.com\/index.php\/wp-json\/wp\/v2\/types\/post"}],"author":[{"embeddable":true,"href":"https:\/\/www.faq-arquitectura.com\/index.php\/wp-json\/wp\/v2\/users\/1"}],"replies":[{"embeddable":true,"href":"https:\/\/www.faq-arquitectura.com\/index.php\/wp-json\/wp\/v2\/comments?post=1013"}],"version-history":[{"count":2,"href":"https:\/\/www.faq-arquitectura.com\/index.php\/wp-json\/wp\/v2\/posts\/1013\/revisions"}],"predecessor-version":[{"id":1649,"href":"https:\/\/www.faq-arquitectura.com\/index.php\/wp-json\/wp\/v2\/posts\/1013\/revisions\/1649"}],"wp:featuredmedia":[{"embeddable":true,"href":"https:\/\/www.faq-arquitectura.com\/index.php\/wp-json\/wp\/v2\/media\/1451"}],"wp:attachment":[{"href":"https:\/\/www.faq-arquitectura.com\/index.php\/wp-json\/wp\/v2\/media?parent=1013"}],"wp:term":[{"taxonomy":"category","embeddable":true,"href":"https:\/\/www.faq-arquitectura.com\/index.php\/wp-json\/wp\/v2\/categories?post=1013"},{"taxonomy":"post_tag","embeddable":true,"href":"https:\/\/www.faq-arquitectura.com\/index.php\/wp-json\/wp\/v2\/tags?post=1013"}],"curies":[{"name":"wp","href":"https:\/\/api.w.org\/{rel}","templated":true}]}}